{"id":9944,"date":"2021-10-06T22:28:07","date_gmt":"2021-10-06T20:28:07","guid":{"rendered":"https:\/\/www.czechcyclingfederation.com\/?p=9944"},"modified":"2021-10-06T22:37:15","modified_gmt":"2021-10-06T20:37:15","slug":"wagner-osmy-na-me-na-kilometru","status":"publish","type":"post","link":"https:\/\/www.czechcyclingfederation.com\/en\/wagner-osmy-na-me-na-kilometru\/","title":{"rendered":"Wagner osm\u00fd na ME na kilometru"},"content":{"rendered":"\n<p>Nejlep\u0161\u00edm \u010desk\u00fdm v\u00fdsledkem druh\u00e9ho dne evropsk\u00e9ho dr\u00e1hov\u00e9ho \u0161ampion\u00e1tu ve \u0161v\u00fdcarsk\u00e9m Grenchemu bylo osm\u00e9 m\u00edsto Robina Wagnera v z\u00e1vodu na 1 km s pevn\u00fdm startem. Ve stejn\u00e9 discipl\u00edn\u011b obsadil Tom\u00e1\u0161 B\u00e1bek dvan\u00e1ctou p\u0159\u00ed\u010dku, p\u0159i\u010dem\u017e obhajoval lo\u0148sk\u00fd titul z Plovdivu.<\/p>\n\n\n\n<p>Ve sprintu \u017een zajela Veronika Jaborn\u00edkov\u00e1 v kvalifikaci t\u0159in\u00e1ct\u00fd \u010das a to j\u00ed do prvn\u00ed j\u00edzdy p\u0159i\u0159adilo Ukrajinku Olgu Starikovou, kter\u00e1 byla nad jej\u00ed s\u00edly a \u010deskou z\u00e1vodnici vy\u0159adila. Ve vylu\u010dovac\u00edm z\u00e1vodu obsadila Petra \u0160ev\u010d\u00edkov\u00e1 jeden\u00e1ctou pozici, kdy\u017e po nezavin\u011bn\u00e9m p\u00e1du byla z dr\u00e1hy odnesena na nos\u00edtk\u00e1ch.<\/p>\n\n\n\n<p>V\u00fdsledky:<\/p>\n\n\n\n<p>Mu\u017ei:<\/p>\n\n\n\n<p>Bodovac\u00ed z\u00e1vod:<\/p>\n\n\n\n<p>1. Thomas (Fr.) 81, 2. Leitao (Port.) 61, 3. \u0160i\u0161kon (Rus.) 57, &#8230;13. Pietrula (\u010cR) -58.<\/p>\n\n\n\n<p>1 km s pevn\u00fdm startem:<\/p>\n\n\n\n<p>1. Hoogland 58,016, 2. Ligtlee (oba Niz.) 59,770, 3. Rajkowski (Pol.) 59,890, &#8230;8. Wagner 1:01,337, 12. B\u00e1bek (oba \u010cR).<\/p>\n\n\n\n<p>St\u00edhac\u00ed z\u00e1vod dru\u017estev:<\/p>\n\n\n\n<p>Fin\u00e1le: D\u00e1nsko (Bevord, Hansen, Malmberg, Pedersen) 3:51,382 &#8211; \u0160v\u00fdcarsko \u00a0(Imhof, Thiebaud, Vitzthum, Vogel)3:52,646, o 3. m\u00edsto: Brit\u00e1nie (Britton, Tanfield, Tidball, Wood) 3:55,595, &#8211; N\u011bmecko 3:55,617.<\/p>\n\n\n\n<p>\u017deny:<\/p>\n\n\n\n<p>Vylu\u010dovac\u00ed z\u00e1vod:<\/p>\n\n\n\n<p>1. Fortinov\u00e1 (Fr.), 2. Paternosterov\u00e1 (It.), 3. Evansov\u00e1 (Brit.), &#8230;11. \u0160ev\u010d\u00edkov\u00e1 (\u010cR).<\/p>\n\n\n\n<p>St\u00edhac\u00ed z\u00e1vod dru\u017estev:<\/p>\n\n\n\n<p>Fin\u00e1le: N\u011bmecko (Brausseov\u00e1, Brennauerov\u00e1, Krogerov\u00e1, S\u00fcsselmilchov\u00e1) 4:13,489 &#8211; It\u00e1lie (Alziniov\u00e1, Barbieriov\u00e1, Fidanzaov\u00e1, Zanardiov\u00e1  4:20,923, o 3. m\u00edsto: Irsko (Griffinov\u00e1, Kayov\u00e1, Murphyov\u00e1, Sharpeov\u00e1) 4:21,264 &#8211; Brit\u00e1nie 4:24,904.<\/p>\n\n\n\n<p>FOTO Petr Klime\u0161<\/p>\n","protected":false},"excerpt":{"rendered":"<p>Nejlep\u0161\u00edm \u010desk\u00fdm v\u00fdsledkem druh\u00e9ho dne evropsk\u00e9ho dr\u00e1hov\u00e9ho \u0161ampion\u00e1tu ve \u0161v\u00fdcarsk\u00e9m Grenchemu bylo osm\u00e9 m\u00edsto Robina Wagnera v z\u00e1vodu na 1 km s pevn\u00fdm startem. Ve stejn\u00e9 discipl\u00edn\u011b obsadil Tom\u00e1\u0161 B\u00e1bek dvan\u00e1ctou p\u0159\u00ed\u010dku, p\u0159i\u010dem\u017e obhajoval lo\u0148sk\u00fd titul z Plovdivu. Ve sprintu \u017een zajela Veronika Jaborn\u00edkov\u00e1 v kvalifikaci t\u0159in\u00e1ct\u00fd \u010das a to j\u00ed do prvn\u00ed j\u00edzdy p\u0159i\u0159adilo [&hellip;]<\/p>\n","protected":false},"author":8,"featured_media":9945,"comment_status":"closed","ping_status":"open","sticky":false,"template":"","format":"standard","meta":{"footnotes":""},"categories":[54,2,103],"tags":[9],"class_list":["post-9944","post","type-post","status-publish","format-standard","has-post-thumbnail","hentry","category-draha","category-novinky","category-reprezentace","tag-draha"],"_links":{"self":[{"href":"https:\/\/www.czechcyclingfederation.com\/en\/wp-json\/wp\/v2\/posts\/9944","targetHints":{"allow":["GET"]}}],"collection":[{"href":"https:\/\/www.czechcyclingfederation.com\/en\/wp-json\/wp\/v2\/posts"}],"about":[{"href":"https:\/\/www.czechcyclingfederation.com\/en\/wp-json\/wp\/v2\/types\/post"}],"author":[{"embeddable":true,"href":"https:\/\/www.czechcyclingfederation.com\/en\/wp-json\/wp\/v2\/users\/8"}],"replies":[{"embeddable":true,"href":"https:\/\/www.czechcyclingfederation.com\/en\/wp-json\/wp\/v2\/comments?post=9944"}],"version-history":[{"count":2,"href":"https:\/\/www.czechcyclingfederation.com\/en\/wp-json\/wp\/v2\/posts\/9944\/revisions"}],"predecessor-version":[{"id":9948,"href":"https:\/\/www.czechcyclingfederation.com\/en\/wp-json\/wp\/v2\/posts\/9944\/revisions\/9948"}],"wp:featuredmedia":[{"embeddable":true,"href":"https:\/\/www.czechcyclingfederation.com\/en\/wp-json\/wp\/v2\/media\/9945"}],"wp:attachment":[{"href":"https:\/\/www.czechcyclingfederation.com\/en\/wp-json\/wp\/v2\/media?parent=9944"}],"wp:term":[{"taxonomy":"category","embeddable":true,"href":"https:\/\/www.czechcyclingfederation.com\/en\/wp-json\/wp\/v2\/categories?post=9944"},{"taxonomy":"post_tag","embeddable":true,"href":"https:\/\/www.czechcyclingfederation.com\/en\/wp-json\/wp\/v2\/tags?post=9944"}],"curies":[{"name":"wp","href":"https:\/\/api.w.org\/{rel}","templated":true}]}}