{"id":994,"date":"2020-06-24T10:03:41","date_gmt":"2020-06-24T08:03:41","guid":{"rendered":"http:\/\/www.czechcyclingfederation.com\/?p=994"},"modified":"2020-07-16T13:40:58","modified_gmt":"2020-07-16T11:40:58","slug":"narodni-sampionat-v-maratonu-skoda-auto-dolni-morava-jiz-25-cervence","status":"publish","type":"post","link":"https:\/\/www.czechcyclingfederation.com\/en\/narodni-sampionat-v-maratonu-skoda-auto-dolni-morava-jiz-25-cervence\/","title":{"rendered":"N\u00e1rodn\u00ed \u0161ampion\u00e1t v maratonu \u0160KODA AUTO Doln\u00ed Morava ji\u017e 25. \u010dervence!"},"content":{"rendered":"\n<p>\u0160KODA AUTO Mistrovstv\u00ed \u010cesk\u00e9 republiky v maratonu odstartuje na Doln\u00ed Morav\u011b ji\u017e 25. \u010dervence.<\/p>\n\n\n\n<p>Kolem Kr\u00e1lick\u00e9ho Sn\u011b\u017en\u00edku se cyklist\u00e9 vydaj\u00ed teprve po druh\u00e9, kdy\u017e se loni odehr\u00e1l premi\u00e9rov\u00fd z\u00e1vod v r\u00e1mci seri\u00e1lu NOVA CUP. Tehdy v\u00edce jak stokilometrovou gener\u00e1lku na mistrovstv\u00ed vyhr\u00e1l Marek Rauchfuss.<\/p>\n\n\n\n<p><em>\u201eZ\u00e1vod jsem si maxim\u00e1ln\u011b u\u017e\u00edval a kolikr\u00e1t jsme si ka\u017ed\u00fd z kluk\u016f, co jsme jeli, pro\u0161li n\u011bjakou kriz\u00ed. M\u011b se stra\u0161n\u011b l\u00edbily traily p\u0159es \u010desko-polsk\u00e9 hranice. To byla bomba! \u0160koda, \u017ee to nen\u00ed z\u00e1vod v UCI s\u00e9rii, proto\u017ee ta n\u00e1ro\u010dnost je fakt brut\u00e1ln\u00ed,\u201d<\/em>&nbsp;komentoval tehdy z\u00e1vod \u0160KODA AUTO Doln\u00ed Morava v roce 2019 v\u00edt\u011bz Marek Rauchfuss.&nbsp;<\/p>\n\n\n\n<p><em>\u201cTady v \u010cech\u00e1ch si trouf\u00e1m \u0159\u00edct, \u017ee nic podobn\u00e9ho nen\u00ed, proto\u017ee ty kopce jsou dlouh\u00e9 a t\u011b\u017ek\u00e9,\u201d&nbsp;<\/em>zd\u016fraznil po z\u00e1vod\u011b Filip Adel.<\/p>\n\n\n\n<p>Pr\u00e1v\u011b Filip Adel m\u00e1 do sez\u00f3ny skv\u011ble na\u0161l\u00e1pnuto, kdy\u017e zv\u00edt\u011bzil v \u010dervnov\u00e9m z\u00e1vod\u011b Extr\u00e9m Bike Most, tedy v \u00favodn\u00edm maratonsk\u00e9m poh\u00e1ru, kter\u00fd se jede jako \u0160KODA AUTO \u010cesk\u00fd poh\u00e1r v maratonu.&nbsp;<\/p>\n\n\n\n<p>P\u016fvodn\u00ed trasa z\u00e1vodu na Doln\u00ed Morav\u011b se v n\u011bkter\u00fdch detailech li\u0161\u00ed. Velk\u00e9 zm\u011bny zaznamenala Niceboy j\u00edzda, respektive trasa B.&nbsp;<\/p>\n\n\n\n<p><em>\u201cNiceboy j\u00edzda je na rozd\u00edl od minul\u00e9ho roku technicky zleh\u010den\u00e1, odbyly extr\u00e9mn\u00ed \u00faseky jako jsou v\u00fdjezdy a sjezdy. Z \u00favodu trasy jsme tak\u00e9 vynechali v\u00fdjezd ke Stezce v oblac\u00edch a n\u00e1ro\u010dn\u00fd trail kolem Klep\u00e1\u010de. Trasa bude z\u00e1bavn\u00e1 a hrav\u00e1,\u201d&nbsp;<\/em>p\u0159ibli\u017euje designov\u00e9 zm\u011bny trasy V\u00e9na Hornych.<\/p>\n\n\n\n<p><em>\u201cZato Corny j\u00edzda, na kter\u00e9 se jede n\u00e1rodn\u00ed \u0161ampion\u00e1t, bude nefal\u0161ovan\u00fd mountain biking, kter\u00fd \u00fa\u010dastn\u00edci znaj\u00ed jak z NOVA CUPU, tak poh\u00e1rov\u00fdch z\u00e1vod\u016f. Ti si u\u017eij\u00ed prvotn\u00ed v\u00fdjezd ke Stezce v oblac\u00edch, ale i dlouh\u00e9 hrani\u010dn\u00ed traily,\u201d<\/em>&nbsp;uzav\u00edr\u00e1 tras\u00e9r V\u00e9na Hornych.<\/p>\n\n\n\n<p><em>\u201cPo\u010dty osob na jednotliv\u00fdch tras\u00e1ch m\u00e1me omezeny. P\u0159esto neo\u010dek\u00e1v\u00e1me, \u017ee bychom n\u011bkoho na dlouh\u00e9 trase odm\u00edtli. \u00da\u010dast n\u00e1m potvrdil i \u010desk\u00fd \u0161ampi\u00f3n v XCO Ond\u0159ej Cink i vicemistr sv\u011bta v maratonu Kristian Hynek. V\u011b\u0159\u00edme, \u017ee se na startu sejde absolutn\u00ed \u0161pi\u010dka stejn\u011b jako na s\u00e1zavsk\u00e9m z\u00e1vod\u011b,\u201d&nbsp;<\/em>komentuje z organiza\u010dn\u00edho t\u00fdmu NOVA CUPU Filip \u0160vestka.<\/p>\n\n\n\n<p>Sou\u010d\u00e1st\u00ed akce jsou tak\u00e9 d\u011btsk\u00e9 z\u00e1vody do 10 let a Nova j\u00edzda na 16 kilometr\u016f.&nbsp;<\/p>\n\n\n\n<p>V r\u00e1mci doprovodn\u00e9ho programu mohou \u00fa\u010dastn\u00edci vyu\u017e\u00edt m\u00edstn\u00ed atrakce, jako jsou nov\u00e1 Mamut\u00ed horsk\u00e1 dr\u00e1ha, Stezka v oblac\u00edch, vodn\u00ed sv\u011bt, z\u00e1\u017eitkov\u00e9 a adrenalinov\u00e9 parky \u010di jin\u00e9 aktivity.<\/p>\n\n\n\n<p><em>\u201cDoln\u00ed Morava je ide\u00e1ln\u00edm st\u0159ediskem pro rodinnou dovolenou a doporu\u010dujeme tam str\u00e1vit cel\u00fd v\u00edkend. Krom\u011b sobotn\u00edho \u0161ampion\u00e1tu v maratonu se po vzoru lo\u0148sk\u00e9ho mistrovstv\u00ed sv\u011bta v Kanad\u011b v ned\u011bli uskute\u010dn\u00ed prvn\u00ed n\u00e1rodn\u00ed \u0161ampion\u00e1t v e-bike. V\u011b\u0159\u00edme, \u017ee se z\u00fa\u010dastn\u00ed i u\u017e\u0161\u00ed \u010desk\u00e1 z\u00e1vodn\u00ed \u0161pi\u010dka, kter\u00e1 jej bude br\u00e1t jako zaj\u00edmav\u00e9 zpest\u0159en\u00ed cel\u00e9ho z\u00e1vodn\u00edho v\u00edkendu. Z\u00e1vod je vyps\u00e1n pro elitn\u00ed kategorie i pro amat\u00e9ry,\u201d&nbsp;<\/em>p\u0159ibli\u017euje ned\u011bln\u00ed program Filip \u0160vestka.<\/p>\n\n\n\n<p>Ok\u00e1zal\u00e9 budou nejen ceny pro v\u00edt\u011bze. Pro n\u00e1rodn\u00ed \u0161ampionku a \u0161ampiona p\u0159ipravila \u0160KODA AUTO \u010cR prop\u016fj\u010den\u00ed vozu \u0160KODA Octavia na t\u0159i m\u011bs\u00edce. V z\u00e1vod\u011b e-bike z\u00edsk\u00e1 v\u00edt\u011bz a v\u00edt\u011bzka elektrokola zna\u010dky \u0160KODA.&nbsp;&nbsp;<\/p>\n\n\n\n<p>Kompletn\u00ed informace o z\u00e1vod\u011b naleznete na&nbsp;<a href=\"http:\/\/www.novacup.cz\/\">www.novacup.cz<\/a>.<\/p>\n\n\n\n<figure class=\"wp-block-image\"><img loading=\"lazy\" decoding=\"async\" width=\"725\" height=\"1024\" src=\"https:\/\/www.czechcyclingfederation.com\/wp-content\/uploads\/2020\/06\/Plak\u00e1t-\u0160KODA-AUTO-Doln\u00ed-Morava-sm-725x1024.jpg\" alt=\"\" class=\"wp-image-995\" srcset=\"https:\/\/www.czechcyclingfederation.com\/wp-content\/uploads\/2020\/06\/Plak\u00e1t-\u0160KODA-AUTO-Doln\u00ed-Morava-sm-725x1024.jpg 725w, https:\/\/www.czechcyclingfederation.com\/wp-content\/uploads\/2020\/06\/Plak\u00e1t-\u0160KODA-AUTO-Doln\u00ed-Morava-sm-142x200.jpg 142w, https:\/\/www.czechcyclingfederation.com\/wp-content\/uploads\/2020\/06\/Plak\u00e1t-\u0160KODA-AUTO-Doln\u00ed-Morava-sm-768x1085.jpg 768w, https:\/\/www.czechcyclingfederation.com\/wp-content\/uploads\/2020\/06\/Plak\u00e1t-\u0160KODA-AUTO-Doln\u00ed-Morava-sm-1087x1536.jpg 1087w, https:\/\/www.czechcyclingfederation.com\/wp-content\/uploads\/2020\/06\/Plak\u00e1t-\u0160KODA-AUTO-Doln\u00ed-Morava-sm-1320x1866.jpg 1320w, https:\/\/www.czechcyclingfederation.com\/wp-content\/uploads\/2020\/06\/Plak\u00e1t-\u0160KODA-AUTO-Doln\u00ed-Morava-sm.jpg 1449w\" sizes=\"auto, (max-width: 725px) 100vw, 725px\" \/><\/figure>\n","protected":false},"excerpt":{"rendered":"<p>\u0160KODA AUTO Mistrovstv\u00ed \u010cesk\u00e9 republiky v maratonu odstartuje na Doln\u00ed Morav\u011b ji\u017e 25. \u010dervence. Kolem Kr\u00e1lick\u00e9ho Sn\u011b\u017en\u00edku se cyklist\u00e9 vydaj\u00ed teprve po druh\u00e9, kdy\u017e se loni odehr\u00e1l premi\u00e9rov\u00fd z\u00e1vod v r\u00e1mci seri\u00e1lu NOVA CUP. Tehdy v\u00edce jak stokilometrovou gener\u00e1lku na mistrovstv\u00ed vyhr\u00e1l Marek Rauchfuss. \u201eZ\u00e1vod jsem si maxim\u00e1ln\u011b u\u017e\u00edval a kolikr\u00e1t jsme si ka\u017ed\u00fd z [&hellip;]<\/p>\n","protected":false},"author":2,"featured_media":995,"comment_status":"closed","ping_status":"open","sticky":false,"template":"","format":"standard","meta":{"footnotes":""},"categories":[6,2],"tags":[10],"class_list":["post-994","post","type-post","status-publish","format-standard","has-post-thumbnail","hentry","category-mtb","category-novinky","tag-mtb"],"_links":{"self":[{"href":"https:\/\/www.czechcyclingfederation.com\/en\/wp-json\/wp\/v2\/posts\/994","targetHints":{"allow":["GET"]}}],"collection":[{"href":"https:\/\/www.czechcyclingfederation.com\/en\/wp-json\/wp\/v2\/posts"}],"about":[{"href":"https:\/\/www.czechcyclingfederation.com\/en\/wp-json\/wp\/v2\/types\/post"}],"author":[{"embeddable":true,"href":"https:\/\/www.czechcyclingfederation.com\/en\/wp-json\/wp\/v2\/users\/2"}],"replies":[{"embeddable":true,"href":"https:\/\/www.czechcyclingfederation.com\/en\/wp-json\/wp\/v2\/comments?post=994"}],"version-history":[{"count":2,"href":"https:\/\/www.czechcyclingfederation.com\/en\/wp-json\/wp\/v2\/posts\/994\/revisions"}],"predecessor-version":[{"id":1007,"href":"https:\/\/www.czechcyclingfederation.com\/en\/wp-json\/wp\/v2\/posts\/994\/revisions\/1007"}],"wp:featuredmedia":[{"embeddable":true,"href":"https:\/\/www.czechcyclingfederation.com\/en\/wp-json\/wp\/v2\/media\/995"}],"wp:attachment":[{"href":"https:\/\/www.czechcyclingfederation.com\/en\/wp-json\/wp\/v2\/media?parent=994"}],"wp:term":[{"taxonomy":"category","embeddable":true,"href":"https:\/\/www.czechcyclingfederation.com\/en\/wp-json\/wp\/v2\/categories?post=994"},{"taxonomy":"post_tag","embeddable":true,"href":"https:\/\/www.czechcyclingfederation.com\/en\/wp-json\/wp\/v2\/tags?post=994"}],"curies":[{"name":"wp","href":"https:\/\/api.w.org\/{rel}","templated":true}]}}