{"id":9934,"date":"2021-10-05T21:05:14","date_gmt":"2021-10-05T19:05:14","guid":{"rendered":"https:\/\/www.czechcyclingfederation.com\/?p=9934"},"modified":"2021-10-06T00:03:51","modified_gmt":"2021-10-05T22:03:51","slug":"na-uvod-drahoveho-me-nejlepsi-tymovy-sprint","status":"publish","type":"post","link":"https:\/\/www.czechcyclingfederation.com\/en\/na-uvod-drahoveho-me-nejlepsi-tymovy-sprint\/","title":{"rendered":"Na \u00favod dr\u00e1hov\u00e9ho ME nejlep\u0161\u00ed t\u00fdmov\u00fd sprint"},"content":{"rendered":"\n<p>P\u011btice na\u0161ich dr\u00e1ha\u0159\u016f zas\u00e1hla do boj\u016f v \u00favodn\u00edm dnu evropsk\u00e9ho \u0161ampion\u00e1tu ve \u0161v\u00fdcarsk\u00e9m Grenchenu. Nejl\u00e9pe skon\u010dilo trio Martin \u010cechman, Tom\u00e1\u0161 B\u00e1bek a Mat\u011bj Bohusl\u00e1vek v t\u00fdmov\u00e9m sprintu, kdy\u017e obsadilo sedm\u00e9 m\u00edsto. V kvalifikaci zajelo sedm\u00fd \u010das 44,745 kdy\u017e m\u00edsto B\u00e1bka jel Robin Wagner, ale pak v prvn\u00edm kole nesta\u010dilo na Francii. Ta ve slo\u017een\u00ed Timmy Gillion, Rayan Helal a Sebastien Vigier dos\u00e1hla na \u010das 42,958, zat\u00edmco na\u0161i jezdci zajeli 44,474 a t\u00edm pro n\u011b sout\u011b\u017e skon\u010dila a \u010ce\u0161i tak neobh\u00e1jilo lo\u0148sk\u00e9 st\u0159\u00edbro.<\/p>\n\n\n\n<p>Neusp\u011bl Denis Rugovac, kter\u00fd ve vylu\u010dovac\u00edm z\u00e1vodu obsadil 18. m\u00edsto, je\u0161t\u011b o jedno m\u00edsto h\u016f\u0159e byla klasifikov\u00e1na Jarmila Macha\u010dov\u00e1 ve scratchi.&nbsp;<\/p>\n\n\n\n<p>V\u00fdsledky:<\/p>\n\n\n\n<p>Mu\u017ei:<\/p>\n\n\n\n<p>Vylu\u010dovac\u00ed z\u00e1vod:<\/p>\n\n\n\n<p>1. Rostovcev (Rus.), 2. Matia (Port.), 3. Doudat (Ft.), &#8230;18. Rugovac (\u010cR).<\/p>\n\n\n\n<p>T\u00fdmov\u00fd sprint:<\/p>\n\n\n\n<p>Fin\u00e1le: Nizozem\u00ed (van den Berg, Lavreysen, Hoogland) 42,302 &#8211; Francie 44,193, o 3. m\u00edsto: Polsko 43,007 &#8211; Brit\u00e1nie 43,044, &#8230;7. \u010cR (\u010cechman, Wagner, Bohusl\u00e1vek)<\/p>\n\n\n\n<p>\u017deny:<\/p>\n\n\n\n<p>Scratch:<\/p>\n\n\n\n<p>1. Archibaldov\u00e1 (Brit.), 2. Fortinov\u00e1 (Fr.), 3. D. Pikulikov\u00e1 (Pol.), &#8230;19. Macha\u010dov\u00e1 (\u010cR).<\/p>\n\n\n\n<p>T\u00fdmov\u00fd sprint:<\/p>\n\n\n\n<p>Fin\u00e1le: Nizozem\u00ed (Braspennincxov\u00e1, Lamberinkov\u00e1, van der Peetov\u00e1) 46,551 &#8211; N\u011bmecko 47,299, o 3. m\u00edsto: Rusko 46,795 &#8211; Brit\u00e1nie 47,702.<\/p>\n\n\n\n<p>FOTO Petr KLime\u0161<\/p>\n","protected":false},"excerpt":{"rendered":"<p>P\u011btice na\u0161ich dr\u00e1ha\u0159\u016f zas\u00e1hla do boj\u016f v \u00favodn\u00edm dnu evropsk\u00e9ho \u0161ampion\u00e1tu ve \u0161v\u00fdcarsk\u00e9m Grenchenu. Nejl\u00e9pe skon\u010dilo trio Martin \u010cechman, Tom\u00e1\u0161 B\u00e1bek a Mat\u011bj Bohusl\u00e1vek v t\u00fdmov\u00e9m sprintu, kdy\u017e obsadilo sedm\u00e9 m\u00edsto. V kvalifikaci zajelo sedm\u00fd \u010das 44,745 kdy\u017e m\u00edsto B\u00e1bka jel Robin Wagner, ale pak v prvn\u00edm kole nesta\u010dilo na Francii. Ta ve slo\u017een\u00ed Timmy [&hellip;]<\/p>\n","protected":false},"author":8,"featured_media":9935,"comment_status":"closed","ping_status":"open","sticky":false,"template":"","format":"standard","meta":{"footnotes":""},"categories":[54,2,103],"tags":[9],"class_list":["post-9934","post","type-post","status-publish","format-standard","has-post-thumbnail","hentry","category-draha","category-novinky","category-reprezentace","tag-draha"],"_links":{"self":[{"href":"https:\/\/www.czechcyclingfederation.com\/en\/wp-json\/wp\/v2\/posts\/9934","targetHints":{"allow":["GET"]}}],"collection":[{"href":"https:\/\/www.czechcyclingfederation.com\/en\/wp-json\/wp\/v2\/posts"}],"about":[{"href":"https:\/\/www.czechcyclingfederation.com\/en\/wp-json\/wp\/v2\/types\/post"}],"author":[{"embeddable":true,"href":"https:\/\/www.czechcyclingfederation.com\/en\/wp-json\/wp\/v2\/users\/8"}],"replies":[{"embeddable":true,"href":"https:\/\/www.czechcyclingfederation.com\/en\/wp-json\/wp\/v2\/comments?post=9934"}],"version-history":[{"count":3,"href":"https:\/\/www.czechcyclingfederation.com\/en\/wp-json\/wp\/v2\/posts\/9934\/revisions"}],"predecessor-version":[{"id":9938,"href":"https:\/\/www.czechcyclingfederation.com\/en\/wp-json\/wp\/v2\/posts\/9934\/revisions\/9938"}],"wp:featuredmedia":[{"embeddable":true,"href":"https:\/\/www.czechcyclingfederation.com\/en\/wp-json\/wp\/v2\/media\/9935"}],"wp:attachment":[{"href":"https:\/\/www.czechcyclingfederation.com\/en\/wp-json\/wp\/v2\/media?parent=9934"}],"wp:term":[{"taxonomy":"category","embeddable":true,"href":"https:\/\/www.czechcyclingfederation.com\/en\/wp-json\/wp\/v2\/categories?post=9934"},{"taxonomy":"post_tag","embeddable":true,"href":"https:\/\/www.czechcyclingfederation.com\/en\/wp-json\/wp\/v2\/tags?post=9934"}],"curies":[{"name":"wp","href":"https:\/\/api.w.org\/{rel}","templated":true}]}}