{"id":9925,"date":"2021-10-05T13:56:53","date_gmt":"2021-10-05T11:56:53","guid":{"rendered":"https:\/\/www.czechcyclingfederation.com\/?p=9925"},"modified":"2021-10-05T13:56:56","modified_gmt":"2021-10-05T11:56:56","slug":"jedenact-draharu-pojede-o-medaile-na-me","status":"publish","type":"post","link":"https:\/\/www.czechcyclingfederation.com\/en\/jedenact-draharu-pojede-o-medaile-na-me\/","title":{"rendered":"Jeden\u00e1ct dr\u00e1ha\u0159\u016f pojede o medaile na ME"},"content":{"rendered":"\n<p>Ov\u00e1l ve \u0161v\u00fdcarsk\u00e9m Grenchenu bude od 5. do 9. \u0159\u00edjna d\u011bji\u0161t\u011bm evropsk\u00e9ho \u0161ampion\u00e1tu. A p\u0159edstav\u00ed se na n\u011bm pod veden\u00ed tren\u00e9r\u016f Milana Kadlece (vytrvaleck\u00e9 discipl\u00edny) a Petra Klime\u0161e (sprinte\u0159i) jeden\u00e1ct \u010desk\u00fdch reprezentant\u016f.<\/p>\n\n\n\n<p>Hned p\u011bt z nich bude o medaile usilovat ve t\u0159ech discipl\u00edn\u00e1ch. Petra \u0160ev\u010d\u00edkov\u00e1 nastoup\u00ed do vylu\u010dovac\u00edho z\u00e1vodu, omnia a madisonu, Jarmila Macha\u010dov\u00e1 pojede&nbsp; madison, scratch a bodova\u010dku. Ze sprinter\u016f \u010dek\u00e1 Tom\u00e1\u0161e B\u00e1bka 1 km s pevn\u00fdm startem, t\u00fdmov\u00fd sprint a keirin, Martina \u010cechmana t\u00fdmov\u00fd sprint, sprint a keirin a Veronika Jaborn\u00edkov\u00e1 se p\u0159edstav\u00ed v z\u00e1vodu na 500 m s pevn\u00fdm startem, keirinu a sprintu.<\/p>\n\n\n\n<p>\u010cesk\u00e1 nominace:<\/p>\n\n\n\n<p>Vytrvaleck\u00e9 discipl\u00edny:<\/p>\n\n\n\n<p>Denis Rugovac &#8211; omnium, madison,<\/p>\n\n\n\n<p>Daniel Babor &#8211; madison, scratch,<\/p>\n\n\n\n<p>Niolas Pietrula &#8211; bodovac\u00ed z\u00e1vod, st\u00edhac\u00ed z\u00e1vod,<\/p>\n\n\n\n<p>Petra \u0160ev\u010d\u00edkov\u00e1 &#8211; vylu\u010dovac\u00ed z\u00e1vod, omnium, madison,<\/p>\n\n\n\n<p>Jarmila Macha\u010dov\u00e1 &#8211; madison, scratch, bodova\u010dka.<\/p>\n\n\n\n<p>Sprintersk\u00e9 discipl\u00edny:<\/p>\n\n\n\n<p>Veronika Jaborn\u00edkov\u00e1 &#8211; 500 m s pevn\u00fdm startem, keirin, sprint,<\/p>\n\n\n\n<p>Tom\u00e1\u0161 B\u00e1bek &#8211; 1 km s pevn\u00fdm startem, t\u00fdmov\u00fd sprint, keirin,<\/p>\n\n\n\n<p>Robin Wagner &#8211; 1 km s pevn\u00fdm startem,<\/p>\n\n\n\n<p>Mat\u011bj Bohusl\u00e1vek &#8211; t\u00fdmov\u00fd sprint,<\/p>\n\n\n\n<p>Martin \u010cechman &#8211; t\u00fdmov\u00fd sprint, sprint, keirin,<\/p>\n\n\n\n<p>Dominik Topinka &#8211; sprint.<\/p>\n\n\n\n<p>FOTO Martin Cetkovsk\u00fd<\/p>\n","protected":false},"excerpt":{"rendered":"<p>Ov\u00e1l ve \u0161v\u00fdcarsk\u00e9m Grenchenu bude od 5. do 9. \u0159\u00edjna d\u011bji\u0161t\u011bm evropsk\u00e9ho \u0161ampion\u00e1tu. A p\u0159edstav\u00ed se na n\u011bm pod veden\u00ed tren\u00e9r\u016f Milana Kadlece (vytrvaleck\u00e9 discipl\u00edny) a Petra Klime\u0161e (sprinte\u0159i) jeden\u00e1ct \u010desk\u00fdch reprezentant\u016f. Hned p\u011bt z nich bude o medaile usilovat ve t\u0159ech discipl\u00edn\u00e1ch. Petra \u0160ev\u010d\u00edkov\u00e1 nastoup\u00ed do vylu\u010dovac\u00edho z\u00e1vodu, omnia a madisonu, Jarmila Macha\u010dov\u00e1 pojede&nbsp; [&hellip;]<\/p>\n","protected":false},"author":8,"featured_media":9926,"comment_status":"closed","ping_status":"open","sticky":false,"template":"","format":"standard","meta":{"footnotes":""},"categories":[54,2,103],"tags":[9],"class_list":["post-9925","post","type-post","status-publish","format-standard","has-post-thumbnail","hentry","category-draha","category-novinky","category-reprezentace","tag-draha"],"_links":{"self":[{"href":"https:\/\/www.czechcyclingfederation.com\/en\/wp-json\/wp\/v2\/posts\/9925","targetHints":{"allow":["GET"]}}],"collection":[{"href":"https:\/\/www.czechcyclingfederation.com\/en\/wp-json\/wp\/v2\/posts"}],"about":[{"href":"https:\/\/www.czechcyclingfederation.com\/en\/wp-json\/wp\/v2\/types\/post"}],"author":[{"embeddable":true,"href":"https:\/\/www.czechcyclingfederation.com\/en\/wp-json\/wp\/v2\/users\/8"}],"replies":[{"embeddable":true,"href":"https:\/\/www.czechcyclingfederation.com\/en\/wp-json\/wp\/v2\/comments?post=9925"}],"version-history":[{"count":1,"href":"https:\/\/www.czechcyclingfederation.com\/en\/wp-json\/wp\/v2\/posts\/9925\/revisions"}],"predecessor-version":[{"id":9927,"href":"https:\/\/www.czechcyclingfederation.com\/en\/wp-json\/wp\/v2\/posts\/9925\/revisions\/9927"}],"wp:featuredmedia":[{"embeddable":true,"href":"https:\/\/www.czechcyclingfederation.com\/en\/wp-json\/wp\/v2\/media\/9926"}],"wp:attachment":[{"href":"https:\/\/www.czechcyclingfederation.com\/en\/wp-json\/wp\/v2\/media?parent=9925"}],"wp:term":[{"taxonomy":"category","embeddable":true,"href":"https:\/\/www.czechcyclingfederation.com\/en\/wp-json\/wp\/v2\/categories?post=9925"},{"taxonomy":"post_tag","embeddable":true,"href":"https:\/\/www.czechcyclingfederation.com\/en\/wp-json\/wp\/v2\/tags?post=9925"}],"curies":[{"name":"wp","href":"https:\/\/api.w.org\/{rel}","templated":true}]}}