{"id":9906,"date":"2021-10-03T19:25:46","date_gmt":"2021-10-03T17:25:46","guid":{"rendered":"https:\/\/www.czechcyclingfederation.com\/?p=9906"},"modified":"2021-10-03T19:25:48","modified_gmt":"2021-10-03T17:25:48","slug":"na-lvm-saarland-trofeo-nejlepsi-z-cechu-kadlec","status":"publish","type":"post","link":"https:\/\/www.czechcyclingfederation.com\/en\/na-lvm-saarland-trofeo-nejlepsi-z-cechu-kadlec\/","title":{"rendered":"Na LVM Saarland Trofeo nejlep\u0161\u00ed z \u010cech\u016f Kadlec"},"content":{"rendered":"\n<p>Nejlep\u0161\u00ed um\u00edst\u011bn\u00ed ve 33. ro\u010dn\u00edku z\u00e1vodu LVM Saarland Trofeo, kter\u00fd je za\u0159azen do juniorsk\u00e9 s\u00e9rie N\u00b4Cupu, dos\u00e1hl z \u010desk\u00e9 reprezenta\u010dn\u00ed juniorsk\u00e9 p\u011btice Milan Kadlec. V celkov\u00e9 klasifikaci obsadil jedenadvac\u00e1t\u00e9 m\u00edsto s odstupem t\u00e9m\u011b\u0159 t\u0159\u00ed minut na v\u00edt\u011bzn\u00e9ho Nora Tryma Bennsaetera.<\/p>\n\n\n\n<p>Nejv\u011bt\u0161\u00edm \u00fasp\u011bchem \u010desk\u00fdch jezdc\u016f pod tren\u00e9rsk\u00fdm veden\u00edm Tom\u00e1\u0161e Kone\u010dn\u00e9ho bylo t\u0159et\u00ed m\u00edsto Daniela Mr\u00e1ze ve druh\u00e9 etap\u011b.<\/p>\n\n\n\n<p>V\u00fdsledky:<\/p>\n\n\n\n<p>etapa 3a (\u010dasovka na 11 km):<\/p>\n\n\n\n<p>1. Bennsaeter (Nor.) 14:26, 2. Place (Belg.) stejn\u00fd \u010das, 3. K\u00e4rsten (N\u011bm.) +8, &#8230;36. Kadlec +55, 53. Luke\u0161 +1:18, 80. Sporysch +1:57, 84. Mr\u00e1z +2:00, 90. Seeman (v\u0161ichni \u010cR)<\/p>\n\n\n\n<p>+2:53.<\/p>\n\n\n\n<p>etapa 3b (112 km):<\/p>\n\n\n\n<p>1. Hajek (Rak.) 2:58:45, 2. Isidore (Fr.), 3. Sylling (Nor.) oba stejn\u00fd \u010das, &#8230;20. Kadlec, 21. Sporysch, 34. Seeman, 36. Mr\u00e1z v\u0161ichni +6, 55. Luke\u0161 +3:43.<\/p>\n\n\n\n<p>4. etapa (133 km):<\/p>\n\n\n\n<p>1. Hajek 3:13:28, 2. Isidori, 3. Bridron (Fr.) oba stejn\u00fd \u010das, &#8230;26. Sporysch, 29. Kadlec oba +1:24, 39. Mr\u00e1z +1:25, 49. Seeman +1:26, 56. Lujke\u0161 +3:00.<\/p>\n\n\n\n<p>Kone\u010dn\u00e9 po\u0159ad\u00ed:<\/p>\n\n\n\n<p>1. Bennsaeter 10:49:25, 2. K\u00e4rsten +2, 3. Place +11, &#8230;21. Kadec +2:57, 38. Mr\u00e1z +4:56, 39. Sporysch +4:59, 43. Seeman +5:57, 55. Luke\u0161 +11:15.<\/p>\n\n\n\n<p>FOTO Tom\u00e1\u0161 Kone\u010dn\u00fd<\/p>\n","protected":false},"excerpt":{"rendered":"<p>Nejlep\u0161\u00ed um\u00edst\u011bn\u00ed ve 33. ro\u010dn\u00edku z\u00e1vodu LVM Saarland Trofeo, kter\u00fd je za\u0159azen do juniorsk\u00e9 s\u00e9rie N\u00b4Cupu, dos\u00e1hl z \u010desk\u00e9 reprezenta\u010dn\u00ed juniorsk\u00e9 p\u011btice Milan Kadlec. V celkov\u00e9 klasifikaci obsadil jedenadvac\u00e1t\u00e9 m\u00edsto s odstupem t\u00e9m\u011b\u0159 t\u0159\u00ed minut na v\u00edt\u011bzn\u00e9ho Nora Tryma Bennsaetera. Nejv\u011bt\u0161\u00edm \u00fasp\u011bchem \u010desk\u00fdch jezdc\u016f pod tren\u00e9rsk\u00fdm veden\u00edm Tom\u00e1\u0161e Kone\u010dn\u00e9ho bylo t\u0159et\u00ed m\u00edsto Daniela Mr\u00e1ze ve [&hellip;]<\/p>\n","protected":false},"author":8,"featured_media":0,"comment_status":"closed","ping_status":"open","sticky":false,"template":"","format":"standard","meta":{"footnotes":""},"categories":[2,18],"tags":[11],"class_list":["post-9906","post","type-post","status-publish","format-standard","hentry","category-novinky","category-silnice","tag-silnice"],"_links":{"self":[{"href":"https:\/\/www.czechcyclingfederation.com\/en\/wp-json\/wp\/v2\/posts\/9906","targetHints":{"allow":["GET"]}}],"collection":[{"href":"https:\/\/www.czechcyclingfederation.com\/en\/wp-json\/wp\/v2\/posts"}],"about":[{"href":"https:\/\/www.czechcyclingfederation.com\/en\/wp-json\/wp\/v2\/types\/post"}],"author":[{"embeddable":true,"href":"https:\/\/www.czechcyclingfederation.com\/en\/wp-json\/wp\/v2\/users\/8"}],"replies":[{"embeddable":true,"href":"https:\/\/www.czechcyclingfederation.com\/en\/wp-json\/wp\/v2\/comments?post=9906"}],"version-history":[{"count":1,"href":"https:\/\/www.czechcyclingfederation.com\/en\/wp-json\/wp\/v2\/posts\/9906\/revisions"}],"predecessor-version":[{"id":9907,"href":"https:\/\/www.czechcyclingfederation.com\/en\/wp-json\/wp\/v2\/posts\/9906\/revisions\/9907"}],"wp:attachment":[{"href":"https:\/\/www.czechcyclingfederation.com\/en\/wp-json\/wp\/v2\/media?parent=9906"}],"wp:term":[{"taxonomy":"category","embeddable":true,"href":"https:\/\/www.czechcyclingfederation.com\/en\/wp-json\/wp\/v2\/categories?post=9906"},{"taxonomy":"post_tag","embeddable":true,"href":"https:\/\/www.czechcyclingfederation.com\/en\/wp-json\/wp\/v2\/tags?post=9906"}],"curies":[{"name":"wp","href":"https:\/\/api.w.org\/{rel}","templated":true}]}}