{"id":988,"date":"2020-06-24T09:59:43","date_gmt":"2020-06-24T07:59:43","guid":{"rendered":"http:\/\/www.czechcyclingfederation.com\/?p=988"},"modified":"2020-07-16T13:40:58","modified_gmt":"2020-07-16T11:40:58","slug":"druhy-dil-techniserv-cupu-hanacke-okruhy","status":"publish","type":"post","link":"https:\/\/www.czechcyclingfederation.com\/en\/druhy-dil-techniserv-cupu-hanacke-okruhy\/","title":{"rendered":"Druh\u00fd d\u00edl Techniserv Cupu \u2013 Han\u00e1ck\u00e9 okruhy"},"content":{"rendered":"\n<p>Po sobotn\u00ed premi\u00e9\u0159e se dnes v \u010cechovic\u00edch u Velk\u00e9ho T\u00fdnce uskute\u010dnil druh\u00fd d\u00edl seri\u00e1lu Techniserv Cupu pro ml\u00e1de\u017e a \u017eeny na silnici. Na Han\u00e1ck\u00fdch okruz\u00edch byly k vid\u011bn\u00ed op\u011bt zaj\u00edmav\u00e9 boje, ale i probl\u00e9my, \u010dty\u0159i kategorie se neodjely. \u201eZ\u00e1vody mlad\u0161\u00edch \u017e\u00e1k\u016f, mlad\u0161\u00edch \u017e\u00e1ky\u0148, kadet\u016f a kadetek byly z bezpe\u010dnostn\u00edch d\u016fvod\u016f a \u0161patn\u00e9ho zabezpe\u010den\u00ed z\u00e1vod\u016f zru\u0161eny,\u201c \u0159ekl hlavn\u00ed rozhod\u010d\u00ed Richard Kratochv\u00edl.<\/p>\n\n\n\n<p>V z\u00e1vodu \u017een byly nejlep\u0161\u00ed op\u011bt cyklistky z Polska. Vyhr\u00e1la Monika Brzezn\u00e1, kter\u00e1 ve spurtu zdolala Terezu Korvasovou z Dukly Praha, t\u0159et\u00ed byla Dorota Przezakov\u00e1 a \u010dtvrt\u00e1 skon\u010dila Nikola Bajgerov\u00e1 (Dukla Praha). V Prvn\u00ed des\u00edtce skon\u010dilo \u0161est polsk\u00fdch z\u00e1vodnic.<\/p>\n\n\n\n<p>Z junior\u016f byl nejlep\u0161\u00ed Slov\u00e1k Martin Svr\u010dek, kter\u00fd projel c\u00edlem p\u0159ed V\u00e1clavem Dost\u00e1lem a Mathiasem Vackem (Team Colpak Balan), z\u00e1vod juniorek ovl\u00e1dla Krist\u00fdna Burlov\u00e1 (Dukla Praha) p\u0159ed Gabrielou B\u00e1rtovou (TUFO PARDUS Prost\u011bjov).<\/p>\n\n\n\n<p>V\u00fdbornou formu potvrdil po sobotn\u00edm v\u00edt\u011bzstv\u00ed na Krakono\u0161ov\u011b cykomaratonu Adam \u0164oupal\u00edk (Elkov Kasper) a i dnes nena\u0161el p\u0159emo\u017eitele. Vyhr\u00e1l spurt cel\u00e9ho pelotonu p\u0159ed Tom\u00e1\u0161em B\u00e1rtou (TUFO Pardus Prost\u011bjov) a slovensk\u00fdm jezdcem Mat\u00fa\u0161em Sto\u010dkem.<\/p>\n\n\n\n<p>V\u00fdsledky:<\/p>\n\n\n\n<p>\u017deny:<\/p>\n\n\n\n<p>1. Brzezn\u00e1 (Pol.) 2:15:56, 2. Korvasov\u00e1 (Dukla Praha) stejn\u00fd \u010das, 3. Przezakov\u00e1 (Pol.) +6, 4. Bajgerov\u00e1 (Dukla Praha) +2:20, 5. Pietrzakov\u00e1, 6. Wilkosov\u00e1 (ob\u011b Pol.) ob\u011b +4:01.<\/p>\n\n\n\n<p>Junio\u0159i:<\/p>\n\n\n\n<p>1. Svr\u010dek (SR) 2:29:48, 2. Dost\u00e1l (\u010cEZ cyklo team T\u00e1bor) +3, 3. M. Vacek (Team Colpak Balan), 4. Bittner (Mapei Merida Ka\u0148kovsk\u00fd), 5. \u0160irok\u00fd (TJ Favorit Brno) v\u0161ichni +20, 6. Marbler (Rak.) +24.<\/p>\n\n\n\n<p>Juniorky:<\/p>\n\n\n\n<p>1. Burlov\u00e1 (Dukla Praha) 2:19:56, 2. B\u00e1rtov\u00e1 (TUFO PARDUS Prost\u011bjov), 3. Obo\u0159ilov\u00e1 Tereza (GT Opportunity Brno) ob\u011b stejn\u00fd \u010das.<\/p>\n\n\n\n<p>Star\u0161\u00ed \u017e\u00e1kyn\u011b:<\/p>\n\n\n\n<p>1. Mikul\u00e1\u0161kov\u00e1 (TJ Favorit Brno) 1:09:28, 2. V. Jadrn\u00e1 (Sportcomplex B\u0159eclav), 3. Lhot\u00e1kov\u00e1 (Bike freaks Holice) ob\u011b +1.<\/p>\n\n\n\n<p>Star\u0161\u00ed \u017e\u00e1ci:<\/p>\n\n\n\n<p>1.Poda\u0159il (Dukla Praha) 1:12:15, 2. Bittman (KOVO Praha) stejn\u00fd \u010das, 3. Vavro (TJ Favorit Brno) +3:25.<\/p>\n\n\n\n<p>Vlo\u017een\u00fd z\u00e1vod mu\u017e\u016f:<\/p>\n\n\n\n<p>1. A. \u0164oupal\u00edk (Elkov Kasper) 2:43:42, 1. B\u00e1rta (TUFO Pardus Prost\u011bjov), 3. Sto\u010dek (SR), 4. Hampl (TJ Favorit Brno), 5. \u010cern\u00fd (CCC Team), 6. Folt\u00e1n (Topforex &#8211; Lapierre) v\u0161ichni stejn\u00fd \u010das.<\/p>\n\n\n\n<p>Kompletn\u00ed v\u00fdsledky:\u00a0<a href=\"https:\/\/sportsoft.cz\/cs\/zavod\/overview\/5485\">https:\/\/sportsoft.cz\/cs\/zavod\/overview\/5485<\/a><\/p>\n\n\n\n<figure class=\"wp-block-image\"><img loading=\"lazy\" decoding=\"async\" width=\"1024\" height=\"683\" src=\"https:\/\/www.czechcyclingfederation.com\/wp-content\/uploads\/2020\/06\/5334-1024x683.jpg\" alt=\"\" class=\"wp-image-989\" srcset=\"https:\/\/www.czechcyclingfederation.com\/wp-content\/uploads\/2020\/06\/5334-1024x683.jpg 1024w, https:\/\/www.czechcyclingfederation.com\/wp-content\/uploads\/2020\/06\/5334-300x200.jpg 300w, https:\/\/www.czechcyclingfederation.com\/wp-content\/uploads\/2020\/06\/5334-768x512.jpg 768w, https:\/\/www.czechcyclingfederation.com\/wp-content\/uploads\/2020\/06\/5334.jpg 1200w\" sizes=\"auto, (max-width: 1024px) 100vw, 1024px\" \/><\/figure>\n","protected":false},"excerpt":{"rendered":"<p>Po sobotn\u00ed premi\u00e9\u0159e se dnes v \u010cechovic\u00edch u Velk\u00e9ho T\u00fdnce uskute\u010dnil druh\u00fd d\u00edl seri\u00e1lu Techniserv Cupu pro ml\u00e1de\u017e a \u017eeny na silnici. Na Han\u00e1ck\u00fdch okruz\u00edch byly k vid\u011bn\u00ed op\u011bt zaj\u00edmav\u00e9 boje, ale i probl\u00e9my, \u010dty\u0159i kategorie se neodjely. \u201eZ\u00e1vody mlad\u0161\u00edch \u017e\u00e1k\u016f, mlad\u0161\u00edch \u017e\u00e1ky\u0148, kadet\u016f a kadetek byly z bezpe\u010dnostn\u00edch d\u016fvod\u016f a \u0161patn\u00e9ho zabezpe\u010den\u00ed z\u00e1vod\u016f zru\u0161eny,\u201c [&hellip;]<\/p>\n","protected":false},"author":2,"featured_media":989,"comment_status":"closed","ping_status":"open","sticky":false,"template":"","format":"standard","meta":{"footnotes":""},"categories":[88,18],"tags":[],"class_list":["post-988","post","type-post","status-publish","format-standard","has-post-thumbnail","hentry","category-mladez-kontakty","category-silnice"],"_links":{"self":[{"href":"https:\/\/www.czechcyclingfederation.com\/en\/wp-json\/wp\/v2\/posts\/988","targetHints":{"allow":["GET"]}}],"collection":[{"href":"https:\/\/www.czechcyclingfederation.com\/en\/wp-json\/wp\/v2\/posts"}],"about":[{"href":"https:\/\/www.czechcyclingfederation.com\/en\/wp-json\/wp\/v2\/types\/post"}],"author":[{"embeddable":true,"href":"https:\/\/www.czechcyclingfederation.com\/en\/wp-json\/wp\/v2\/users\/2"}],"replies":[{"embeddable":true,"href":"https:\/\/www.czechcyclingfederation.com\/en\/wp-json\/wp\/v2\/comments?post=988"}],"version-history":[{"count":1,"href":"https:\/\/www.czechcyclingfederation.com\/en\/wp-json\/wp\/v2\/posts\/988\/revisions"}],"predecessor-version":[{"id":990,"href":"https:\/\/www.czechcyclingfederation.com\/en\/wp-json\/wp\/v2\/posts\/988\/revisions\/990"}],"wp:featuredmedia":[{"embeddable":true,"href":"https:\/\/www.czechcyclingfederation.com\/en\/wp-json\/wp\/v2\/media\/989"}],"wp:attachment":[{"href":"https:\/\/www.czechcyclingfederation.com\/en\/wp-json\/wp\/v2\/media?parent=988"}],"wp:term":[{"taxonomy":"category","embeddable":true,"href":"https:\/\/www.czechcyclingfederation.com\/en\/wp-json\/wp\/v2\/categories?post=988"},{"taxonomy":"post_tag","embeddable":true,"href":"https:\/\/www.czechcyclingfederation.com\/en\/wp-json\/wp\/v2\/tags?post=988"}],"curies":[{"name":"wp","href":"https:\/\/api.w.org\/{rel}","templated":true}]}}