{"id":985,"date":"2020-06-24T09:58:07","date_gmt":"2020-06-24T07:58:07","guid":{"rendered":"http:\/\/www.czechcyclingfederation.com\/?p=985"},"modified":"2020-07-16T13:40:59","modified_gmt":"2020-07-16T11:40:59","slug":"czech-tour-s-hvezdnym-obsazenim","status":"publish","type":"post","link":"https:\/\/www.czechcyclingfederation.com\/en\/czech-tour-s-hvezdnym-obsazenim\/","title":{"rendered":"Czech Tour s hv\u011bzdn\u00fdm obsazen\u00edm"},"content":{"rendered":"\n<p>Opravdu skv\u011bl\u00e1 konkurence se sejde na leto\u0161n\u00edm etapov\u00e9m z\u00e1vodu Czech Tour. V posledn\u00edch dnech byla dokon\u010dena jedn\u00e1n\u00ed a uzav\u0159eny kontrakty se v\u0161emi t\u00fdmy, kter\u00e9 letos budou k vid\u011bn\u00ed na presti\u017en\u00edm \u010desk\u00e9m etapov\u00e9m podniku. Ten se uskute\u010dn\u00ed na moravsk\u00fdch silnic\u00edch od 6. do 9. srpna. A v\u011b\u0159te, \u017ee se m\u016f\u017eete na co t\u011b\u0161it. Tak kvalitn\u00ed konkurence v \u010cesk\u00e9 republice je\u0161t\u011b nez\u00e1vodila.<\/p>\n\n\n\n<p>&#8220;Jsme nad\u0161eni, \u017ee se na startu objev\u00ed opravdov\u00e1 sv\u011btov\u00e1 \u0161pi\u010dka a nab\u00eddne na\u0161im div\u00e1k\u016fm nezapomenuteln\u00e9 z\u00e1\u017eitky. Z World Tour t\u00fdm\u016f se fandov\u00e9 cyklistiky mohou t\u011b\u0161it na Bahrain McLaren, Sunweb, Jumbo Visma, Bora Hansgrohe a Michelton Scott,&#8221; \u0159\u00edk\u00e1 promot\u00e9r z\u00e1vodu z TTV Sport Group Jaroslav Va\u0161\u00ed\u010dek, kter\u00fd pro jezdce p\u0159ipravil n\u00e1ro\u010dnou tra\u0165 se \u0161estn\u00e1cti vrcha\u0159sk\u00fdmi pr\u00e9miemi.<\/p>\n\n\n\n<p>&#8220;Skv\u011bl\u00e1 konkurence, ale i Pro Continent\u00e1ln\u00ed t\u00fdmy nep\u0159ijedou pouze do po\u010dtu. T\u0159eba z UNO X nebo hlavn\u011b Alpecin Fenix s Petrem Vako\u010dem, kter\u00fd tento podnik vyhr\u00e1l v roce 2015 rozhodn\u011b nebudou cht\u00edt prodat svoji k\u016f\u017ei levn\u011b. Na vynikaj\u00edc\u00ed vystoupen\u00ed a v\u00fdsledky z minul\u00fdch let ur\u010dit\u011b budou cht\u00edt nav\u00e1zat z\u00e1vodn\u00edci nejlep\u0161\u00ed \u010desk\u00e9 st\u00e1je Elkov Kasper,&#8221; pokra\u010duje Va\u0161\u00ed\u010dek.<\/p>\n\n\n\n<p>V programu Czech Tour do\u0161lo ke zm\u011bn\u011b trat\u00ed. &#8220;Bohu\u017eel se nepojede z technick\u00fdch d\u016fvod\u016f t\u00fdmov\u00e1 \u010dasovka v Ostrav\u011b, ale j\u00edzdu proti chronometru uvid\u00ed div\u00e1ci op\u011bt na osv\u011bd\u010den\u00e9 trati Uni\u010dov &#8211; Medlov &#8211; Uni\u010dov. I v leto\u0161n\u00edm roce se n\u00e1m nevyhnuly na posledn\u00ed chv\u00edli probl\u00e9my. Jak uzav\u00edrky, tak nepl\u00e1novan\u00e9 opravy trat\u00ed. Ale s Olomouck\u00fdm i Moravskoslezk\u00fdm krajem jsme v\u0161e zvl\u00e1dli a ne\u010dek\u00e1 n\u00e1s snad \u017e\u00e1dn\u00e9 necht\u011bn\u00e9 p\u0159ekvapen\u00ed. Bylo toho opravdu u\u017e hodn\u011b,&#8221; prozradil necht\u011bn\u00e9 zm\u011bny Jaroslav Va\u0161\u00ed\u010dek.<\/p>\n\n\n\n<p>Program Czech Tour 2020:<\/p>\n\n\n\n<p>6. srpna: t\u00fdmov\u00e1 \u010dasovka v Uni\u010dov\u011b (18,6 km)<\/p>\n\n\n\n<p>7. srpna: 2. etapa: Prost\u011bjov &#8211; Uni\u010dov (193,4 km)<\/p>\n\n\n\n<p>8. srpna: 3. etapa: Olomouc &#8211; Fr\u00fddek-M\u00edstek (209,8 km)<\/p>\n\n\n\n<p>9. srpna: 4. etapa: Mohelnice &#8211; \u0160ternberk (179,2 km).<\/p>\n\n\n\n<figure class=\"wp-block-image\"><img loading=\"lazy\" decoding=\"async\" width=\"1000\" height=\"666\" src=\"https:\/\/www.czechcyclingfederation.com\/wp-content\/uploads\/2020\/06\/5333.jpg\" alt=\"\" class=\"wp-image-986\" srcset=\"https:\/\/www.czechcyclingfederation.com\/wp-content\/uploads\/2020\/06\/5333.jpg 1000w, https:\/\/www.czechcyclingfederation.com\/wp-content\/uploads\/2020\/06\/5333-300x200.jpg 300w, https:\/\/www.czechcyclingfederation.com\/wp-content\/uploads\/2020\/06\/5333-768x511.jpg 768w\" sizes=\"auto, (max-width: 1000px) 100vw, 1000px\" \/><\/figure>\n","protected":false},"excerpt":{"rendered":"<p>Opravdu skv\u011bl\u00e1 konkurence se sejde na leto\u0161n\u00edm etapov\u00e9m z\u00e1vodu Czech Tour. V posledn\u00edch dnech byla dokon\u010dena jedn\u00e1n\u00ed a uzav\u0159eny kontrakty se v\u0161emi t\u00fdmy, kter\u00e9 letos budou k vid\u011bn\u00ed na presti\u017en\u00edm \u010desk\u00e9m etapov\u00e9m podniku. Ten se uskute\u010dn\u00ed na moravsk\u00fdch silnic\u00edch od 6. do 9. srpna. A v\u011b\u0159te, \u017ee se m\u016f\u017eete na co t\u011b\u0161it. Tak kvalitn\u00ed konkurence [&hellip;]<\/p>\n","protected":false},"author":2,"featured_media":986,"comment_status":"closed","ping_status":"open","sticky":false,"template":"","format":"standard","meta":{"footnotes":""},"categories":[2,18,73],"tags":[],"class_list":["post-985","post","type-post","status-publish","format-standard","has-post-thumbnail","hentry","category-novinky","category-silnice","category-silnice-kontakty-top"],"_links":{"self":[{"href":"https:\/\/www.czechcyclingfederation.com\/en\/wp-json\/wp\/v2\/posts\/985","targetHints":{"allow":["GET"]}}],"collection":[{"href":"https:\/\/www.czechcyclingfederation.com\/en\/wp-json\/wp\/v2\/posts"}],"about":[{"href":"https:\/\/www.czechcyclingfederation.com\/en\/wp-json\/wp\/v2\/types\/post"}],"author":[{"embeddable":true,"href":"https:\/\/www.czechcyclingfederation.com\/en\/wp-json\/wp\/v2\/users\/2"}],"replies":[{"embeddable":true,"href":"https:\/\/www.czechcyclingfederation.com\/en\/wp-json\/wp\/v2\/comments?post=985"}],"version-history":[{"count":1,"href":"https:\/\/www.czechcyclingfederation.com\/en\/wp-json\/wp\/v2\/posts\/985\/revisions"}],"predecessor-version":[{"id":987,"href":"https:\/\/www.czechcyclingfederation.com\/en\/wp-json\/wp\/v2\/posts\/985\/revisions\/987"}],"wp:featuredmedia":[{"embeddable":true,"href":"https:\/\/www.czechcyclingfederation.com\/en\/wp-json\/wp\/v2\/media\/986"}],"wp:attachment":[{"href":"https:\/\/www.czechcyclingfederation.com\/en\/wp-json\/wp\/v2\/media?parent=985"}],"wp:term":[{"taxonomy":"category","embeddable":true,"href":"https:\/\/www.czechcyclingfederation.com\/en\/wp-json\/wp\/v2\/categories?post=985"},{"taxonomy":"post_tag","embeddable":true,"href":"https:\/\/www.czechcyclingfederation.com\/en\/wp-json\/wp\/v2\/tags?post=985"}],"curies":[{"name":"wp","href":"https:\/\/api.w.org\/{rel}","templated":true}]}}