{"id":9788,"date":"2021-09-28T16:42:42","date_gmt":"2021-09-28T14:42:42","guid":{"rendered":"https:\/\/www.czechcyclingfederation.com\/?p=9788"},"modified":"2021-09-28T16:42:45","modified_gmt":"2021-09-28T14:42:45","slug":"boros-a-havlikova-vyhrali-toi-toi-cup-v-mlade-boleslavi","status":"publish","type":"post","link":"https:\/\/www.czechcyclingfederation.com\/en\/boros-a-havlikova-vyhrali-toi-toi-cup-v-mlade-boleslavi\/","title":{"rendered":"Boro\u0161 a Havl\u00edkov\u00e1 vyhr\u00e1li Toi Toi Cup v Mlad\u00e9 Boleslavi"},"content":{"rendered":"\n<p>Pavla Havl\u00edkov\u00e1 (Lawi junior team) a Michael Boro\u0161 (\u010cEZ Cyklo Team T\u00e1bor), tedy \u00fa\u0159aduj\u00edc\u00ed \u010de\u0161t\u00ed \u0161ampioni odstartovali do nov\u00e9 sezony t\u00edm nejlep\u0161\u00edm zp\u016fsobem. V ji\u017e 53. ro\u010dn\u00edku nejv\u00fdznamn\u011bj\u0161\u00edho dom\u00e1c\u00edho cyklokrosov\u00e9ho seri\u00e1lu Toi Toi Cup v Mlad\u00e9 Boleslavi zah\u00e1jili v\u00edt\u011bzstv\u00edm.<\/p>\n\n\n\n<p>Osmin\u00e1sobn\u00e1 \u010desk\u00e1 \u0161ampionka Havl\u00edkov\u00e1 zvl\u00e1dla z\u00e1vod skv\u011ble p\u0159edev\u0161\u00edm takticky. Od za\u010d\u00e1tku se dr\u017eela na sam\u00e9m \u010dele z\u00e1vodu, i kdy\u017e tempo prakticky neust\u00e1le ud\u00e1vala Belgi\u010danka Suzanne Verhoevenov\u00e1. Ve vedouc\u00ed skupin\u011b se dlouho dr\u017eely i Karol\u00edna Bedrn\u00edkov\u00e1 (EXPRES CZ &#8211; TUFO Team Kol\u00edn) a Krist\u00fdna Zemanov\u00e1 (Brilon Racing Team MB).<\/p>\n\n\n\n<p>Rozuzlen\u00ed p\u0159i\u0161lo v p\u0159edposledn\u00edm kole. Verhoevenov\u00e9 spadl \u0159et\u011bz a r\u00e1zem se skupina rozpadla, ale zase se pozd\u011bji trio Havl\u00edkov\u00e1, Bedrn\u00edkov\u00e1 a Zemanov\u00e1 sjelo. Havl\u00edkov\u00e1 ale v z\u00e1v\u011bre\u010dn\u00e9m okruhu uplatnila sv\u00e9 zku\u0161enosti. Vyu\u017eila mal\u00e9ho zav\u00e1h\u00e1n\u00ed Bedrn\u00edkov\u00e9, kdy\u017e p\u0159edt\u00edm trochu zaostala ji\u017e Zemanov\u00e1, a bezpe\u010dn\u011b nav\u00e1zala na z\u00e1v\u011br lo\u0148sk\u00e9 v\u00edt\u011bzn\u00e9 sezony. Mlad\u00e1 Bedrn\u00edhov\u00e1 si dojela jist\u011b pro st\u0159\u00edbrn\u00fd stupe\u0148 a p\u0159ed Zemanovou se sta\u010dila v z\u00e1v\u011bru protla\u010dit na stupn\u011b v\u00edt\u011bzek Verhoevenov\u00e1.<\/p>\n\n\n\n<p>&#8220;\u017de bych mohla vyhr\u00e1t jsem nedoufala. Od jara to byl po zdravotn\u00edch probl\u00e9mech teprve m\u016fj druh\u00fd z\u00e1vod, tak\u017ee je to pro m\u011b p\u0159ekvapen\u00ed. Z\u00e1vodit chci d\u00e1le, ale nic nepl\u00e1nuji, rozhoduj\u00edc\u00ed bude zdravotn\u00ed str\u00e1nka. Jela jsem chyt\u0159e, nemusela jsem tahat a hodn\u011b mi k v\u00edt\u011bzstv\u00ed pomohl probl\u00e9m hlavn\u00ed soupe\u0159ky,&#8221; \u0159ekla Pavla Havl\u00edkov\u00e1.<\/p>\n\n\n\n<p>Podobn\u00fd pr\u016fb\u011bh m\u011bl z\u00e1vod mu\u017e\u016f. V prvn\u00edm kole jeli na \u010dele Boro\u0161 a slovensk\u00fd mistr Mat\u011bj Ul\u00edk z EXPRES CZ &#8211; Team Kol\u00edn. Toho ale rychle ve vedouc\u00ed dvojici vyst\u0159\u00eddal belgick\u00fd z\u00e1vodn\u00edk Lander Loockx. Za touto dvojic\u00ed jezdilo nejprve osm pron\u00e1sledovatel\u016f s dvojic\u00ed \u010cech\u016f Jakubem \u0164oupal\u00edkem a Jakubem \u0158\u00edmanem, pozd\u011bji se dot\u00e1hl i z posledn\u00ed \u0159ady startuj\u00edc\u00ed Tom\u00e1\u0161 Paprstka. Zkou\u0161et dojet nejlep\u0161\u00ed dvojici se pokusil v polovin\u011b z\u00e1vodu A. \u0164oupal\u00edk, ale marn\u011b a v z\u00e1v\u011bru mu viditeln\u011b do\u0161ly s\u00edly a propal se na sedm\u00e9 m\u00edsto.<\/p>\n\n\n\n<p>Stejn\u011b jako v z\u00e1vod\u011b \u017een rozhodl o v\u00edt\u011bzi technick\u00fd probl\u00e9m. Spadl\u00fd \u0159et\u011bz v p\u0159edposledn\u00edm okruhu zma\u0159il slibn\u011b rozjet\u00fd z\u00e1vod pro Loockxe, a tak m\u011bl Boro\u0161 z\u00e1v\u011br z\u00e1vodu uleh\u010den. Bezpe\u010dn\u011b kontroloval svoji pozici a c\u00edlem projel o osm vte\u0159in p\u0159ed Belgi\u010danem, zrychlen\u00edm se na t\u0159et\u00ed pozici posunul jeho krajan Ward Huybs. z dal\u0161\u00edch dom\u00e1c\u00edch jezdc\u016f dojel p\u00e1t\u00fd \u0158\u00edman, p\u0159ed navr\u00e1tilcem do ter\u00e9nu Paprstkou. Pot\u011b\u0161iteln\u00fd byl v\u00fdkon lo\u0148sk\u00e9ho juniora Mat\u011bje Str\u00e1nsk\u00e9ho (Brilon Racing Team MB), kter\u00fd skon\u010dil des\u00e1t\u00fd.<\/p>\n\n\n\n<p>&#8220;Jsem ur\u010dit\u011b spokojen, ka\u017ed\u00e9 v\u00edt\u011bzstv\u00ed se po\u010d\u00edt\u00e1. Ke konci jsem m\u011bl i \u0161t\u011bst\u00ed a z\u00edskan\u00fd n\u00e1skok jsem uh\u00e1jil a\u017e do c\u00edle. Loockx byl siln\u011bj\u0161\u00ed a j\u00e1 po\u010d\u00edtal, \u017ee v z\u00e1v\u011bru bych mohl j\u00edt p\u0159ed n\u011bj. P\u0159esto z\u00e1v\u011br nebyl jednoduch\u00fd, v\u00edt\u011bzstv\u00ed zadarmo to rozhodn\u011b nebylo,&#8221; zd\u016fraznil Michael Boro\u0161.&nbsp;&nbsp;&nbsp;&nbsp;&nbsp;<\/p>\n\n\n\n<p>Juniork\u00e1m vl\u00e1dla Eli\u0161ka Han\u00e1kov\u00e1 (\u010cED Bike Team), vyhr\u00e1la ale o pouh\u00fdch osm vte\u0159in p\u0159ed Vandou Dlaskovou (AUTO \u0160koda Mlad\u00e1 Boleslav), t\u0159et\u00ed skon\u010dila Kate\u0159ina Hlad\u00edkov\u00e1 (Brilon Racing Team MB). Je\u0161t\u011b vyrovnan\u011bj\u0161\u00ed byl souboj junior\u016f. Vyhr\u00e1l V\u00e1clav Je\u017eek (Brilon Racing Team MB) s n\u00e1skok t\u0159\u00ed vte\u0159in p\u0159ed Ond\u0159ejem Novotn\u00fd (Dukla Praha) a t\u0159et\u00ed Maximilian Kerl (Author team Stupno) byl pomalej\u0161\u00ed o dal\u0161\u00edch deset vte\u0159in.<\/p>\n\n\n\n<p>V\u00fdsledky:<\/p>\n\n\n\n<p>\u017deny:<\/p>\n\n\n\n<p>1. Havl\u00edkov\u00e1 (Lawi junior team) 50:41, 2. Bedr\u00edkov\u00e1 (EXPRES CZ &#8211; TUFO Team Kol\u00edn) +6, 3. Verhoevenov\u00e1 (Belg.) +14, 4. Zemanov\u00e1 (Brilon Racing Team MB) +26, 5. Verdonschotov\u00e1 (Belg.) +54, 6. Borellov\u00e1 (It.) +1:03.<\/p>\n\n\n\n<p>Mu\u017ei:<\/p>\n\n\n\n<p>1.Boro\u0161 (\u010cEZ Cyklo Team T\u00e1bor) 1:03:54, 2. Loockx (Belg.) +8, 3. Huybs (oba Beg.) +20, 4. Toneatti (It.) +26, 5. \u0158\u00edman (AUTO \u0160KODA Mlad\u00e1 Boleslav) +33, 6. Paprstka (EXPRES CZ &#8211; Team Kol\u00edn) +43.<\/p>\n\n\n\n<p>Juniorky:<\/p>\n\n\n\n<p>1. Han\u00e1kov\u00e1 (\u010cED Bike Team) 36:48, 2. Dlaskov\u00e1 (AUTO \u0160koda Mlad\u00e1 Boleslav) +8, 3. Hlad\u00edkov\u00e1 (Brilon Racing Team MB) +36.<\/p>\n\n\n\n<p>Junio\u0159i:<\/p>\n\n\n\n<p>1.Je\u017eek (Brilon Racing Team MB)&nbsp; 39:56, 2. Novotn\u00fd (Dukla Praha) +3, 3. Kerl (Author team Stupno) +13.<\/p>\n\n\n\n<p>FOTO Ji\u0159\u00ed Hol\u00fd<\/p>\n\n\n\n<figure class=\"wp-block-image size-large\"><img loading=\"lazy\" decoding=\"async\" width=\"1024\" height=\"577\" src=\"https:\/\/www.czechcyclingfederation.com\/wp-content\/uploads\/2021\/09\/Zeny_DSC4408-1024x577.jpg\" alt=\"\" class=\"wp-image-9790\" srcset=\"https:\/\/www.czechcyclingfederation.com\/wp-content\/uploads\/2021\/09\/Zeny_DSC4408-1024x577.jpg 1024w, https:\/\/www.czechcyclingfederation.com\/wp-content\/uploads\/2021\/09\/Zeny_DSC4408-300x169.jpg 300w, https:\/\/www.czechcyclingfederation.com\/wp-content\/uploads\/2021\/09\/Zeny_DSC4408-768x433.jpg 768w, https:\/\/www.czechcyclingfederation.com\/wp-content\/uploads\/2021\/09\/Zeny_DSC4408-1536x865.jpg 1536w, https:\/\/www.czechcyclingfederation.com\/wp-content\/uploads\/2021\/09\/Zeny_DSC4408-2048x1154.jpg 2048w, https:\/\/www.czechcyclingfederation.com\/wp-content\/uploads\/2021\/09\/Zeny_DSC4408-1320x744.jpg 1320w\" sizes=\"auto, (max-width: 1024px) 100vw, 1024px\" \/><\/figure>\n\n\n\n<figure class=\"wp-block-image size-large\"><img loading=\"lazy\" decoding=\"async\" width=\"1024\" height=\"577\" src=\"https:\/\/www.czechcyclingfederation.com\/wp-content\/uploads\/2021\/09\/Boros_DSC4636-1024x577.jpg\" alt=\"\" class=\"wp-image-9791\" srcset=\"https:\/\/www.czechcyclingfederation.com\/wp-content\/uploads\/2021\/09\/Boros_DSC4636-1024x577.jpg 1024w, https:\/\/www.czechcyclingfederation.com\/wp-content\/uploads\/2021\/09\/Boros_DSC4636-300x169.jpg 300w, https:\/\/www.czechcyclingfederation.com\/wp-content\/uploads\/2021\/09\/Boros_DSC4636-768x433.jpg 768w, https:\/\/www.czechcyclingfederation.com\/wp-content\/uploads\/2021\/09\/Boros_DSC4636-1536x865.jpg 1536w, https:\/\/www.czechcyclingfederation.com\/wp-content\/uploads\/2021\/09\/Boros_DSC4636-2048x1154.jpg 2048w, https:\/\/www.czechcyclingfederation.com\/wp-content\/uploads\/2021\/09\/Boros_DSC4636-1320x744.jpg 1320w\" sizes=\"auto, (max-width: 1024px) 100vw, 1024px\" \/><\/figure>\n\n\n\n<figure class=\"wp-block-image size-large\"><img loading=\"lazy\" decoding=\"async\" width=\"1024\" height=\"577\" src=\"https:\/\/www.czechcyclingfederation.com\/wp-content\/uploads\/2021\/09\/Havlikova_DSC4340-1024x577.jpg\" alt=\"\" class=\"wp-image-9792\" srcset=\"https:\/\/www.czechcyclingfederation.com\/wp-content\/uploads\/2021\/09\/Havlikova_DSC4340-1024x577.jpg 1024w, https:\/\/www.czechcyclingfederation.com\/wp-content\/uploads\/2021\/09\/Havlikova_DSC4340-300x169.jpg 300w, https:\/\/www.czechcyclingfederation.com\/wp-content\/uploads\/2021\/09\/Havlikova_DSC4340-768x433.jpg 768w, https:\/\/www.czechcyclingfederation.com\/wp-content\/uploads\/2021\/09\/Havlikova_DSC4340-1536x865.jpg 1536w, https:\/\/www.czechcyclingfederation.com\/wp-content\/uploads\/2021\/09\/Havlikova_DSC4340-2048x1154.jpg 2048w, https:\/\/www.czechcyclingfederation.com\/wp-content\/uploads\/2021\/09\/Havlikova_DSC4340-1320x744.jpg 1320w\" sizes=\"auto, (max-width: 1024px) 100vw, 1024px\" \/><\/figure>\n\n\n","protected":false},"excerpt":{"rendered":"<p>Pavla Havl\u00edkov\u00e1 (Lawi junior team) a Michael Boro\u0161 (\u010cEZ Cyklo Team T\u00e1bor), tedy \u00fa\u0159aduj\u00edc\u00ed \u010de\u0161t\u00ed \u0161ampioni odstartovali do nov\u00e9 sezony t\u00edm nejlep\u0161\u00edm zp\u016fsobem. V ji\u017e 53. ro\u010dn\u00edku nejv\u00fdznamn\u011bj\u0161\u00edho dom\u00e1c\u00edho cyklokrosov\u00e9ho seri\u00e1lu Toi Toi Cup v Mlad\u00e9 Boleslavi zah\u00e1jili v\u00edt\u011bzstv\u00edm. Osmin\u00e1sobn\u00e1 \u010desk\u00e1 \u0161ampionka Havl\u00edkov\u00e1 zvl\u00e1dla z\u00e1vod skv\u011ble p\u0159edev\u0161\u00edm takticky. Od za\u010d\u00e1tku se dr\u017eela na sam\u00e9m \u010dele [&hellip;]<\/p>\n","protected":false},"author":8,"featured_media":9789,"comment_status":"closed","ping_status":"open","sticky":false,"template":"","format":"standard","meta":{"footnotes":""},"categories":[58,2],"tags":[59],"class_list":["post-9788","post","type-post","status-publish","format-standard","has-post-thumbnail","hentry","category-cyklokros","category-novinky","tag-cyklokros"],"_links":{"self":[{"href":"https:\/\/www.czechcyclingfederation.com\/en\/wp-json\/wp\/v2\/posts\/9788","targetHints":{"allow":["GET"]}}],"collection":[{"href":"https:\/\/www.czechcyclingfederation.com\/en\/wp-json\/wp\/v2\/posts"}],"about":[{"href":"https:\/\/www.czechcyclingfederation.com\/en\/wp-json\/wp\/v2\/types\/post"}],"author":[{"embeddable":true,"href":"https:\/\/www.czechcyclingfederation.com\/en\/wp-json\/wp\/v2\/users\/8"}],"replies":[{"embeddable":true,"href":"https:\/\/www.czechcyclingfederation.com\/en\/wp-json\/wp\/v2\/comments?post=9788"}],"version-history":[{"count":1,"href":"https:\/\/www.czechcyclingfederation.com\/en\/wp-json\/wp\/v2\/posts\/9788\/revisions"}],"predecessor-version":[{"id":9793,"href":"https:\/\/www.czechcyclingfederation.com\/en\/wp-json\/wp\/v2\/posts\/9788\/revisions\/9793"}],"wp:featuredmedia":[{"embeddable":true,"href":"https:\/\/www.czechcyclingfederation.com\/en\/wp-json\/wp\/v2\/media\/9789"}],"wp:attachment":[{"href":"https:\/\/www.czechcyclingfederation.com\/en\/wp-json\/wp\/v2\/media?parent=9788"}],"wp:term":[{"taxonomy":"category","embeddable":true,"href":"https:\/\/www.czechcyclingfederation.com\/en\/wp-json\/wp\/v2\/categories?post=9788"},{"taxonomy":"post_tag","embeddable":true,"href":"https:\/\/www.czechcyclingfederation.com\/en\/wp-json\/wp\/v2\/tags?post=9788"}],"curies":[{"name":"wp","href":"https:\/\/api.w.org\/{rel}","templated":true}]}}