{"id":9776,"date":"2021-09-25T21:14:50","date_gmt":"2021-09-25T19:14:50","guid":{"rendered":"https:\/\/www.czechcyclingfederation.com\/?p=9776"},"modified":"2021-09-25T21:14:52","modified_gmt":"2021-09-25T19:14:52","slug":"rugovac-s-vonesem-vyhrali-madison-pietrula-scratch","status":"publish","type":"post","link":"https:\/\/www.czechcyclingfederation.com\/en\/rugovac-s-vonesem-vyhrali-madison-pietrula-scratch\/","title":{"rendered":"Rugovac s Vone\u0161em vyhr\u00e1li madison, Pietrula scratch"},"content":{"rendered":"\n<p>Na mistrovstv\u00ed \u010cesk\u00e9 republik na dr\u00e1ze v\u00a0Prost\u011bjov\u011b se dnes bojovalo o medaile v\u00a0Edisonu a\u00a0 mu\u017ei m\u011bli na programu nav\u00edc scratch. \u0160ampiony v\u00a0madisonu se stali Denis Rugovac a Jan Vone\u0161 z Dukly Praha, spolu s\u00a0nimi vystoupili na stupn\u011b v\u00edt\u011bz\u016f Radek Vl\u010dek a Ren\u00e9 Sm\u00e9kal (Tufo Pardus Prost\u011bjov) a bronz brala dvojice Nicolas Pietrula, Martin Voltr (Dukla Praha\/Topforex).<\/p>\n\n\n\n<p>Ve scratchi vylep\u0161il svoji sb\u00edrku zlat\u00fdch medail\u00ed Pietrula, kter\u00fd vyhr\u00e1l p\u0159ed Josefem \u010cekalem (TJ Favorit Brno) a Filipem \u0158ehou z Tufo Pardus Prost\u011bjov. Mezi juniory naprosto dominovali v&nbsp;madisonu Maty\u00e1\u0161 Kobl\u00ed\u017eek a Radovan \u0160tec (Tufo Pardus Prost\u011bjov), kte\u0159\u00ed nasb\u00edrali 100 bod\u016f, zat\u00edmco druz\u00ed Martin \u010cepek a \u0160t\u011bp\u00e1n \u0160irok\u00fd (TJ Favorit Brno) pouze 21. \u017densk\u00fdmi mistryn\u011bmi se staly Anna Jaborn\u00edkov\u00e1 a Michaela Poulov\u00e1 z Dukly Brno.<\/p>\n\n\n\n<p>V\u00fdsledky:<\/p>\n\n\n\n<p>Mu\u017ei:<\/p>\n\n\n\n<p>Scratch:<\/p>\n\n\n\n<p>1.Pietrula (Dukla Praha), 2. \u010cekal (TJ Favorit Brno), 3. \u0158eha (Tufo Pardus Prost\u011bjov), 4. K\u0159enek (TJ Favorit Brno), 5. Rugovac, 6. Vone\u0161 (oba Dukla Praha).<\/p>\n\n\n\n<p>Madison:<\/p>\n\n\n\n<p>Mu\u017ei:<\/p>\n\n\n\n<p>1. Rugovac, Vone\u0161 (Dukla Praha) 52, 2. R. Vl\u010dek, Sm\u00e9kal (Tufo Pardus Prost\u011bjov) 26, 3. Pietrula, &nbsp;Voltr (Dukla Praha\/Topforex) 24, 4. \u010cekal, K\u0159enek (TJ Favorit Brno) 17.<\/p>\n\n\n\n<p>Junio\u0159i:<\/p>\n\n\n\n<p>1. M. Kobl\u00ed\u017eek, \u0160tec (Tufo Pardus Prost\u011bjov) 100, 2. \u010cepek, \u0160irok\u00fd (TJ Favorit Brno) 21, 3. V\u00e1vra, Sejkot (Dukla Praha) 11.<\/p>\n\n\n\n<p>\u017d\u00e1ci:<\/p>\n\n\n\n<p>1. Richtr, Mokr\u00fd (TJ Favorit Brno) 23, 2. Jaro\u0161, Pit\u00e1k (Mapei Merida Ka\u0148kovsk\u00fd) 14, 3. Mat\u011bjek, Just (TJ Favorit Brno) 11.<\/p>\n\n\n\n<p>Kadeti:<\/p>\n\n\n\n<p>1. Hlad\u00edk, Kotschy (SK Pet\u0159\u00edn Plze\u0148) 25, 2. Rich. Kobr, Rob. Kobr 16, 3. Kohout, Vl\u010dek (v\u0161ichni Roman Kreuziger Cycling Academy) 15.<\/p>\n\n\n\n<p>Kadetky:<\/p>\n\n\n\n<p>1. M\u00fcllerov\u00e1, Hermanov\u00e1 (Tufo Pardus Prost\u011bjov\/Sportcomplex B\u0159eclav) 22, 2. Markov\u00e1, Strakat\u00e1 (Dukla Praha) 12, 3. Mikul\u00e1\u0161kov\u00e1, Lazarov\u00e1 (TJ Favorit Brno) 10.<\/p>\n\n\n\n<p>\u017deny a juniorky:<\/p>\n\n\n\n<p>1. A. Jaborn\u00edkov\u00e1, Poulov\u00e1 (Dukla Brno) 26, 2. N\u011bmcov\u00e1, Runtov\u00e1 (Sportcomplex B\u0159eclav\/Sportraces Cycling Team) 1, 3. S. D\u017eerengov\u00e1, Hejhalov\u00e1 (Dukla Praha) -12.<\/p>\n\n\n\n<p>FOTO Michal Mr\u00e1\u010dek\u00a0\u00a0\u00a0<\/p>\n\n\n\n<figure class=\"wp-block-image size-large\"><img loading=\"lazy\" decoding=\"async\" width=\"1024\" height=\"766\" src=\"https:\/\/www.czechcyclingfederation.com\/wp-content\/uploads\/2021\/09\/IMG-20210925-WA0004.jpg\" alt=\"\" class=\"wp-image-9778\" srcset=\"https:\/\/www.czechcyclingfederation.com\/wp-content\/uploads\/2021\/09\/IMG-20210925-WA0004.jpg 1024w, https:\/\/www.czechcyclingfederation.com\/wp-content\/uploads\/2021\/09\/IMG-20210925-WA0004-267x200.jpg 267w, https:\/\/www.czechcyclingfederation.com\/wp-content\/uploads\/2021\/09\/IMG-20210925-WA0004-768x575.jpg 768w\" sizes=\"auto, (max-width: 1024px) 100vw, 1024px\" \/><\/figure>\n\n\n\n<figure class=\"wp-block-image size-large\"><img loading=\"lazy\" decoding=\"async\" width=\"1024\" height=\"766\" src=\"https:\/\/www.czechcyclingfederation.com\/wp-content\/uploads\/2021\/09\/IMG-20210925-WA0003.jpg\" alt=\"\" class=\"wp-image-9779\" srcset=\"https:\/\/www.czechcyclingfederation.com\/wp-content\/uploads\/2021\/09\/IMG-20210925-WA0003.jpg 1024w, https:\/\/www.czechcyclingfederation.com\/wp-content\/uploads\/2021\/09\/IMG-20210925-WA0003-267x200.jpg 267w, https:\/\/www.czechcyclingfederation.com\/wp-content\/uploads\/2021\/09\/IMG-20210925-WA0003-768x575.jpg 768w\" sizes=\"auto, (max-width: 1024px) 100vw, 1024px\" \/><\/figure>\n\n\n\n<p>\u00a0\u00a0\u00a0\u00a0\u00a0\u00a0\u00a0\u00a0\u00a0\u00a0\u00a0\u00a0\u00a0\u00a0\u00a0\u00a0\u00a0\u00a0\u00a0\u00a0\u00a0\u00a0\u00a0\u00a0\u00a0\u00a0\u00a0\u00a0\u00a0\u00a0\u00a0\u00a0\u00a0\u00a0\u00a0\u00a0\u00a0\u00a0\u00a0\u00a0\u00a0\u00a0\u00a0\u00a0\u00a0\u00a0\u00a0\u00a0\u00a0\u00a0\u00a0\u00a0\u00a0\u00a0\u00a0\u00a0\u00a0<\/p>\n","protected":false},"excerpt":{"rendered":"<p>Na mistrovstv\u00ed \u010cesk\u00e9 republik na dr\u00e1ze v\u00a0Prost\u011bjov\u011b se dnes bojovalo o medaile v\u00a0Edisonu a\u00a0 mu\u017ei m\u011bli na programu nav\u00edc scratch. \u0160ampiony v\u00a0madisonu se stali Denis Rugovac a Jan Vone\u0161 z Dukly Praha, spolu s\u00a0nimi vystoupili na stupn\u011b v\u00edt\u011bz\u016f Radek Vl\u010dek a Ren\u00e9 Sm\u00e9kal (Tufo Pardus Prost\u011bjov) a bronz brala dvojice Nicolas Pietrula, Martin Voltr (Dukla [&hellip;]<\/p>\n","protected":false},"author":8,"featured_media":9777,"comment_status":"closed","ping_status":"open","sticky":false,"template":"","format":"standard","meta":{"footnotes":""},"categories":[54,2],"tags":[9],"class_list":["post-9776","post","type-post","status-publish","format-standard","has-post-thumbnail","hentry","category-draha","category-novinky","tag-draha"],"_links":{"self":[{"href":"https:\/\/www.czechcyclingfederation.com\/en\/wp-json\/wp\/v2\/posts\/9776","targetHints":{"allow":["GET"]}}],"collection":[{"href":"https:\/\/www.czechcyclingfederation.com\/en\/wp-json\/wp\/v2\/posts"}],"about":[{"href":"https:\/\/www.czechcyclingfederation.com\/en\/wp-json\/wp\/v2\/types\/post"}],"author":[{"embeddable":true,"href":"https:\/\/www.czechcyclingfederation.com\/en\/wp-json\/wp\/v2\/users\/8"}],"replies":[{"embeddable":true,"href":"https:\/\/www.czechcyclingfederation.com\/en\/wp-json\/wp\/v2\/comments?post=9776"}],"version-history":[{"count":1,"href":"https:\/\/www.czechcyclingfederation.com\/en\/wp-json\/wp\/v2\/posts\/9776\/revisions"}],"predecessor-version":[{"id":9780,"href":"https:\/\/www.czechcyclingfederation.com\/en\/wp-json\/wp\/v2\/posts\/9776\/revisions\/9780"}],"wp:featuredmedia":[{"embeddable":true,"href":"https:\/\/www.czechcyclingfederation.com\/en\/wp-json\/wp\/v2\/media\/9777"}],"wp:attachment":[{"href":"https:\/\/www.czechcyclingfederation.com\/en\/wp-json\/wp\/v2\/media?parent=9776"}],"wp:term":[{"taxonomy":"category","embeddable":true,"href":"https:\/\/www.czechcyclingfederation.com\/en\/wp-json\/wp\/v2\/categories?post=9776"},{"taxonomy":"post_tag","embeddable":true,"href":"https:\/\/www.czechcyclingfederation.com\/en\/wp-json\/wp\/v2\/tags?post=9776"}],"curies":[{"name":"wp","href":"https:\/\/api.w.org\/{rel}","templated":true}]}}