{"id":976,"date":"2020-06-24T09:50:50","date_gmt":"2020-06-24T07:50:50","guid":{"rendered":"http:\/\/www.czechcyclingfederation.com\/?p=976"},"modified":"2020-07-16T13:40:59","modified_gmt":"2020-07-16T11:40:59","slug":"krakonosuv-cyklomaraton-vyhral-adam-toupalik","status":"publish","type":"post","link":"https:\/\/www.czechcyclingfederation.com\/en\/krakonosuv-cyklomaraton-vyhral-adam-toupalik\/","title":{"rendered":"Krakono\u0161\u016fv cyklomaraton vyhr\u00e1l Adam \u0164oupal\u00edk"},"content":{"rendered":"\n<p>Prvn\u00ed velk\u00e9 leto\u0161n\u00ed silni\u010dn\u00ed kl\u00e1n\u00ed na \u010desk\u00e9m \u00fazem\u00ed &#8211; Krakono\u0161\u016fv cyklomaraton &#8211; se startem i c\u00edlem v Trutnov\u011b vyhr\u00e1l Adam \u0164oupal\u00edk ze st\u00e1je Kasper Elkov. Po 134 kilometrech zdola ve spurtu Josefa \u010cern\u00e9ho z polsk\u00e9 st\u00e1j CCC Team a s minim\u00e1ln\u00edm odstupem skon\u010dil Jan Hirt, rovn\u011b\u017e z\u00e1vodn\u00edk CCC Teamu.<\/p>\n\n\n\n<p>Cyklist\u016fm nep\u0159\u00e1lo po\u010das\u00ed, prakticky cel\u00fd z\u00e1vod je prov\u00e1zel d\u00e9\u0161\u0165 a chlad. Prakticky hned od startu ujela v\u0161em soupe\u0159\u016fm trojice \u010cern\u00fd, A. \u0164oupal\u00edk a slovensk\u00fd biker Tom\u00e1\u0161 Vi\u0161\u0148ovsk\u00fd z t\u00fdmu \u010cesk\u00e1 spo\u0159itelna \u2013 Accolade cycling team. Vedouc\u00ed trio dojelo na \u010dele na stoup\u00e1n\u00ed na Pra\u017eskou boudu, kde se na ni dot\u00e1hl Hirt.<\/p>\n\n\n\n<p>Spole\u010dn\u011b potom p\u0159ejeli vrcha\u0159skou pr\u00e9mii na Hofmanov\u00fdch boud\u00e1ch, ale ve sjezdu na Hr\u00e1de\u010dek nesta\u010dil Vi\u0161\u0148ovsk\u00fd, kter\u00fd odpadl. Dvojice jezdc\u016f polsk\u00e9 st\u00e1je CCC se sna\u017eila \u0164oupal\u00edkovi nastupovat a set\u0159\u00e1st jej, ale ten si jejich ve\u0161ker\u00e9 pokusy ohl\u00eddal. V posledn\u00edch des\u00edtk\u00e1ch metr\u016f trochu zaostal Hirt a \u0164oupal\u00edk ve spurtu hladce zdolal \u010cern\u00e9ho.<\/p>\n\n\n\n<p>&#8220;V tom de\u0161ti se mi moc ani startovat necht\u011blo, ale nakonec se mi je dob\u0159e. Cel\u00fd z\u00e1vod jsem jel v pohod\u011b a dok\u00e1zal jsem si pohl\u00eddat \u00fatoky dvojice \u010cern\u00fd &#8211; Hirt. V z\u00e1v\u011bre\u010dn\u00e9m spurtu jsem si v\u011b\u0159il a jsem moc r\u00e1d, \u017ee jsem vybojoval pro sebe i cel\u00fd t\u00fdm cenn\u00e9 v\u00edt\u011bzstv\u00ed,&#8221; \u0159ekl Adam \u0164oupal\u00edk.<\/p>\n\n\n\n<p>V\u00fdsledky:<\/p>\n\n\n\n<p>Dlouh\u00e1 tra\u0165 134 km:<\/p>\n\n\n\n<p>1. A. \u0164oupal\u00edk (Kasper Elkov) 3:36:09, 2. \u010cern\u00fd stejn\u00fd \u010das, 3. Hirt (oba CCC Team) oba +7, 4. Vi\u0161\u0148ovsk\u00fd (SR\/\u010cesk\u00e1 spo\u0159itelna \u2013 Accolade cycling team) +1:26, 5. Vako\u010d (Alpecin Fenix), 6. Neuman (Elkov Kasper) oba +1:57, 7. J. \u0164oupal\u00edk (Topforex Lapierre), 8, Bou\u010dek (oba Topforex Lapierre), 9. M. Vacek (Team Giorgi A.S.D.), 10. Boro\u0161 (\u010cEZ cyklo team T\u00e1bor) v\u0161ichni +1:58.<\/p>\n\n\n\n<p>\u017deny:<\/p>\n\n\n\n<p>1. Neumanov\u00e1 (\u010cesk\u00e1 spo\u0159itelna &#8211; Accolade) 4:05:04, 2. Korvasov\u00e1 (Dukla Praha) +4:42, 3. Drhov\u00e1 (\u010cesk\u00e1 spo\u0159itelna &#8211; Accolade) +16:36.<\/p>\n\n\n\n<figure class=\"wp-block-image\"><img loading=\"lazy\" decoding=\"async\" width=\"1024\" height=\"768\" src=\"https:\/\/www.czechcyclingfederation.com\/wp-content\/uploads\/2020\/06\/5330-1024x768.jpg\" alt=\"\" class=\"wp-image-977\" srcset=\"https:\/\/www.czechcyclingfederation.com\/wp-content\/uploads\/2020\/06\/5330.jpg 1024w, https:\/\/www.czechcyclingfederation.com\/wp-content\/uploads\/2020\/06\/5330-267x200.jpg 267w, https:\/\/www.czechcyclingfederation.com\/wp-content\/uploads\/2020\/06\/5330-768x576.jpg 768w\" sizes=\"auto, (max-width: 1024px) 100vw, 1024px\" \/><\/figure>\n","protected":false},"excerpt":{"rendered":"<p>Prvn\u00ed velk\u00e9 leto\u0161n\u00ed silni\u010dn\u00ed kl\u00e1n\u00ed na \u010desk\u00e9m \u00fazem\u00ed &#8211; Krakono\u0161\u016fv cyklomaraton &#8211; se startem i c\u00edlem v Trutnov\u011b vyhr\u00e1l Adam \u0164oupal\u00edk ze st\u00e1je Kasper Elkov. Po 134 kilometrech zdola ve spurtu Josefa \u010cern\u00e9ho z polsk\u00e9 st\u00e1j CCC Team a s minim\u00e1ln\u00edm odstupem skon\u010dil Jan Hirt, rovn\u011b\u017e z\u00e1vodn\u00edk CCC Teamu. Cyklist\u016fm nep\u0159\u00e1lo po\u010das\u00ed, prakticky cel\u00fd z\u00e1vod [&hellip;]<\/p>\n","protected":false},"author":2,"featured_media":977,"comment_status":"closed","ping_status":"open","sticky":false,"template":"","format":"standard","meta":{"footnotes":""},"categories":[2,18],"tags":[11],"class_list":["post-976","post","type-post","status-publish","format-standard","has-post-thumbnail","hentry","category-novinky","category-silnice","tag-silnice"],"_links":{"self":[{"href":"https:\/\/www.czechcyclingfederation.com\/en\/wp-json\/wp\/v2\/posts\/976","targetHints":{"allow":["GET"]}}],"collection":[{"href":"https:\/\/www.czechcyclingfederation.com\/en\/wp-json\/wp\/v2\/posts"}],"about":[{"href":"https:\/\/www.czechcyclingfederation.com\/en\/wp-json\/wp\/v2\/types\/post"}],"author":[{"embeddable":true,"href":"https:\/\/www.czechcyclingfederation.com\/en\/wp-json\/wp\/v2\/users\/2"}],"replies":[{"embeddable":true,"href":"https:\/\/www.czechcyclingfederation.com\/en\/wp-json\/wp\/v2\/comments?post=976"}],"version-history":[{"count":1,"href":"https:\/\/www.czechcyclingfederation.com\/en\/wp-json\/wp\/v2\/posts\/976\/revisions"}],"predecessor-version":[{"id":978,"href":"https:\/\/www.czechcyclingfederation.com\/en\/wp-json\/wp\/v2\/posts\/976\/revisions\/978"}],"wp:featuredmedia":[{"embeddable":true,"href":"https:\/\/www.czechcyclingfederation.com\/en\/wp-json\/wp\/v2\/media\/977"}],"wp:attachment":[{"href":"https:\/\/www.czechcyclingfederation.com\/en\/wp-json\/wp\/v2\/media?parent=976"}],"wp:term":[{"taxonomy":"category","embeddable":true,"href":"https:\/\/www.czechcyclingfederation.com\/en\/wp-json\/wp\/v2\/categories?post=976"},{"taxonomy":"post_tag","embeddable":true,"href":"https:\/\/www.czechcyclingfederation.com\/en\/wp-json\/wp\/v2\/tags?post=976"}],"curies":[{"name":"wp","href":"https:\/\/api.w.org\/{rel}","templated":true}]}}