{"id":9719,"date":"2021-09-21T21:06:51","date_gmt":"2021-09-21T19:06:51","guid":{"rendered":"https:\/\/www.czechcyclingfederation.com\/?p=9719"},"modified":"2021-09-21T23:15:53","modified_gmt":"2021-09-21T21:15:53","slug":"kvasnickova-jedenacta-v-casovce-na-ms","status":"publish","type":"post","link":"https:\/\/www.czechcyclingfederation.com\/en\/kvasnickova-jedenacta-v-casovce-na-ms\/","title":{"rendered":"Kvasni\u010dkov\u00e1 jeden\u00e1ct\u00e1 v \u010dasovce na MS!"},"content":{"rendered":"\n<p>Eli\u0161ka Kvasni\u010dkov\u00e1 se postarala o zat\u00edm nejlep\u0161\u00ed \u010desk\u00fd v\u00fdsledek na mistrovstv\u00ed sv\u011bta v&nbsp;silni\u010dn\u00ed cyklistice v&nbsp;Belgii, kdy\u017e v&nbsp;\u010dasovce juniorek obsadila velmi dobr\u00e9 11. m\u00edsto z&nbsp;55 startuj\u00edc\u00edch.<\/p>\n\n\n\n<p>Na v\u00edt\u011bznou Rusku Ivan\u010denkovou ztratila \u010desk\u00e1 z\u00e1vodnice na trati dlouh\u00e9 19,3 km p\u0159es dv\u011b minuty. Odsko\u010den\u00e9 ale byly jen t\u0159i medailistky, za nimi to bylo hodn\u011b vyrovnan\u00e9. Od osm\u00e9ho m\u00edsta d\u011blilo Kvasni\u010dkovou pouze \u0161est vte\u0159in.<\/p>\n\n\n\n<p>\u201eJsem spokojen\u00e1. Bylo to fakt na\u0161lapan\u00e9. Kdybych jela o p\u00e1r vte\u0159in rychleji, mohla jsem b\u00fdt t\u0159eba osm\u00e1, ale za mnou ty odstupy dal\u0161\u00edch z\u00e1vodnic taky moc velk\u00e9 nebyly,\u201c \u0159ekla Kvasni\u010dkov\u00e1.<\/p>\n\n\n\n<p>\u201eNa to, \u017ee Eli\u0161ka jezd\u00ed na silnici teprve rok, tak je to velk\u00fd \u00fasp\u011bch. \u010casovka je i o zku\u0161enostech, kter\u00e9 j\u00ed je\u0161t\u011b trochu chyb\u00ed, ale p\u0159\u00ed\u0161t\u00ed rok m\u016f\u017ee re\u00e1ln\u011b myslet na top 5,\u201c \u0159ekl reprezenta\u010dn\u00ed tren\u00e9r Tom\u00e1\u0161 Kone\u010dn\u00fd.<\/p>\n\n\n\n<p>\u00da\u0159aduj\u00edc\u00ed mistryn\u011b republiky v&nbsp;\u010dasovce potvrdila v\u00fdbornou formu. P\u0159ed p\u00e1r dny skon\u010dila osm\u00e1 na evropsk\u00e9m \u0161ampion\u00e1tu a nyn\u00ed p\u0159idala dal\u0161\u00ed \u00fasp\u011bch v&nbsp;boji se sv\u011btovou elitou. Druh\u00e1 \u010desk\u00e1 reprezentantka Julia Kopecky obsadila 45. m\u00edsto.<\/p>\n\n\n\n<p>V&nbsp;\u010dasovce junior\u016f to bylo na\u0161lapan\u00e9 je\u0161t\u011b v\u00edce. Oba \u010ce\u0161i se se\u0159adili ve v\u00fdsledkov\u00e9 listin\u011b hned za sebou na 32. (Maty\u00e1\u0161 Kopecky) a 33. (\u0160t\u011bp\u00e1n Teleck\u00fd). Na mistra sv\u011bta, D\u00e1na Wanga, ztratili v&nbsp;\u010dasovce na 22,3 km shodn\u011b 1:48 min.<\/p>\n\n\n\n<p>\u201e\u010casovka bylo hodn\u011b t\u011b\u017ek\u00e1, rychl\u00e1. S\u00edly jsem si rozvrhl dob\u0159e, podle watt\u016f jsem jel svoje maximum. Tak\u017ee m\u016f\u017eu b\u00fdt celkem spokojen,\u201c p\u0159iznal Kopecky. \u201eNa m\u011b by ta \u010dasovka mohla b\u00fdt trochu techni\u010dt\u011bj\u0161\u00ed, ale bylo to pro v\u0161echny stejn\u00e9,\u201c dodal. \u201eMoc jsem nev\u011bd\u011bl, co od sebe m\u016f\u017eu \u010dekat, bylo to moje prvn\u00ed mistrovstv\u00ed sv\u011bta. Zajel jsem asi to, na co moment\u00e1ln\u011b m\u00e1m,\u201c uvedl Teleck\u00fd.<\/p>\n\n\n\n<p>\u201eUm\u00edst\u011bn\u00ed sice na pap\u00ed\u0159e nevypad\u00e1 n\u011bjak fantasticky, ale u junior\u016f byla ta \u010dasovka nesm\u00edrn\u011b vyrovnan\u00e1. Oba kluci ztratili p\u0159es minutu \u010dty\u0159icet a sta\u010dilo to na \u010dtvrtou des\u00edtku. Na n\u011bjak\u00e9 \u0161est\u00e9 m\u00edsto jim chyb\u011bla jen minuta. Ale oba zajeli p\u011bknou \u010dasovku a p\u0159edvedli slu\u0161n\u00fd v\u00fdkon,\u201c hodnotil Tom\u00e1\u0161 Kone\u010dn\u00fd.<\/p>\n\n\n\n<p><strong>\u010casovka juniorek<\/strong> (19,3 km): 1. Ivan\u010denkov\u00e1 (Rus.) 25:05, 2. Backstedtov\u00e1 (Brit.) +10, 3. Niedermaierov\u00e1 (N\u011bm.) +25, 4. van der Meidenov\u00e1 (Niz.) + 1:25, 5. Leechov\u00e1 (Brit.) + 1:26, &#8230; <strong>11. Kvasni\u010dkov\u00e1<\/strong> +2:21, <strong>45. J. Kopecky<\/strong> (ob\u011b \u010cR) +3:57.<\/p>\n\n\n\n<p><strong>\u010casovka junior\u016f<\/strong> (22,3 km): Wang (D\u00e1n.) 25:37, 2. Tarling (Brit.) +20, 3. Segaert (Belg.) +29, 4. B\u00e9vort (D\u00e1n.) +30, 5. Le Huitouze (Fr.) +33, \u2026 <strong>32. M. Kopecky<\/strong>, <strong>33. Teleck\u00fd <\/strong>(oba \u010cR) oba +1:48.<\/p>\n\n\n\n<p>Foto: \u010cSC<\/p>\n\n\n\n<figure class=\"wp-block-image size-large\"><img decoding=\"async\" src=\"https:\/\/www.czechcyclingfederation.com\/wp-content\/uploads\/2021\/09\/9b4272fc-2f77-47fb-87cd-6831de2fdb89-1024x768.jpg\" alt=\"\" class=\"wp-image-9721\"\/><\/figure>\n\n\n\n<figure class=\"wp-block-image size-large\"><img decoding=\"async\" src=\"https:\/\/www.czechcyclingfederation.com\/wp-content\/uploads\/2021\/09\/c8deb51e-765e-47f3-8327-3c48c07e2007-1024x768.jpg\" alt=\"\" class=\"wp-image-9723\"\/><\/figure>\n","protected":false},"excerpt":{"rendered":"<p>Eli\u0161ka Kvasni\u010dkov\u00e1 se postarala o zat\u00edm nejlep\u0161\u00ed \u010desk\u00fd v\u00fdsledek na mistrovstv\u00ed sv\u011bta v&nbsp;silni\u010dn\u00ed cyklistice v&nbsp;Belgii, kdy\u017e v&nbsp;\u010dasovce juniorek obsadila velmi dobr\u00e9 11. m\u00edsto z&nbsp;55 startuj\u00edc\u00edch. Na v\u00edt\u011bznou Rusku Ivan\u010denkovou ztratila \u010desk\u00e1 z\u00e1vodnice na trati dlouh\u00e9 19,3 km p\u0159es dv\u011b minuty. Odsko\u010den\u00e9 ale byly jen t\u0159i medailistky, za nimi to bylo hodn\u011b vyrovnan\u00e9. Od osm\u00e9ho m\u00edsta [&hellip;]<\/p>\n","protected":false},"author":15,"featured_media":0,"comment_status":"closed","ping_status":"open","sticky":false,"template":"","format":"standard","meta":{"footnotes":""},"categories":[2,18,106],"tags":[11],"class_list":["post-9719","post","type-post","status-publish","format-standard","hentry","category-novinky","category-silnice","category-silnice-reprezentace","tag-silnice"],"_links":{"self":[{"href":"https:\/\/www.czechcyclingfederation.com\/en\/wp-json\/wp\/v2\/posts\/9719","targetHints":{"allow":["GET"]}}],"collection":[{"href":"https:\/\/www.czechcyclingfederation.com\/en\/wp-json\/wp\/v2\/posts"}],"about":[{"href":"https:\/\/www.czechcyclingfederation.com\/en\/wp-json\/wp\/v2\/types\/post"}],"author":[{"embeddable":true,"href":"https:\/\/www.czechcyclingfederation.com\/en\/wp-json\/wp\/v2\/users\/15"}],"replies":[{"embeddable":true,"href":"https:\/\/www.czechcyclingfederation.com\/en\/wp-json\/wp\/v2\/comments?post=9719"}],"version-history":[{"count":0,"href":"https:\/\/www.czechcyclingfederation.com\/en\/wp-json\/wp\/v2\/posts\/9719\/revisions"}],"wp:attachment":[{"href":"https:\/\/www.czechcyclingfederation.com\/en\/wp-json\/wp\/v2\/media?parent=9719"}],"wp:term":[{"taxonomy":"category","embeddable":true,"href":"https:\/\/www.czechcyclingfederation.com\/en\/wp-json\/wp\/v2\/categories?post=9719"},{"taxonomy":"post_tag","embeddable":true,"href":"https:\/\/www.czechcyclingfederation.com\/en\/wp-json\/wp\/v2\/tags?post=9719"}],"curies":[{"name":"wp","href":"https:\/\/api.w.org\/{rel}","templated":true}]}}