{"id":9699,"date":"2021-09-21T08:22:41","date_gmt":"2021-09-21T06:22:41","guid":{"rendered":"https:\/\/www.czechcyclingfederation.com\/?p=9699"},"modified":"2021-09-21T08:22:43","modified_gmt":"2021-09-21T06:22:43","slug":"kopecky-v-casovce-ve-ctvrte-desitce-mezi-zenami-ma-titul-van-dijkova","status":"publish","type":"post","link":"https:\/\/www.czechcyclingfederation.com\/en\/kopecky-v-casovce-ve-ctvrte-desitce-mezi-zenami-ma-titul-van-dijkova\/","title":{"rendered":"Kopecky v \u010dasovce ve \u010dtvrt\u00e9 des\u00edtce, mezi \u017eenami m\u00e1 titul van Dijkov\u00e1"},"content":{"rendered":"\n<p>\u010cesk\u00fd reprezentant Tom\u00e1\u0161 Kopecky nezajel na mistrovstv\u00ed sv\u011bta v&nbsp;Belgii \u010dasovku kategorie mu\u017e\u016f U23 v\u00fdsledkov\u011b \u00fapln\u011b podle p\u0159edstav a ve vyrovnan\u00e9m z\u00e1vod\u011b obsadil 34. m\u00edsto, kdy\u017e na v\u00edt\u011bzn\u00e9ho D\u00e1na Johana Priceho-Pejtersena ztratil na trase dlouh\u00e9 30,3 km 2:02 min.<\/p>\n\n\n\n<p>Kopecky v\u0161ak nem\u011bl na sv\u011btov\u00fd \u0161ampion\u00e1t ide\u00e1ln\u00ed p\u0159\u00edpravu, proto\u017ee na etapov\u00e9m z\u00e1vod\u011b Tour de l\u00b4Avenir, kde v&nbsp;prologu obsadil p\u00e1t\u00e9 m\u00edsto, musel kv\u016fli p\u00e1du a zran\u011bn\u00ed kolena ve 3. etap\u011b odstoupit. A l\u00e9\u010dba si vy\u017e\u00e1dala n\u011bkolikadenn\u00ed pauzu v&nbsp;tr\u00e9ninku.<\/p>\n\n\n\n<p>Titul vybojoval D\u00e1n Petersen, kter\u00fd p\u0159ed p\u00e1r dny slavil v&nbsp;It\u00e1lii titul evropsk\u00e9ho \u0161ampi\u00f3na v&nbsp;\u010dasovce a nyn\u00ed p\u0159idal do sb\u00edrky je\u0161t\u011b cenn\u011bj\u0161\u00ed kov.<\/p>\n\n\n\n<p>V&nbsp;\u010dasovce \u017een, kde \u017e\u00e1dn\u00e1 \u010desk\u00e1 z\u00e1vodnice nestartovala, vybojovala zlato Nizozemka Ellen van Dijkov\u00e1. Vyhr\u00e1la p\u0159ed \u0160v\u00fdcarkou Marlen Reusserovou a krajankou Annemiek van Vleutenovou.<\/p>\n\n\n\n<p>\u010cty\u0159iat\u0159icetilet\u00e1 van Dijkov\u00e1 z\u00edskala na ned\u00e1vn\u00e9m ME hned dv\u011b medaile, v&nbsp;\u010dasovce byla druh\u00e1 a silni\u010dn\u00ed z\u00e1vod vyhr\u00e1la. Ze sv\u011btov\u00e9ho \u0161ampion\u00e1tu m\u00e1 ji\u017e druh\u00e9 zlato, to prvn\u00ed z\u00edskala u\u017e v&nbsp;roce 2013.<\/p>\n\n\n\n<p>\u201eJe to spln\u011bn\u00fd sen, cel\u00fd rok jsem se k&nbsp;tomu up\u00ednala,\u201c \u0159ekla van Dijkov\u00e1. \u201eTra\u0165 pro m\u011b byla \u00fapln\u011b skv\u011bl\u00e1 a jsem nesm\u00edrn\u011b \u0161\u0165astn\u00e1, \u017ee to vy\u0161lo na titul. Mo\u017en\u00e1 to byla moje \u017eivotn\u00ed \u010dasovka,\u201c dodala \u0161ampi\u00f3nka, kter\u00e1 se na tra\u0165 vydala u\u017e jako 20. z&nbsp;50 startuj\u00edc\u00edch \u017een a v&nbsp;c\u00edli musela dlouho \u010dekat, na co jej\u00ed v\u00fdkon bude sta\u010dit. Nakonec ji \u017e\u00e1dn\u00e1 ze soupe\u0159ek p\u0159ekonat nedok\u00e1zala.<\/p>\n\n\n\n<p><strong>\u010casovka \u017een <\/strong>(30,3 km): 1. van Dijkov\u00e1 (Niz.) 36:05, 2. Reusserov\u00e1 (\u0160v\u00fdc.) +10 s, 3. van Vleutenov\u00e1 (Niz.) +24, 4. Nebenov\u00e1 (USA) +1:24<\/p>\n\n\n\n<p>5. Brennauerov\u00e1 (N\u011bm.) +1:30, 6. Labousov\u00e1 (Fr.) +1:47.<\/p>\n\n\n\n<p><strong>\u010casovka mu\u017e\u016f U23 <\/strong>(30,3 km): 1. Price-Pejtersen (D\u00e1n.) 34:29, 2. Plapp (Austr.) +10, 3. Vermeersch (Belg.) +12, 4. W\u00e6renskjold (Nor.) +13, 5. van Dijke + 24, 6. Hoole (oba Niz.) + 39, &#8230; <strong>34. T. Kopecky <\/strong>(\u010cR) +2:02.<\/p>\n\n\n\n<p>Foto: \u010cSC<\/p>\n\n\n\n<figure class=\"wp-block-image size-large\"><img decoding=\"async\" src=\"https:\/\/www.czechcyclingfederation.com\/wp-content\/uploads\/2021\/09\/6df69cf6-b128-4276-9374-c053ef97dbe1-1024x768.jpg\" alt=\"\" class=\"wp-image-9701\"\/><\/figure>\n\n\n\n<figure class=\"wp-block-image size-large\"><img decoding=\"async\" src=\"https:\/\/www.czechcyclingfederation.com\/wp-content\/uploads\/2021\/09\/547f5fbe-d4d2-4d2d-a856-4d03fcea2d03.jpg\" alt=\"\" class=\"wp-image-9702\"\/><\/figure>\n","protected":false},"excerpt":{"rendered":"<p>\u010cesk\u00fd reprezentant Tom\u00e1\u0161 Kopecky nezajel na mistrovstv\u00ed sv\u011bta v&nbsp;Belgii \u010dasovku kategorie mu\u017e\u016f U23 v\u00fdsledkov\u011b \u00fapln\u011b podle p\u0159edstav a ve vyrovnan\u00e9m z\u00e1vod\u011b obsadil 34. m\u00edsto, kdy\u017e na v\u00edt\u011bzn\u00e9ho D\u00e1na Johana Priceho-Pejtersena ztratil na trase dlouh\u00e9 30,3 km 2:02 min. Kopecky v\u0161ak nem\u011bl na sv\u011btov\u00fd \u0161ampion\u00e1t ide\u00e1ln\u00ed p\u0159\u00edpravu, proto\u017ee na etapov\u00e9m z\u00e1vod\u011b Tour de l\u00b4Avenir, kde v&nbsp;prologu [&hellip;]<\/p>\n","protected":false},"author":15,"featured_media":0,"comment_status":"closed","ping_status":"open","sticky":false,"template":"","format":"standard","meta":{"footnotes":""},"categories":[2,18,106],"tags":[11],"class_list":["post-9699","post","type-post","status-publish","format-standard","hentry","category-novinky","category-silnice","category-silnice-reprezentace","tag-silnice"],"_links":{"self":[{"href":"https:\/\/www.czechcyclingfederation.com\/en\/wp-json\/wp\/v2\/posts\/9699","targetHints":{"allow":["GET"]}}],"collection":[{"href":"https:\/\/www.czechcyclingfederation.com\/en\/wp-json\/wp\/v2\/posts"}],"about":[{"href":"https:\/\/www.czechcyclingfederation.com\/en\/wp-json\/wp\/v2\/types\/post"}],"author":[{"embeddable":true,"href":"https:\/\/www.czechcyclingfederation.com\/en\/wp-json\/wp\/v2\/users\/15"}],"replies":[{"embeddable":true,"href":"https:\/\/www.czechcyclingfederation.com\/en\/wp-json\/wp\/v2\/comments?post=9699"}],"version-history":[{"count":0,"href":"https:\/\/www.czechcyclingfederation.com\/en\/wp-json\/wp\/v2\/posts\/9699\/revisions"}],"wp:attachment":[{"href":"https:\/\/www.czechcyclingfederation.com\/en\/wp-json\/wp\/v2\/media?parent=9699"}],"wp:term":[{"taxonomy":"category","embeddable":true,"href":"https:\/\/www.czechcyclingfederation.com\/en\/wp-json\/wp\/v2\/categories?post=9699"},{"taxonomy":"post_tag","embeddable":true,"href":"https:\/\/www.czechcyclingfederation.com\/en\/wp-json\/wp\/v2\/tags?post=9699"}],"curies":[{"name":"wp","href":"https:\/\/api.w.org\/{rel}","templated":true}]}}