{"id":9632,"date":"2021-09-15T12:14:35","date_gmt":"2021-09-15T10:14:35","guid":{"rendered":"https:\/\/www.czechcyclingfederation.com\/?p=9632"},"modified":"2021-09-15T13:22:10","modified_gmt":"2021-09-15T11:22:10","slug":"brambora-z-tokia-potvrdila-zivotni-sezonu-patrika-jahody","status":"publish","type":"post","link":"https:\/\/www.czechcyclingfederation.com\/en\/brambora-z-tokia-potvrdila-zivotni-sezonu-patrika-jahody\/","title":{"rendered":"Brambora z Tokia potvrdila \u017eivotn\u00ed sezonu Patrika Jahody"},"content":{"rendered":"\n<p>V\u00fdborn\u00e9, ale nepopul\u00e1rn\u00ed \u010dtvrt\u00e9 m\u00edsto, vybojoval na paralympijsk\u00fdch hr\u00e1ch v Tokiu \u010desk\u00fd reprezentant a \u010dlen t\u00fdmu NUTREND Specialized Racing Patrik Jahoda. Postaral se tak o v\u016fbec nehodnotn\u011bj\u0161\u00ed v\u00fdsledek \u010desk\u00e9 cyklistick\u00e9 v\u00fdpravy na letn\u00edch paralympijsk\u00fdch a olympijsk\u00fdch hr\u00e1ch v Tokiu.<\/p>\n\n\n\n<p>\u00da\u0159aduj\u00edc\u00ed mistr Evropy zaostal jenom kousek od bronzov\u00e9 medaile v \u010dasovce jednotlivc\u016f,, kdy\u017e zajel z\u00e1vod na hranici sv\u00fdm absolutn\u00edch mo\u017enost\u00ed. Patrik je v kategorii handbiker\u016f MH1 limitov\u00e1n slo\u017eitost\u00ed klasifika\u010dn\u00edho syst\u00e9mu, kter\u00fd je pro jezdce s velmi vysok\u00fdm handicapem, kter\u00fd Patrik m\u00e1, nep\u0159\u00edzniv\u00fd v porovn\u00e1n\u00ed se soupe\u0159i, jejich\u017e omezen\u00ed nen\u00ed tak velk\u00e9.<\/p>\n\n\n\n<p>Kvalitn\u00edmu v\u00fdsledku a um\u00edst\u011bn\u00ed v Tokiu pod\u0159\u00eddil Patrik a jeho t\u00fdm v\u0161e v dlouhodob\u00e9 p\u0159\u00edprav\u011b a v\u00fdrazn\u00e9 zlep\u0161en\u00ed na\u0161eho nejlep\u0161\u00edho handicapovan\u00e9ho cyklisty sou\u010dasnosti je z\u0159ejm\u00e9. Patrik za\u017e\u00edv\u00e1 svou \u017eivotn\u00ed sez\u00f3nu, nejen v\u00fdkonov\u011b ale i v\u00fdsledkov\u011b.<\/p>\n\n\n\n<p>A jak s\u00e1m Patrik sezonu hodnot\u00ed? &#8220;Nebyla \u00fapln\u011b ide\u00e1ln\u00ed. Povedlo se mi z\u00edskat bronz na Sv\u011btov\u00e9m poh\u00e1ru v Belgii v tak ot\u0159esn\u00fdch podm\u00ednk\u00e1ch, \u017ee si to \u010dlov\u011bk nemohl ani u\u017e\u00edt. Jak mistrovstv\u00ed sv\u011bta, tak paralympi\u00e1da dopadly \u010dtvrt\u00fdmi m\u00edsty, co\u017e je zklam\u00e1n\u00ed. Aspo\u0148 jsem si spravil chu\u0165 titulem mistra Evropy v \u010dasovce.&#8221;<\/p>\n\n\n\n<p>Po v\u00fdkonnostn\u00ed str\u00e1nce pr\u00fd ale sezona \u00fasp\u011b\u0161n\u00e1 bezesporu byla. &#8220;Na v\u0161ech vrcholech, kter\u00e9 jsme si p\u0159ed sez\u00f3nou vyty\u010dili, se mi povedlo m\u00edt \u0161pi\u010dkovou formu a zaj\u00ed\u017ed\u011bl jsem sv\u00e9 maxim\u00e1ln\u00ed v\u00fdkony. Bohu\u017eel ani to v\u011bt\u0161inou nesta\u010dilo,&#8221; pokra\u010doval a p\u0159iznal, \u017ee atmosf\u00e9ru paralympi\u00e1dy si p\u0159i sv\u00e9 premi\u00e9\u0159e ani moc neu\u017eil. &#8220;Up\u0159\u00edmn\u011b \u0159e\u010deno, t\u00edm, \u017ee byla cyklistika \u00fapln\u011b separovan\u00e1 a nav\u00edc bez div\u00e1k\u016f, mi to p\u0159i\u0161lo jako kter\u00fdkoliv jin\u00fd z\u00e1vod Sv\u011btov\u00e9ho poh\u00e1ru. V tomto pohledu bylo pro m\u011b Tokio ur\u010dit\u011b zklam\u00e1n\u00ed.&#8221;<\/p>\n\n\n\n<p>V sou\u010dasn\u00e9 dob\u011b ji\u017e mysl\u00ed na p\u0159\u00ed\u0161t\u00ed rok. &#8220;&#8221;Cht\u011bl bych obh\u00e1jit titul mistra Evropy a pokud mo\u017eno p\u0159idat i titul ze silni\u010dn\u00edho z\u00e1vodu. Dal\u0161\u00edmi c\u00edli jsou p\u00f3diov\u00e1 um\u00edst\u011bn\u00ed na Sv\u011btov\u00fdch poh\u00e1rech a samoz\u0159ejm\u011b na mistrovstv\u00ed sv\u011bta,&#8221; dodal Patrik Jahoda.<\/p>\n\n\n\n<p>V\u00fdsledky Patrika Jahody v roce 2021:<\/p>\n\n\n\n<p>mistr Evropy &#8211; \u010dasovka (Upper)<\/p>\n\n\n\n<p>4. m\u00edsto oaralympijsk\u00e9 hry v Tokiu (\u010dasovka)<\/p>\n\n\n\n<p>3. m\u00edsto SP v silni\u010dn\u00edm z\u00e1vodu (Ostende)<\/p>\n\n\n\n<p>4. m\u00edsto SP v \u010dasovce (Ostende).<\/p>\n\n\n\n<p>FOTO Eduard Erben, Richard Jahoda<\/p>\n\n\n\n<figure class=\"wp-block-image size-large\"><img loading=\"lazy\" decoding=\"async\" width=\"936\" height=\"761\" src=\"http:\/\/www.czechcyclingfederation.com\/wp-content\/uploads\/2021\/09\/Patrik-Jahoda.jpg\" alt=\"\" class=\"wp-image-9633\" srcset=\"https:\/\/www.czechcyclingfederation.com\/wp-content\/uploads\/2021\/09\/Patrik-Jahoda.jpg 936w, https:\/\/www.czechcyclingfederation.com\/wp-content\/uploads\/2021\/09\/Patrik-Jahoda-246x200.jpg 246w, https:\/\/www.czechcyclingfederation.com\/wp-content\/uploads\/2021\/09\/Patrik-Jahoda-768x624.jpg 768w\" sizes=\"auto, (max-width: 936px) 100vw, 936px\" \/><\/figure>\n","protected":false},"excerpt":{"rendered":"<p>V\u00fdborn\u00e9, ale nepopul\u00e1rn\u00ed \u010dtvrt\u00e9 m\u00edsto, vybojoval na paralympijsk\u00fdch hr\u00e1ch v Tokiu \u010desk\u00fd reprezentant a \u010dlen t\u00fdmu NUTREND Specialized Racing Patrik Jahoda. Postaral se tak o v\u016fbec nehodnotn\u011bj\u0161\u00ed v\u00fdsledek \u010desk\u00e9 cyklistick\u00e9 v\u00fdpravy na letn\u00edch paralympijsk\u00fdch a olympijsk\u00fdch hr\u00e1ch v Tokiu. \u00da\u0159aduj\u00edc\u00ed mistr Evropy zaostal jenom kousek od bronzov\u00e9 medaile v \u010dasovce jednotlivc\u016f,, kdy\u017e zajel z\u00e1vod na [&hellip;]<\/p>\n","protected":false},"author":8,"featured_media":9635,"comment_status":"closed","ping_status":"open","sticky":false,"template":"","format":"standard","meta":{"footnotes":""},"categories":[2,99],"tags":[62],"class_list":["post-9632","post","type-post","status-publish","format-standard","has-post-thumbnail","hentry","category-novinky","category-paracyklistika","tag-paracyklistika"],"_links":{"self":[{"href":"https:\/\/www.czechcyclingfederation.com\/en\/wp-json\/wp\/v2\/posts\/9632","targetHints":{"allow":["GET"]}}],"collection":[{"href":"https:\/\/www.czechcyclingfederation.com\/en\/wp-json\/wp\/v2\/posts"}],"about":[{"href":"https:\/\/www.czechcyclingfederation.com\/en\/wp-json\/wp\/v2\/types\/post"}],"author":[{"embeddable":true,"href":"https:\/\/www.czechcyclingfederation.com\/en\/wp-json\/wp\/v2\/users\/8"}],"replies":[{"embeddable":true,"href":"https:\/\/www.czechcyclingfederation.com\/en\/wp-json\/wp\/v2\/comments?post=9632"}],"version-history":[{"count":2,"href":"https:\/\/www.czechcyclingfederation.com\/en\/wp-json\/wp\/v2\/posts\/9632\/revisions"}],"predecessor-version":[{"id":9636,"href":"https:\/\/www.czechcyclingfederation.com\/en\/wp-json\/wp\/v2\/posts\/9632\/revisions\/9636"}],"wp:featuredmedia":[{"embeddable":true,"href":"https:\/\/www.czechcyclingfederation.com\/en\/wp-json\/wp\/v2\/media\/9635"}],"wp:attachment":[{"href":"https:\/\/www.czechcyclingfederation.com\/en\/wp-json\/wp\/v2\/media?parent=9632"}],"wp:term":[{"taxonomy":"category","embeddable":true,"href":"https:\/\/www.czechcyclingfederation.com\/en\/wp-json\/wp\/v2\/categories?post=9632"},{"taxonomy":"post_tag","embeddable":true,"href":"https:\/\/www.czechcyclingfederation.com\/en\/wp-json\/wp\/v2\/tags?post=9632"}],"curies":[{"name":"wp","href":"https:\/\/api.w.org\/{rel}","templated":true}]}}