{"id":9618,"date":"2021-09-15T08:36:28","date_gmt":"2021-09-15T06:36:28","guid":{"rendered":"https:\/\/www.czechcyclingfederation.com\/?p=9618"},"modified":"2021-09-15T08:49:41","modified_gmt":"2021-09-15T06:49:41","slug":"na-ms-do-belgie-jede-17-ceskych-cyklistu","status":"publish","type":"post","link":"https:\/\/www.czechcyclingfederation.com\/en\/na-ms-do-belgie-jede-17-ceskych-cyklistu\/","title":{"rendered":"Na MS do Belgie jede 17 \u010desk\u00fdch cyklist\u016f"},"content":{"rendered":"\n<p>Celkem 17 silni\u010dn\u00edch cyklist\u016f bude reprezentovat \u010ceskou republiku na mistrovstv\u00ed sv\u011bta v&nbsp;Belgii, kter\u00e9 se kon\u00e1 od 19. do 26. z\u00e1\u0159\u00ed. V&nbsp;nominaci, kterou schv\u00e1lila silni\u010dn\u00ed komise \u010cesk\u00e9ho svazu cyklistiky, nechyb\u011bj\u00ed borci z&nbsp;WorldTour jako Zden\u011bk \u0160tybar, Petr Vako\u010d, Josef \u010cern\u00fd nebo olympionik a nejlep\u0161\u00ed \u010desk\u00fd mu\u017e z&nbsp;ned\u00e1vn\u00e9ho ME Michael Kukrle.<\/p>\n\n\n\n<p>\u201eV nominaci je v&nbsp;podstat\u011b to nejlep\u0161\u00ed, co bylo v&nbsp;danou chv\u00edli k&nbsp;dispozici. Ur\u010dit\u011b m\u016f\u017eeme myslet skoro ve v\u0161ech kategori\u00edch na hodn\u011b dobr\u00e9 um\u00edst\u011bn\u00ed, co\u017e by byl v\u00fdsledek v&nbsp;top 10. Medaile by byla \u00fapln\u011b super, ale je to mistrovstv\u00ed sv\u011bta, kde bude skv\u011bl\u00e1 konkurence. K&nbsp;\u00fasp\u011bchu je pot\u0159eba krom\u011b formy i \u0161t\u011bst\u00ed,\u201c \u0159\u00edk\u00e1 reprezenta\u010dn\u00ed tren\u00e9r Tom\u00e1\u0161 Kone\u010dn\u00fd.<\/p>\n\n\n\n<p>Silni\u010dn\u00ed z\u00e1vody vrchol\u00ed na n\u00e1ro\u010dn\u00e9m m\u011bstsk\u00e9m okruhu v&nbsp;Leuvenu, kter\u00fd bude vyhovovat hlavn\u011b klasik\u00e1\u0159\u016fm. \u201eBude tam spousta nervozity, asi i p\u00e1d\u016f, pojede se po \u00fazk\u00fdch cest\u00e1ch. Rozhodnou i zku\u0161enosti a bude tam velk\u00fd boj o pozice,\u201c odhadoval tren\u00e9r.<\/p>\n\n\n\n<p>Do vrcholu \u0161ampion\u00e1tu, silni\u010dn\u00edho z\u00e1vodu mu\u017esk\u00e9 elity, nominoval kvarteto Zden\u011bk \u0160tybar, Petr Vako\u010d, Josef \u010cern\u00fd, Michael Kukrle. \u201eHlavn\u011b \u0160tybar s&nbsp;Vako\u010dem maj\u00ed s&nbsp;podobn\u00fdmi z\u00e1vody obrovsk\u00e9 zku\u0161enosti a bude jim to sed\u011bt. \u0160tybar nav\u00edc kousek od c\u00edle bydl\u00ed, tak\u017ee bude m\u00edt dvojn\u00e1sobnou motivaci. Ale hodn\u011b v\u011b\u0159\u00edm i Kukrlemu, kter\u00fd byl te\u010f na Evrop\u011b na\u0161\u00edm nejlep\u0161\u00edm mu\u017eem. Pepa \u010cern\u00fd bude sp\u00ed\u0161 v&nbsp;silni\u010dn\u00edm z\u00e1vod\u011b pracovat pro kluky, proto\u017ee pro n\u011bj je kl\u00ed\u010dov\u00e1 hlavn\u011b \u010dasovka a hodn\u011b se k&nbsp;n\u00ed up\u00edn\u00e1,\u201c prozradil Kone\u010dn\u00fd.<\/p>\n\n\n\n<p>V&nbsp;ostatn\u00edch kategori\u00edch je podle n\u011bj v\u00edce z\u00e1vodn\u00edk\u016f, kte\u0159\u00ed mohou pom\u00fd\u0161let na \u00fasp\u011bch. A jmenuje t\u0159eba sourozence s&nbsp;p\u0159\u00edjmen\u00edm Kopeck\u00fd, kte\u0159\u00ed \u017eij\u00ed v&nbsp;Nizozemsku. \u201eJulia zajela v&nbsp;juniork\u00e1ch n\u011bkolik velmi dobr\u00fdch v\u00fdsledk\u016f na Sv\u011btov\u00fdch poh\u00e1rech, v&nbsp;juniorech by m\u011bl z\u00faro\u010dit zku\u0161enosti Maty\u00e1\u0161 Kopecky, kter\u00fd je druhoro\u010d\u00e1k a ta tra\u0165 mu bude sed\u011bt. Oni jsou na podobn\u00e9 trat\u011b z&nbsp;Nizozemska zvykl\u00ed, bude to v&nbsp;podstat\u011b m\u011bstsk\u00e9 krit\u00e9rium po kostk\u00e1ch s&nbsp;kr\u00e1tk\u00fdmi prudk\u00fdmi v\u00fdjezdy,\u201c \u0159ekl tren\u00e9r.<\/p>\n\n\n\n<p>V&nbsp;kategorii mu\u017e\u016f U23 startuje je\u0161t\u011b jejich bratr Tom\u00e1\u0161 Kopecky. \u201eTen to sm\u011b\u0159uje hlavn\u011b k&nbsp;\u010dasovce, na Tour de l\u00b4Avenir byl p\u00e1t\u00fd v&nbsp;prologu. Bohu\u017eel m\u011bl pak v&nbsp;dal\u0161\u00edm pr\u016fb\u011bhu z\u00e1vodu p\u00e1d, zranil se a jeho p\u0159\u00edprava na \u0161ampion\u00e1t byla trochu ovlivn\u011bna. Proto po\u010d\u00edt\u00e1me, \u017ee v&nbsp;silni\u010dn\u00edm z\u00e1vod\u011b bude sp\u00ed\u0161 pom\u00e1hat kluk\u016fm, z&nbsp;nich\u017e m\u016f\u017ee usp\u011bt v&nbsp;podstat\u011b kdokoli. M\u00e1me tam hodn\u011b rychl\u00e9 z\u00e1vodn\u00edky, kte\u0159\u00ed maj\u00ed \u0161anci i ve spurtu, hlavn\u011b Bittnera,\u201c prohl\u00e1sil Tom\u00e1\u0161 Kone\u010dn\u00fd.<\/p>\n\n\n\n<p>Do Belgie jede nakonec jedin\u00e1 \u010desk\u00e1 \u017eena, a tou je zku\u0161en\u00e1 Jarmila Macha\u010dov\u00e1. Startovat bude jen v&nbsp;silni\u010dn\u00edm z\u00e1vod\u011b. \u201eNahl\u00e1\u0161en\u00e9 jsme m\u011bly \u010dty\u0159i z\u00e1vodnice, jen\u017ee Neumanov\u00e1 ukon\u010dila sez\u00f3nu ze zdravotn\u00edch d\u016fvod\u016f a Noskov\u00e1 s&nbsp;Bajgerovou se rozhodly po mistrovstv\u00ed Evropy, \u017ee na sv\u011bt jet necht\u011bj\u00ed. D\u00e1l u\u017e nebylo kam s\u00e1hnout, ta d\u00edra za t\u011bmito \u010dty\u0159mi je dost velk\u00e1,\u201c vysv\u011btlil tren\u00e9r reprezentace.<\/p>\n\n\n\n<p><strong>Program MS a \u010desk\u00e1 \u00fa\u010dast<\/strong><\/p>\n\n\n\n<p><strong>\u010casovky<\/strong><\/p>\n\n\n\n<p><strong>Ned\u011ble 19. 9.: mu\u017ei ELITE <\/strong>(43,3 km), <strong>Josef \u010cern\u00fd.<\/strong><\/p>\n\n\n\n<p><strong>Pond\u011bl\u00ed 20. 9.: mu\u017ei U23<\/strong> (30,3 km), <strong>Tom\u00e1\u0161 Kopecky<\/strong>, <strong>\u017eeny ELITE<\/strong> (30,3 km) bez \u010desk\u00e9 \u00fa\u010dasti.<\/p>\n\n\n\n<p><strong>\u00dater\u00fd 21. 9.: <\/strong>junio\u0159i (22,3 km), <strong>\u0160t\u011bp\u00e1n Teleck\u00fd, Maty\u00e1\u0161 Kopecky<\/strong>, <strong>juniorky<\/strong> (19,3 km) <strong>Julia Kopecky, Eli\u0161ka Kvasni\u010dkov\u00e1<\/strong>.<\/p>\n\n\n\n<p><strong>St\u0159eda 22. 9.: sm\u00ed\u0161en\u00e1 \u0161tafeta <\/strong>(bez \u010desk\u00e9 \u00fa\u010dasti).<\/p>\n\n\n\n<p><strong>Silni\u010dn\u00ed z\u00e1vody<\/strong><\/p>\n\n\n\n<p><strong>P\u00e1tek 24. 9.: junio\u0159i <\/strong>(121,4 km) <strong>\u0160t\u011bp\u00e1n Teleck\u00fd, Maty\u00e1\u0161 Kopecky<\/strong>, <strong>Adam Seeman, Milan Kadlec<\/strong>, <strong>mu\u017ei U23 <\/strong>(160,9 km) <strong>Pavel Bittner, Petr Kelemen, Daniel Babor, Jakub \u0164oupal\u00edk, Tom\u00e1\u0161 Kopecky<\/strong>.<\/p>\n\n\n\n<p><strong>Sobota 25. 9.: juniorky<\/strong> (75 km) <strong>Julia Kopecky, Eli\u0161ka Kvasni\u010dkov\u00e1<\/strong>, <strong>Gabriela B\u00e1rtov\u00e1<\/strong>, <strong>\u017eeny ELITE <\/strong>(157,7 km) <strong>Jarmila Macha\u010dov\u00e1<\/strong>.<\/p>\n\n\n\n<p><strong>Ned\u011ble 26. 9.: mu\u017ei ELITE<\/strong> (268,3 km), <strong>Michael Kukrle, Zden\u011bk \u0160tybar, Petr Vako\u010d, Josef \u010cern\u00fd.<\/strong><\/p>\n\n\n\n<p>Foto: Jan Brychta, \u010cSC<\/p>\n\n\n\n<figure class=\"wp-block-image size-large\"><img decoding=\"async\" src=\"https:\/\/www.czechcyclingfederation.com\/wp-content\/uploads\/2021\/09\/DSC_3087-1024x682.jpg\" alt=\"\" class=\"wp-image-9620\"\/><\/figure>\n\n\n\n<figure class=\"wp-block-image size-large\"><img decoding=\"async\" src=\"https:\/\/www.czechcyclingfederation.com\/wp-content\/uploads\/2021\/09\/DSC_8536-1024x684.jpg\" alt=\"\" class=\"wp-image-9621\"\/><\/figure>\n\n\n\n<figure class=\"wp-block-image size-large\"><img decoding=\"async\" src=\"https:\/\/www.czechcyclingfederation.com\/wp-content\/uploads\/2021\/09\/DSC_5881-1024x682.jpg\" alt=\"\" class=\"wp-image-9623\"\/><\/figure>\n\n\n\n<figure class=\"wp-block-image size-large\"><img decoding=\"async\" src=\"https:\/\/www.czechcyclingfederation.com\/wp-content\/uploads\/2021\/09\/DSC_4935-1024x682.jpg\" alt=\"\" class=\"wp-image-9624\"\/><\/figure>\n","protected":false},"excerpt":{"rendered":"<p>Celkem 17 silni\u010dn\u00edch cyklist\u016f bude reprezentovat \u010ceskou republiku na mistrovstv\u00ed sv\u011bta v&nbsp;Belgii, kter\u00e9 se kon\u00e1 od 19. do 26. z\u00e1\u0159\u00ed. V&nbsp;nominaci, kterou schv\u00e1lila silni\u010dn\u00ed komise \u010cesk\u00e9ho svazu cyklistiky, nechyb\u011bj\u00ed borci z&nbsp;WorldTour jako Zden\u011bk \u0160tybar, Petr Vako\u010d, Josef \u010cern\u00fd nebo olympionik a nejlep\u0161\u00ed \u010desk\u00fd mu\u017e z&nbsp;ned\u00e1vn\u00e9ho ME Michael Kukrle. \u201eV nominaci je v&nbsp;podstat\u011b to nejlep\u0161\u00ed, co [&hellip;]<\/p>\n","protected":false},"author":15,"featured_media":0,"comment_status":"closed","ping_status":"open","sticky":false,"template":"","format":"standard","meta":{"footnotes":""},"categories":[2,18,106],"tags":[11],"class_list":["post-9618","post","type-post","status-publish","format-standard","hentry","category-novinky","category-silnice","category-silnice-reprezentace","tag-silnice"],"_links":{"self":[{"href":"https:\/\/www.czechcyclingfederation.com\/en\/wp-json\/wp\/v2\/posts\/9618","targetHints":{"allow":["GET"]}}],"collection":[{"href":"https:\/\/www.czechcyclingfederation.com\/en\/wp-json\/wp\/v2\/posts"}],"about":[{"href":"https:\/\/www.czechcyclingfederation.com\/en\/wp-json\/wp\/v2\/types\/post"}],"author":[{"embeddable":true,"href":"https:\/\/www.czechcyclingfederation.com\/en\/wp-json\/wp\/v2\/users\/15"}],"replies":[{"embeddable":true,"href":"https:\/\/www.czechcyclingfederation.com\/en\/wp-json\/wp\/v2\/comments?post=9618"}],"version-history":[{"count":0,"href":"https:\/\/www.czechcyclingfederation.com\/en\/wp-json\/wp\/v2\/posts\/9618\/revisions"}],"wp:attachment":[{"href":"https:\/\/www.czechcyclingfederation.com\/en\/wp-json\/wp\/v2\/media?parent=9618"}],"wp:term":[{"taxonomy":"category","embeddable":true,"href":"https:\/\/www.czechcyclingfederation.com\/en\/wp-json\/wp\/v2\/categories?post=9618"},{"taxonomy":"post_tag","embeddable":true,"href":"https:\/\/www.czechcyclingfederation.com\/en\/wp-json\/wp\/v2\/tags?post=9618"}],"curies":[{"name":"wp","href":"https:\/\/api.w.org\/{rel}","templated":true}]}}