{"id":9615,"date":"2021-09-14T17:01:44","date_gmt":"2021-09-14T15:01:44","guid":{"rendered":"https:\/\/www.czechcyclingfederation.com\/?p=9615"},"modified":"2021-09-14T17:01:47","modified_gmt":"2021-09-14T15:01:47","slug":"o-vikendu-se-bude-v-pardubicich-nadelovat","status":"publish","type":"post","link":"https:\/\/www.czechcyclingfederation.com\/en\/o-vikendu-se-bude-v-pardubicich-nadelovat\/","title":{"rendered":"O v\u00edkendu se bude v Pardubic\u00edch nad\u011blovat"},"content":{"rendered":"\n<p>Silni\u010dn\u00ed cyklistick\u00e9 z\u00e1vody se v z\u00e1\u0159\u00ed p\u0159est\u011bhovaly do Pardubick\u00e9ho kraje. Po perfektn\u011b zvl\u00e1dnut\u00e9m v\u00edkendu v Sezemic\u00edch, kdy se jela \u010dasovka a silnice, chystaj\u00ed v Pardubic\u00edch dal\u0161\u00ed v\u00edkendov\u00fd blok a to mistrovstv\u00ed republiky Masters v silni\u010dn\u00ed cyklistice a vlo\u017een\u00e9 z\u00e1vody ml\u00e1de\u017ee a \u017een. Bude se rozd\u00e1vat celkem deset mistrovsk\u00fdch dres\u016f.<\/p>\n\n\n\n<p>Co cyklisty \u010dek\u00e1? V sobotu 18. z\u00e1\u0159\u00ed rovinat\u00e1 \u010dasovka v \u010cern\u00e9 za Bory. Pro startuj\u00edc\u00ed je p\u0159ipraveno 28 ostr\u00fdch a spravedliv\u00fdch kilometr\u016f na \u010dasovk\u00e1\u0159sk\u00fdch speci\u00e1lech (star\u0161\u00ed kategorie hobl\u00edk\u016f a nejmlad\u0161\u00ed ml\u00e1de\u017e st\u00e1le jen 1 okruh). \u010casovka se pojede od 10:00 od nejstar\u0161\u00edch a\u017e po nejmlad\u0161\u00ed a bude plynule pokra\u010dovat kategori\u00ed ml\u00e1de\u017ee a \u017een s licenc\u00ed \u010cSC.<\/p>\n\n\n\n<p>V ned\u011bli to u\u017e bude jin\u00e1 k\u00e1va, nebo\u0165 kousek od Pardubic se ty\u010d\u00ed \u017delezn\u00e9 hory a po\u0159adatel\u00e9 obnovuj\u00ed tradici kr\u00e1sn\u00e9ho z\u00e1vodu Slati\u0148any, Monaco. Na 23 kilometrov\u00e9m okruhu z\u00e1vodn\u00edky a z\u00e1vodnice \u010dek\u00e1 cca 300 m p\u0159ev\u00fd\u0161en\u00ed. Startuje se ji\u017e v 9:00 kategori\u00ed nejost\u0159eji nabitou M a A a d\u00e1le se pokra\u010dujeme a\u017e po kategorii F. Jakmile dojede Extraliga Masters, za\u010d\u00edn\u00e1 ve 13:00 z\u00e1vod pro ml\u00e1de\u017e a \u017eeny.<\/p>\n\n\n\n<p>Poj\u010fte zakon\u010dit silni\u010dn\u00ed sezonu mistrovsk\u00fdmi z\u00e1vody do Pardubic. Pro tento rok zcela v\u00fdjime\u010dn\u011b nen\u00ed nutn\u00e1 pro Masters licence. Mistrovstv\u00ed republiky Masters je tak zcela otev\u0159eno pro v\u0161echny hobby z\u00e1vodn\u00edky a z\u00e1vodnice z cel\u00e9 \u010cR. Vzhledem k n\u00e1ro\u010dn\u00e9 organiza\u010dn\u00ed situaci v tomto roce se tento v\u00edkend pojede tak\u00e9 jako otev\u0159en\u00e9 mistrovstv\u00ed Pardubick\u00e9ho kraje.<\/p>\n\n\n\n<p>Po\u0159adatel\u00e9 maj\u00ed s okruhem velk\u00e9 pl\u00e1ny a od p\u0159\u00ed\u0161t\u00edho roku bude na n\u011bm m\u00edt pravidelnou zast\u00e1vkou jeden ze z\u00e1vod\u016f seri\u00e1lu Techniserv cupu pro ml\u00e1de\u017e a \u017eeny.<\/p>\n\n\n\n<p>Propozice na oba z\u00e1vody naleznete na www.ckpardubice.cz\/poradame<\/p>\n","protected":false},"excerpt":{"rendered":"<p>Silni\u010dn\u00ed cyklistick\u00e9 z\u00e1vody se v z\u00e1\u0159\u00ed p\u0159est\u011bhovaly do Pardubick\u00e9ho kraje. Po perfektn\u011b zvl\u00e1dnut\u00e9m v\u00edkendu v Sezemic\u00edch, kdy se jela \u010dasovka a silnice, chystaj\u00ed v Pardubic\u00edch dal\u0161\u00ed v\u00edkendov\u00fd blok a to mistrovstv\u00ed republiky Masters v silni\u010dn\u00ed cyklistice a vlo\u017een\u00e9 z\u00e1vody ml\u00e1de\u017ee a \u017een. Bude se rozd\u00e1vat celkem deset mistrovsk\u00fdch dres\u016f. Co cyklisty \u010dek\u00e1? V sobotu 18. [&hellip;]<\/p>\n","protected":false},"author":8,"featured_media":9616,"comment_status":"closed","ping_status":"open","sticky":false,"template":"","format":"standard","meta":{"footnotes":""},"categories":[2,18],"tags":[11],"class_list":["post-9615","post","type-post","status-publish","format-standard","has-post-thumbnail","hentry","category-novinky","category-silnice","tag-silnice"],"_links":{"self":[{"href":"https:\/\/www.czechcyclingfederation.com\/en\/wp-json\/wp\/v2\/posts\/9615","targetHints":{"allow":["GET"]}}],"collection":[{"href":"https:\/\/www.czechcyclingfederation.com\/en\/wp-json\/wp\/v2\/posts"}],"about":[{"href":"https:\/\/www.czechcyclingfederation.com\/en\/wp-json\/wp\/v2\/types\/post"}],"author":[{"embeddable":true,"href":"https:\/\/www.czechcyclingfederation.com\/en\/wp-json\/wp\/v2\/users\/8"}],"replies":[{"embeddable":true,"href":"https:\/\/www.czechcyclingfederation.com\/en\/wp-json\/wp\/v2\/comments?post=9615"}],"version-history":[{"count":1,"href":"https:\/\/www.czechcyclingfederation.com\/en\/wp-json\/wp\/v2\/posts\/9615\/revisions"}],"predecessor-version":[{"id":9617,"href":"https:\/\/www.czechcyclingfederation.com\/en\/wp-json\/wp\/v2\/posts\/9615\/revisions\/9617"}],"wp:featuredmedia":[{"embeddable":true,"href":"https:\/\/www.czechcyclingfederation.com\/en\/wp-json\/wp\/v2\/media\/9616"}],"wp:attachment":[{"href":"https:\/\/www.czechcyclingfederation.com\/en\/wp-json\/wp\/v2\/media?parent=9615"}],"wp:term":[{"taxonomy":"category","embeddable":true,"href":"https:\/\/www.czechcyclingfederation.com\/en\/wp-json\/wp\/v2\/categories?post=9615"},{"taxonomy":"post_tag","embeddable":true,"href":"https:\/\/www.czechcyclingfederation.com\/en\/wp-json\/wp\/v2\/tags?post=9615"}],"curies":[{"name":"wp","href":"https:\/\/api.w.org\/{rel}","templated":true}]}}