{"id":9610,"date":"2021-09-14T16:12:48","date_gmt":"2021-09-14T14:12:48","guid":{"rendered":"https:\/\/www.czechcyclingfederation.com\/?p=9610"},"modified":"2021-09-14T16:12:51","modified_gmt":"2021-09-14T14:12:51","slug":"drahari-v-poharu-narodu-v-cali-v-prvni-desitce","status":"publish","type":"post","link":"https:\/\/www.czechcyclingfederation.com\/en\/drahari-v-poharu-narodu-v-cali-v-prvni-desitce\/","title":{"rendered":"Dr\u00e1ha\u0159i v Poh\u00e1ru n\u00e1rod\u016f v Cali v prvn\u00ed des\u00edtce"},"content":{"rendered":"\n<p>N\u011bkolik um\u00edst\u011bn\u00ed v prvn\u00ed des\u00edtce vybojovali \u010de\u0161t\u00ed dr\u00e1ha\u0159i na t\u0159et\u00edm z\u00e1vodu seri\u00e1lu Poh\u00e1ru n\u00e1rod\u016f v kolumbijsk\u00e9m Cali. Nejv\u00fd\u0161e skon\u010dilo trio v t\u00fdmov\u00e9m sprintu Robin Wagner, Mat\u011bj Bohusl\u00e1vek a Dominik Topinka, kte\u0159\u00ed byli \u010dtvrt\u00ed.<\/p>\n\n\n\n<p>Jen o jedno m\u00edsto h\u016f\u0159e byl klasifikov\u00e1n v z\u00e1vodu na 1 km s pevn\u00fdm startem Topinka a Veronika Jaborn\u00edkov\u00e1 v z\u00e1vodu na 500 m s pevn\u00fdm startem, kter\u00e1 byla je\u0161t\u011b osm\u00e1 ve sprintu a dvan\u00e1ct\u00e1 v keirinu. Petra \u0160ev\u010d\u00edkov\u00e1 p\u0159idala \u0161est\u00e9 m\u00edsto v olympijsk\u00e9m omniu, Krist\u00fdna Burlov\u00e1 skon\u010dila des\u00e1t\u00e1 ve vylu\u010dovac\u00edm z\u00e1vod\u011b a spolu byly sedm\u00e9 v madisonu.<\/p>\n\n\n\n<p>Wagner i Bohusl\u00e1vek ve sprintu postoupili z kvalifikace, v prvn\u00edm kole usp\u011bli, ale pak byli nad jejich s\u00edly dom\u00e1c\u00ed jezdci Ramirez resp. Quintero.<\/p>\n\n\n\n<p>V\u00fdsledky:<\/p>\n\n\n\n<p>Mu\u017ei:<\/p>\n\n\n\n<p>Sprint: 1. Paul (Trin. a Tobago), 2. Quintero (Kol.), 3. Helal (Fr.), &#8230;Wagner a Bohusl\u00e1vek (oba \u010cR) vypadli v osmifin\u00e1le.<\/p>\n\n\n\n<p>1 km s pevn\u00fdm startem:<\/p>\n\n\n\n<p>1. Paul 59,994, 2. Rajkowski (Pol.) +0,246, 3. Ramirez (Kol.) +0,470, &#8230;5. Topinka (\u010cR) +1,836.<\/p>\n\n\n\n<p>Keirin:<\/p>\n\n\n\n<p>1. Paul, 2. Quintero, 3. Ramirez, &#8230;12. Wagner.<\/p>\n\n\n\n<p>T\u00fdmov\u00fd sprint:<\/p>\n\n\n\n<p>Fin\u00e1le: Kanada 43,748 &#8211; Kolumbie 43,836, o 3. m\u00edsto: POlsko 43,830 &#8211; \u010cR (Wagner, Bohusl\u00e1vek, Topinka) 45,140.<\/p>\n\n\n\n<p>\u017deny:<\/p>\n\n\n\n<p>500 m s pevn\u00fdm startem:<\/p>\n\n\n\n<p>1. Pinedaov\u00e1 (Kol.) 33,233, 2. Grosov\u00e1 (Fr.) +1,273, 3. Sibiakov\u00e1 (Pol.) +1,722, &#8230;5. V. Jaborn\u00edkov\u00e1 (\u010cR) +2,063.<\/p>\n\n\n\n<p>Sprint:<\/p>\n\n\n\n<p>1. Pinedaov\u00e1, 2. Grosov\u00e1, 3. Orbanov\u00e1 (Kan.), &#8230;8. V. Jaborn\u00edkov\u00e1.<\/p>\n\n\n\n<p>Keirin:<\/p>\n\n\n\n<p>1. Pinedaov\u00e1, 2. Verdugov\u00e1 (Mex.), 3. Losov\u00e1 (Pol.), &#8230;12. V. Jaborn\u00edkov\u00e1.<\/p>\n\n\n\n<p>Omnium:<\/p>\n\n\n\n<p>1. D. Pikulikov\u00e1 (Pol.) 147, 2. Klim\u010denkov\u00e1 (Ukr.) 118, 3. Hernandezov\u00e1 (Kol.) 116, &#8230;6.&nbsp; \u0160ev\u010d\u00edkov\u00e1 (\u010cR) 92.<\/p>\n\n\n\n<p>Vylu\u010dovac\u00ed z\u00e1vod:<\/p>\n\n\n\n<p>1. Acevedov\u00e1 (Mex.), 2. Fedotovov\u00e1 (Ukr.), 3. Plosajov\u00e1 (Pol.), &#8230;10. Burlov\u00e1 (\u010cR).<\/p>\n\n\n\n<p>Madison:<\/p>\n\n\n\n<p>1.Polsko 53, 2. Ukrajina 22, 3. Kolumbie 21, &#8230;7. \u010cR (Burlov\u00e1, \u0160ev\u010d\u00edkov\u00e1) -20.<\/p>\n\n\n\n<p>FOTO Lubom\u00edr Vojta<\/p>\n\n\n\n<figure class=\"wp-block-image size-large\"><img loading=\"lazy\" decoding=\"async\" width=\"1024\" height=\"1024\" src=\"https:\/\/www.czechcyclingfederation.com\/wp-content\/uploads\/2021\/09\/IMG-20210914-WA0026-1024x1024.jpg\" alt=\"\" class=\"wp-image-9612\" srcset=\"https:\/\/www.czechcyclingfederation.com\/wp-content\/uploads\/2021\/09\/IMG-20210914-WA0026-1024x1024.jpg 1024w, https:\/\/www.czechcyclingfederation.com\/wp-content\/uploads\/2021\/09\/IMG-20210914-WA0026-200x200.jpg 200w, https:\/\/www.czechcyclingfederation.com\/wp-content\/uploads\/2021\/09\/IMG-20210914-WA0026-150x150.jpg 150w, https:\/\/www.czechcyclingfederation.com\/wp-content\/uploads\/2021\/09\/IMG-20210914-WA0026-768x767.jpg 768w, https:\/\/www.czechcyclingfederation.com\/wp-content\/uploads\/2021\/09\/IMG-20210914-WA0026.jpg 1080w\" sizes=\"auto, (max-width: 1024px) 100vw, 1024px\" \/><\/figure>\n\n\n\n<figure class=\"wp-block-image size-large\"><img loading=\"lazy\" decoding=\"async\" width=\"612\" height=\"612\" src=\"https:\/\/www.czechcyclingfederation.com\/wp-content\/uploads\/2021\/09\/IMG-20210914-WA0024.jpg\" alt=\"\" class=\"wp-image-9613\" srcset=\"https:\/\/www.czechcyclingfederation.com\/wp-content\/uploads\/2021\/09\/IMG-20210914-WA0024.jpg 612w, https:\/\/www.czechcyclingfederation.com\/wp-content\/uploads\/2021\/09\/IMG-20210914-WA0024-200x200.jpg 200w, https:\/\/www.czechcyclingfederation.com\/wp-content\/uploads\/2021\/09\/IMG-20210914-WA0024-150x150.jpg 150w\" sizes=\"auto, (max-width: 612px) 100vw, 612px\" \/><\/figure>\n","protected":false},"excerpt":{"rendered":"<p>N\u011bkolik um\u00edst\u011bn\u00ed v prvn\u00ed des\u00edtce vybojovali \u010de\u0161t\u00ed dr\u00e1ha\u0159i na t\u0159et\u00edm z\u00e1vodu seri\u00e1lu Poh\u00e1ru n\u00e1rod\u016f v kolumbijsk\u00e9m Cali. Nejv\u00fd\u0161e skon\u010dilo trio v t\u00fdmov\u00e9m sprintu Robin Wagner, Mat\u011bj Bohusl\u00e1vek a Dominik Topinka, kte\u0159\u00ed byli \u010dtvrt\u00ed. Jen o jedno m\u00edsto h\u016f\u0159e byl klasifikov\u00e1n v z\u00e1vodu na 1 km s pevn\u00fdm startem Topinka a Veronika Jaborn\u00edkov\u00e1 v z\u00e1vodu na [&hellip;]<\/p>\n","protected":false},"author":8,"featured_media":9611,"comment_status":"closed","ping_status":"open","sticky":false,"template":"","format":"standard","meta":{"footnotes":""},"categories":[54,2,103],"tags":[9],"class_list":["post-9610","post","type-post","status-publish","format-standard","has-post-thumbnail","hentry","category-draha","category-novinky","category-reprezentace","tag-draha"],"_links":{"self":[{"href":"https:\/\/www.czechcyclingfederation.com\/en\/wp-json\/wp\/v2\/posts\/9610","targetHints":{"allow":["GET"]}}],"collection":[{"href":"https:\/\/www.czechcyclingfederation.com\/en\/wp-json\/wp\/v2\/posts"}],"about":[{"href":"https:\/\/www.czechcyclingfederation.com\/en\/wp-json\/wp\/v2\/types\/post"}],"author":[{"embeddable":true,"href":"https:\/\/www.czechcyclingfederation.com\/en\/wp-json\/wp\/v2\/users\/8"}],"replies":[{"embeddable":true,"href":"https:\/\/www.czechcyclingfederation.com\/en\/wp-json\/wp\/v2\/comments?post=9610"}],"version-history":[{"count":1,"href":"https:\/\/www.czechcyclingfederation.com\/en\/wp-json\/wp\/v2\/posts\/9610\/revisions"}],"predecessor-version":[{"id":9614,"href":"https:\/\/www.czechcyclingfederation.com\/en\/wp-json\/wp\/v2\/posts\/9610\/revisions\/9614"}],"wp:featuredmedia":[{"embeddable":true,"href":"https:\/\/www.czechcyclingfederation.com\/en\/wp-json\/wp\/v2\/media\/9611"}],"wp:attachment":[{"href":"https:\/\/www.czechcyclingfederation.com\/en\/wp-json\/wp\/v2\/media?parent=9610"}],"wp:term":[{"taxonomy":"category","embeddable":true,"href":"https:\/\/www.czechcyclingfederation.com\/en\/wp-json\/wp\/v2\/categories?post=9610"},{"taxonomy":"post_tag","embeddable":true,"href":"https:\/\/www.czechcyclingfederation.com\/en\/wp-json\/wp\/v2\/tags?post=9610"}],"curies":[{"name":"wp","href":"https:\/\/api.w.org\/{rel}","templated":true}]}}