{"id":9599,"date":"2021-09-13T08:13:57","date_gmt":"2021-09-13T06:13:57","guid":{"rendered":"https:\/\/www.czechcyclingfederation.com\/?p=9599"},"modified":"2021-09-13T08:13:59","modified_gmt":"2021-09-13T06:13:59","slug":"jizda-pratelstvi-chemnitz-praha-a-zpet","status":"publish","type":"post","link":"https:\/\/www.czechcyclingfederation.com\/en\/jizda-pratelstvi-chemnitz-praha-a-zpet\/","title":{"rendered":"J\u00edzda p\u0159\u00e1telstv\u00ed Chemnitz-Praha a zp\u011bt"},"content":{"rendered":"\n<p>P\u0159eshrani\u010dn\u00ed sportovn\u011b kulturn\u00ed ud\u00e1lost, pro cti\u017e\u00e1dostiv\u00e9 amat\u00e9rsk\u00e9 sportovce za \u00fa\u010dasti spoluob\u010dan\u016f. To je projekt European Peace Ride 2021 (EPR 2021), kter\u00fd p\u0159ev\u00e1\u017e\u00ed p\u0159eshrani\u010dn\u00ed ideu Evropsk\u00e9ho hlavn\u00edho m\u011bsta kultury. Centr\u00e1ln\u00ed projekt na cest\u011b m\u011bsta Chemnitz k c\u00edli zvan\u00e9m Evropsk\u00e9 hlavn\u00ed m\u011bsto kultury 2025.<\/p>\n\n\n\n<p>J\u00edzdy spadaj\u00edc\u00ed pod akce \u010cesk\u00e9ho svazu cyklistiky se z\u00fa\u010dastnilo na 90 ambici\u00f3zn\u00edch, cti\u017e\u00e1dostiv\u00fdch, amat\u00e9rsk\u00fdch cyklistek a cyklist\u016f z Chemnitzu a okol\u00ed a i \u00fa\u010dastn\u00edci jsou z \u010cesk\u00e9 republiky. Doprovod j\u00edzd\u011b d\u011blali mj. Thomas Barth \u2013 b\u00fdval\u00fd \u00fa\u010dastn\u00edk Z\u00e1vodu m\u00edru \u010di Svatopluk Henke \u2013 \u010desk\u00fd \u00fa\u010dastn\u00edk Z\u00e1vodu m\u00edru a prezident Z\u00e1vodu m\u00edru junior\u016f.<\/p>\n\n\n\n<p>Jezdci vyrazili v&nbsp;sobotu v&nbsp;8:00 z Chemnitzu do Prahy a v&nbsp;podve\u010der dojeli do Prahy na Mari\u00e1nsk\u00e9 n\u00e1m\u011bst\u00ed, kde je p\u0159iv\u00edtali prim\u00e1tor hlavn\u00edho m\u011bsta Prahy Zden\u011bk H\u0159ib a starosta Prahy 1 Peter Hejma. V&nbsp;ned\u011bli se po jin\u00e9 trase vydali cyklist\u00e9 zp\u011bt do Chemnitzu, kde byli p\u0159iv\u00edt\u00e1n\u00ed prim\u00e1torem m\u011bsta Svenem Schulzem.<\/p>\n\n\n\n<p>Bylo podeps\u00e1no tak\u00e9 memorandum jeho\u017e c\u00edlem je spole\u010dn\u00e9 pl\u00e1nov\u00e1n\u00ed a realizace prvn\u00edho EPR, kter\u00fd je jednak spole\u010denskou j\u00edzdou cyklistek a cyklist\u016f, a jednak bude slou\u017eit k v\u00fdm\u011bn\u011b kulturn\u00edho d\u011bdictv\u00ed a setk\u00e1n\u00ed dvou evropsk\u00fdch soused\u016f.<\/p>\n\n\n\n<p>FOTO Michal Kopeck\u00fd<\/p>\n\n\n\n<figure class=\"wp-block-image size-large\"><img loading=\"lazy\" decoding=\"async\" width=\"1024\" height=\"768\" src=\"https:\/\/www.czechcyclingfederation.com\/wp-content\/uploads\/2021\/09\/IMG-20210912-WA0009-1024x768.jpg\" alt=\"\" class=\"wp-image-9601\" srcset=\"https:\/\/www.czechcyclingfederation.com\/wp-content\/uploads\/2021\/09\/IMG-20210912-WA0009-1024x768.jpg 1024w, https:\/\/www.czechcyclingfederation.com\/wp-content\/uploads\/2021\/09\/IMG-20210912-WA0009-267x200.jpg 267w, https:\/\/www.czechcyclingfederation.com\/wp-content\/uploads\/2021\/09\/IMG-20210912-WA0009-768x576.jpg 768w, https:\/\/www.czechcyclingfederation.com\/wp-content\/uploads\/2021\/09\/IMG-20210912-WA0009-1536x1152.jpg 1536w, https:\/\/www.czechcyclingfederation.com\/wp-content\/uploads\/2021\/09\/IMG-20210912-WA0009-1320x990.jpg 1320w, https:\/\/www.czechcyclingfederation.com\/wp-content\/uploads\/2021\/09\/IMG-20210912-WA0009.jpg 1600w\" sizes=\"auto, (max-width: 1024px) 100vw, 1024px\" \/><\/figure>\n\n\n\n<figure class=\"wp-block-image size-large\"><img loading=\"lazy\" decoding=\"async\" width=\"1024\" height=\"768\" src=\"https:\/\/www.czechcyclingfederation.com\/wp-content\/uploads\/2021\/09\/IMG-20210912-WA0010-1024x768.jpg\" alt=\"\" class=\"wp-image-9602\" srcset=\"https:\/\/www.czechcyclingfederation.com\/wp-content\/uploads\/2021\/09\/IMG-20210912-WA0010-1024x768.jpg 1024w, https:\/\/www.czechcyclingfederation.com\/wp-content\/uploads\/2021\/09\/IMG-20210912-WA0010-267x200.jpg 267w, https:\/\/www.czechcyclingfederation.com\/wp-content\/uploads\/2021\/09\/IMG-20210912-WA0010-768x576.jpg 768w, https:\/\/www.czechcyclingfederation.com\/wp-content\/uploads\/2021\/09\/IMG-20210912-WA0010-1536x1152.jpg 1536w, https:\/\/www.czechcyclingfederation.com\/wp-content\/uploads\/2021\/09\/IMG-20210912-WA0010-1320x990.jpg 1320w, https:\/\/www.czechcyclingfederation.com\/wp-content\/uploads\/2021\/09\/IMG-20210912-WA0010.jpg 1600w\" sizes=\"auto, (max-width: 1024px) 100vw, 1024px\" \/><\/figure>\n\n\n\n<figure class=\"wp-block-image size-large\"><img loading=\"lazy\" decoding=\"async\" width=\"1024\" height=\"576\" src=\"https:\/\/www.czechcyclingfederation.com\/wp-content\/uploads\/2021\/09\/IMG-20210912-WA0003-1024x576.jpg\" alt=\"\" class=\"wp-image-9603\" srcset=\"https:\/\/www.czechcyclingfederation.com\/wp-content\/uploads\/2021\/09\/IMG-20210912-WA0003-1024x576.jpg 1024w, https:\/\/www.czechcyclingfederation.com\/wp-content\/uploads\/2021\/09\/IMG-20210912-WA0003-300x169.jpg 300w, https:\/\/www.czechcyclingfederation.com\/wp-content\/uploads\/2021\/09\/IMG-20210912-WA0003-768x432.jpg 768w, https:\/\/www.czechcyclingfederation.com\/wp-content\/uploads\/2021\/09\/IMG-20210912-WA0003-1536x864.jpg 1536w, https:\/\/www.czechcyclingfederation.com\/wp-content\/uploads\/2021\/09\/IMG-20210912-WA0003-1320x743.jpg 1320w, https:\/\/www.czechcyclingfederation.com\/wp-content\/uploads\/2021\/09\/IMG-20210912-WA0003.jpg 2048w\" sizes=\"auto, (max-width: 1024px) 100vw, 1024px\" \/><\/figure>\n\n\n\n<figure class=\"wp-block-image size-large\"><img loading=\"lazy\" decoding=\"async\" width=\"1024\" height=\"768\" src=\"https:\/\/www.czechcyclingfederation.com\/wp-content\/uploads\/2021\/09\/IMG-20210912-WA0005-1024x768.jpg\" alt=\"\" class=\"wp-image-9604\" srcset=\"https:\/\/www.czechcyclingfederation.com\/wp-content\/uploads\/2021\/09\/IMG-20210912-WA0005-1024x768.jpg 1024w, https:\/\/www.czechcyclingfederation.com\/wp-content\/uploads\/2021\/09\/IMG-20210912-WA0005-267x200.jpg 267w, https:\/\/www.czechcyclingfederation.com\/wp-content\/uploads\/2021\/09\/IMG-20210912-WA0005-768x576.jpg 768w, https:\/\/www.czechcyclingfederation.com\/wp-content\/uploads\/2021\/09\/IMG-20210912-WA0005-1536x1152.jpg 1536w, https:\/\/www.czechcyclingfederation.com\/wp-content\/uploads\/2021\/09\/IMG-20210912-WA0005-1320x990.jpg 1320w, https:\/\/www.czechcyclingfederation.com\/wp-content\/uploads\/2021\/09\/IMG-20210912-WA0005.jpg 2048w\" sizes=\"auto, (max-width: 1024px) 100vw, 1024px\" \/><\/figure>\n","protected":false},"excerpt":{"rendered":"<p>P\u0159eshrani\u010dn\u00ed sportovn\u011b kulturn\u00ed ud\u00e1lost, pro cti\u017e\u00e1dostiv\u00e9 amat\u00e9rsk\u00e9 sportovce za \u00fa\u010dasti spoluob\u010dan\u016f. To je projekt European Peace Ride 2021 (EPR 2021), kter\u00fd p\u0159ev\u00e1\u017e\u00ed p\u0159eshrani\u010dn\u00ed ideu Evropsk\u00e9ho hlavn\u00edho m\u011bsta kultury. Centr\u00e1ln\u00ed projekt na cest\u011b m\u011bsta Chemnitz k c\u00edli zvan\u00e9m Evropsk\u00e9 hlavn\u00ed m\u011bsto kultury 2025. J\u00edzdy spadaj\u00edc\u00ed pod akce \u010cesk\u00e9ho svazu cyklistiky se z\u00fa\u010dastnilo na 90 ambici\u00f3zn\u00edch, cti\u017e\u00e1dostiv\u00fdch, [&hellip;]<\/p>\n","protected":false},"author":8,"featured_media":9600,"comment_status":"closed","ping_status":"open","sticky":false,"template":"","format":"standard","meta":{"footnotes":""},"categories":[2,18,65],"tags":[11],"class_list":["post-9599","post","type-post","status-publish","format-standard","has-post-thumbnail","hentry","category-novinky","category-silnice","category-subdisciplina","tag-silnice"],"_links":{"self":[{"href":"https:\/\/www.czechcyclingfederation.com\/en\/wp-json\/wp\/v2\/posts\/9599","targetHints":{"allow":["GET"]}}],"collection":[{"href":"https:\/\/www.czechcyclingfederation.com\/en\/wp-json\/wp\/v2\/posts"}],"about":[{"href":"https:\/\/www.czechcyclingfederation.com\/en\/wp-json\/wp\/v2\/types\/post"}],"author":[{"embeddable":true,"href":"https:\/\/www.czechcyclingfederation.com\/en\/wp-json\/wp\/v2\/users\/8"}],"replies":[{"embeddable":true,"href":"https:\/\/www.czechcyclingfederation.com\/en\/wp-json\/wp\/v2\/comments?post=9599"}],"version-history":[{"count":1,"href":"https:\/\/www.czechcyclingfederation.com\/en\/wp-json\/wp\/v2\/posts\/9599\/revisions"}],"predecessor-version":[{"id":9605,"href":"https:\/\/www.czechcyclingfederation.com\/en\/wp-json\/wp\/v2\/posts\/9599\/revisions\/9605"}],"wp:featuredmedia":[{"embeddable":true,"href":"https:\/\/www.czechcyclingfederation.com\/en\/wp-json\/wp\/v2\/media\/9600"}],"wp:attachment":[{"href":"https:\/\/www.czechcyclingfederation.com\/en\/wp-json\/wp\/v2\/media?parent=9599"}],"wp:term":[{"taxonomy":"category","embeddable":true,"href":"https:\/\/www.czechcyclingfederation.com\/en\/wp-json\/wp\/v2\/categories?post=9599"},{"taxonomy":"post_tag","embeddable":true,"href":"https:\/\/www.czechcyclingfederation.com\/en\/wp-json\/wp\/v2\/tags?post=9599"}],"curies":[{"name":"wp","href":"https:\/\/api.w.org\/{rel}","templated":true}]}}