{"id":9596,"date":"2021-09-12T23:31:58","date_gmt":"2021-09-12T21:31:58","guid":{"rendered":"https:\/\/www.czechcyclingfederation.com\/?p=9596"},"modified":"2021-09-12T23:32:00","modified_gmt":"2021-09-12T21:32:00","slug":"okolo-jiznich-cech-vyhral-de-lie","status":"publish","type":"post","link":"https:\/\/www.czechcyclingfederation.com\/en\/okolo-jiznich-cech-vyhral-de-lie\/","title":{"rendered":"Okolo Ji\u017en\u00edch \u010cech vyhr\u00e1l de Lie"},"content":{"rendered":"\n<p>Belgick\u00fd jezdec ze st\u00e1je Lotto &#8211; Soudal U23 vyhr\u00e1l \u010dty\u0159etapov\u00fd z\u00e1vod druh\u00e9 kategorie UCI (2.2.) Okolo Ji\u017en\u00edch \u010cech. V pr\u016fb\u011bhu z\u00e1vodu dok\u00e1zal vyhr\u00e1t jedni etapa a dvakr\u00e1t skon\u010dil druh\u00fd a to mu zajistilo celkov\u00fd triumf. Z \u010desk\u00fdch cyklist\u016f si vedl nejl\u00e9pe Petr Klabouch (Topforex &#8211; ATT Investments), kter\u00fd skon\u010dil sedm\u00fd.<\/p>\n\n\n\n<p>Na stupn\u011b v\u00edt\u011bz\u016f se dok\u00e1zal prosadit ve t\u0159et\u00ed etap\u011b Tom\u00e1\u0161 B\u00e1rta (Topforex &#8211; ATT Investments), kdy\u017e obsadil t\u0159et\u00ed m\u00edsto a v celkov\u00e9 klasifikaci skon\u010dil osm\u00fd.<\/p>\n\n\n\n<p>Kone\u010dn\u00e9 po\u0159ad\u00ed:<\/p>\n\n\n\n<p>1. de Lie (Belg.) 11:34:41, 2. van der Meer (Niz.) +13, 3. Cima (It.) +19, 4. Stosz (Pol.) +21, 5. Pelegri (\u0160p.) +22, 6. Fretin (N\u011bm.) +23, 7. Klabouch +24, 8. T. B\u00e1rta (oba Topforex &#8211; ATT Investments) +25, 15. Otruba (Elkov Kasper) +28, 16. Fiala (Topforex &#8211; ATT Investments) +29.<\/p>\n\n\n\n<p>FOTO Jaroslav Svoboda<\/p>\n","protected":false},"excerpt":{"rendered":"<p>Belgick\u00fd jezdec ze st\u00e1je Lotto &#8211; Soudal U23 vyhr\u00e1l \u010dty\u0159etapov\u00fd z\u00e1vod druh\u00e9 kategorie UCI (2.2.) Okolo Ji\u017en\u00edch \u010cech. V pr\u016fb\u011bhu z\u00e1vodu dok\u00e1zal vyhr\u00e1t jedni etapa a dvakr\u00e1t skon\u010dil druh\u00fd a to mu zajistilo celkov\u00fd triumf. Z \u010desk\u00fdch cyklist\u016f si vedl nejl\u00e9pe Petr Klabouch (Topforex &#8211; ATT Investments), kter\u00fd skon\u010dil sedm\u00fd. Na stupn\u011b v\u00edt\u011bz\u016f se dok\u00e1zal [&hellip;]<\/p>\n","protected":false},"author":8,"featured_media":9597,"comment_status":"closed","ping_status":"open","sticky":false,"template":"","format":"standard","meta":{"footnotes":""},"categories":[2,18],"tags":[11],"class_list":["post-9596","post","type-post","status-publish","format-standard","has-post-thumbnail","hentry","category-novinky","category-silnice","tag-silnice"],"_links":{"self":[{"href":"https:\/\/www.czechcyclingfederation.com\/en\/wp-json\/wp\/v2\/posts\/9596","targetHints":{"allow":["GET"]}}],"collection":[{"href":"https:\/\/www.czechcyclingfederation.com\/en\/wp-json\/wp\/v2\/posts"}],"about":[{"href":"https:\/\/www.czechcyclingfederation.com\/en\/wp-json\/wp\/v2\/types\/post"}],"author":[{"embeddable":true,"href":"https:\/\/www.czechcyclingfederation.com\/en\/wp-json\/wp\/v2\/users\/8"}],"replies":[{"embeddable":true,"href":"https:\/\/www.czechcyclingfederation.com\/en\/wp-json\/wp\/v2\/comments?post=9596"}],"version-history":[{"count":1,"href":"https:\/\/www.czechcyclingfederation.com\/en\/wp-json\/wp\/v2\/posts\/9596\/revisions"}],"predecessor-version":[{"id":9598,"href":"https:\/\/www.czechcyclingfederation.com\/en\/wp-json\/wp\/v2\/posts\/9596\/revisions\/9598"}],"wp:featuredmedia":[{"embeddable":true,"href":"https:\/\/www.czechcyclingfederation.com\/en\/wp-json\/wp\/v2\/media\/9597"}],"wp:attachment":[{"href":"https:\/\/www.czechcyclingfederation.com\/en\/wp-json\/wp\/v2\/media?parent=9596"}],"wp:term":[{"taxonomy":"category","embeddable":true,"href":"https:\/\/www.czechcyclingfederation.com\/en\/wp-json\/wp\/v2\/categories?post=9596"},{"taxonomy":"post_tag","embeddable":true,"href":"https:\/\/www.czechcyclingfederation.com\/en\/wp-json\/wp\/v2\/tags?post=9596"}],"curies":[{"name":"wp","href":"https:\/\/api.w.org\/{rel}","templated":true}]}}