{"id":9588,"date":"2021-09-12T18:10:30","date_gmt":"2021-09-12T16:10:30","guid":{"rendered":"https:\/\/www.czechcyclingfederation.com\/?p=9588"},"modified":"2021-09-12T18:10:33","modified_gmt":"2021-09-12T16:10:33","slug":"na-me-dojel-z-ceskych-muzu-do-cile-pouze-kukrle","status":"publish","type":"post","link":"https:\/\/www.czechcyclingfederation.com\/en\/na-me-dojel-z-ceskych-muzu-do-cile-pouze-kukrle\/","title":{"rendered":"Na ME dojel z \u010desk\u00fdch mu\u017e\u016f do c\u00edle pouze Kukrle"},"content":{"rendered":"\n<p>Pouze mistr republiky Michael Kukrle dojel z \u010desk\u00fdch reprezentant\u016f do c\u00edle z\u00e1v\u011bre\u010dn\u00e9ho z\u00e1vodu na evropsk\u00e9m silni\u010dn\u00edm \u0161ampion\u00e1tu v italsk\u00e9m Trentu. V elitn\u00ed kategorii mu\u017e\u016f po 179,2 kilometrech slavili dom\u00e1c\u00ed fanou\u0161ci, zlatou medaili vybojoval ve spurtu s Belgi\u010danem Remco Evenepoelem jejich jezdec Sonny Colberelli, t\u0159et\u00ed dojel Beno\u00eet Cosnefroy z Francie. Kukrle skon\u010dil ze 150 startuj\u00edc\u00edch dvac\u00e1t\u00fd, ov\u0161em se ztr\u00e1tou 9:13.<\/p>\n\n\n\n<p>Na tak v\u00fdznamn\u00fd podnik p\u0159ipravili po\u0159adatel\u00e9 pom\u011brn\u011b kr\u00e1tk\u00fd z\u00e1vod, ale podle slov \u010desk\u00e9ho reprezenta\u010dn\u00edho kou\u010de Tom\u00e1\u0161e Kone\u010dn\u00e9ho extr\u00e9mn\u011b n\u00e1ro\u010dn\u00fd. &#8220;Profil vyb\u00edzel k velk\u00e9 bitv\u011b a jezdci nem\u011bli prostor kde si odpo\u010dinout. Neust\u00e1le se \u00fato\u010dilo, uj\u00ed\u017ed\u011blo. Kukrle potvrdil leto\u0161n\u00ed v\u00fdsledky, vydr\u017eel vysok\u00e9 tempo z na\u0161ich jezdc\u016f nejd\u00e9le. Ostatn\u00ed byli postupn\u011b pro velkou ztr\u00e1tu odvol\u00e1ni,&#8221; \u0159ekl Tom\u00e1\u0161 Kone\u010dn\u00fd. V c\u00edli bylo klasifikov\u00e1no pouze 31 jezdc\u016f.<\/p>\n\n\n\n<p>Z\u00e1vod byl hned od startu velice rychl\u00fd, pro div\u00e1ky n\u00e1dhern\u00fd, pro jezdce krut\u00fd. Je\u0161t\u011b p\u0159ed n\u00e1jezdem do z\u00e1v\u011bre\u010dn\u00fdch okruh\u016f se pole za\u010dalo d\u011blit, selekce byla zna\u010dn\u00e1, hlavn\u011b v posledn\u00edm kopci p\u0159ed okruhy. V p\u0159edposledn\u00edm kole za\u00fato\u010dil Evenepoel a pekeln\u00e9 tempo belgick\u00e9ho mlad\u00edka vydr\u017eel pouze dom\u00e1c\u00ed Colbrelli a Cosnefroy, ten ale odpadl v&nbsp;posledn\u00edm kole. Tempo na n\u011bj bylo vra\u017een\u00e9 a nakonec byl r\u00e1d, \u017ee uh\u00e1jil t\u0159et\u00ed m\u00edsto p\u0159ed skupinou pron\u00e1sledovatel\u016f. Vrcha\u0159sk\u00e9 schopnosti Evenepoela ale ust\u00e1l Colbrelli a v z\u00e1v\u011bre\u010dn\u00e9m spurtu sv\u00e9ho soupe\u0159e porazil. Nav\u00e1zal tak na triumfy sv\u00fdch krajan\u016f Trentina, Vivianiho a Nizzoliho&nbsp;z&nbsp;posledn\u00edch t\u0159\u00ed let.<\/p>\n\n\n\n<p>&#8220;Bylo to t\u011b\u017ek\u00e9 profilem, ale i technickou trat\u00ed. V posledn\u00edm kopci p\u0159ed okruhy z\u016fstalo vp\u0159edu ji\u017e jen kolem \u010dty\u0159iceti jezdc\u016f a pak se to na okruz\u00edch roztrhalo. J\u00e1 se bohu\u017eel do dvou prvn\u00edch skupin nedostal. V tom kopci to cht\u011blo m\u00edt lep\u0161\u00ed pozici,&#8221; \u0159ekl po z\u00e1vod\u011b Michael Kukrle.<\/p>\n\n\n\n<p>V\u00fdsledky:<\/p>\n\n\n\n<p>Mu\u017ei (179,2 km):<\/p>\n\n\n\n<p>1. Colbrelli (It.) 4:19:45, 2. Evenepoel (Belg.) stejn\u00fd \u010das, 3. Cosnefroy (Fr.) +1:30, 4. Trentin (It.), 5. Poga\u010das (Slovin.), 6. Hirschi (\u0160v\u00fdc.) v\u0161ichni +1:43, &#8230;20. Kukrle +9:13, J. B\u00e1rta, \u0160tybar, A. \u0164oupal\u00edk, Turek (v\u0161ichni \u010cR) v\u0161ichni nedokon\u010dili.<\/p>\n\n\n\n<p>FOTO Michal Frant\u00edk<\/p>\n\n\n\n<figure class=\"wp-block-image size-large\"><img loading=\"lazy\" decoding=\"async\" width=\"1024\" height=\"789\" src=\"https:\/\/www.czechcyclingfederation.com\/wp-content\/uploads\/2021\/09\/Barta-IMG-20210912-WA0015-1024x789.jpg\" alt=\"\" class=\"wp-image-9590\" srcset=\"https:\/\/www.czechcyclingfederation.com\/wp-content\/uploads\/2021\/09\/Barta-IMG-20210912-WA0015-1024x789.jpg 1024w, https:\/\/www.czechcyclingfederation.com\/wp-content\/uploads\/2021\/09\/Barta-IMG-20210912-WA0015-260x200.jpg 260w, https:\/\/www.czechcyclingfederation.com\/wp-content\/uploads\/2021\/09\/Barta-IMG-20210912-WA0015-768x592.jpg 768w, https:\/\/www.czechcyclingfederation.com\/wp-content\/uploads\/2021\/09\/Barta-IMG-20210912-WA0015-1536x1184.jpg 1536w, https:\/\/www.czechcyclingfederation.com\/wp-content\/uploads\/2021\/09\/Barta-IMG-20210912-WA0015-1320x1017.jpg 1320w, https:\/\/www.czechcyclingfederation.com\/wp-content\/uploads\/2021\/09\/Barta-IMG-20210912-WA0015.jpg 2048w\" sizes=\"auto, (max-width: 1024px) 100vw, 1024px\" \/><\/figure>\n\n\n\n<figure class=\"wp-block-image size-large\"><img loading=\"lazy\" decoding=\"async\" width=\"1024\" height=\"727\" src=\"https:\/\/www.czechcyclingfederation.com\/wp-content\/uploads\/2021\/09\/IMG-20210912-WA0016-1024x727.jpg\" alt=\"\" class=\"wp-image-9591\" srcset=\"https:\/\/www.czechcyclingfederation.com\/wp-content\/uploads\/2021\/09\/IMG-20210912-WA0016-1024x727.jpg 1024w, https:\/\/www.czechcyclingfederation.com\/wp-content\/uploads\/2021\/09\/IMG-20210912-WA0016-282x200.jpg 282w, https:\/\/www.czechcyclingfederation.com\/wp-content\/uploads\/2021\/09\/IMG-20210912-WA0016-768x545.jpg 768w, https:\/\/www.czechcyclingfederation.com\/wp-content\/uploads\/2021\/09\/IMG-20210912-WA0016-1536x1091.jpg 1536w, https:\/\/www.czechcyclingfederation.com\/wp-content\/uploads\/2021\/09\/IMG-20210912-WA0016-1320x937.jpg 1320w, https:\/\/www.czechcyclingfederation.com\/wp-content\/uploads\/2021\/09\/IMG-20210912-WA0016.jpg 2048w\" sizes=\"auto, (max-width: 1024px) 100vw, 1024px\" \/><\/figure>\n\n\n\n<figure class=\"wp-block-image size-large\"><img loading=\"lazy\" decoding=\"async\" width=\"1024\" height=\"731\" src=\"https:\/\/www.czechcyclingfederation.com\/wp-content\/uploads\/2021\/09\/IMG-20210912-WA0028-1024x731.jpg\" alt=\"\" class=\"wp-image-9592\" srcset=\"https:\/\/www.czechcyclingfederation.com\/wp-content\/uploads\/2021\/09\/IMG-20210912-WA0028-1024x731.jpg 1024w, https:\/\/www.czechcyclingfederation.com\/wp-content\/uploads\/2021\/09\/IMG-20210912-WA0028-280x200.jpg 280w, https:\/\/www.czechcyclingfederation.com\/wp-content\/uploads\/2021\/09\/IMG-20210912-WA0028-768x548.jpg 768w, https:\/\/www.czechcyclingfederation.com\/wp-content\/uploads\/2021\/09\/IMG-20210912-WA0028-1536x1097.jpg 1536w, https:\/\/www.czechcyclingfederation.com\/wp-content\/uploads\/2021\/09\/IMG-20210912-WA0028-1320x942.jpg 1320w, https:\/\/www.czechcyclingfederation.com\/wp-content\/uploads\/2021\/09\/IMG-20210912-WA0028.jpg 2048w\" sizes=\"auto, (max-width: 1024px) 100vw, 1024px\" \/><\/figure>\n\n\n\n<figure class=\"wp-block-image size-large\"><img loading=\"lazy\" decoding=\"async\" width=\"1024\" height=\"756\" src=\"https:\/\/www.czechcyclingfederation.com\/wp-content\/uploads\/2021\/09\/IMG-20210912-WA0021-1024x756.jpg\" alt=\"\" class=\"wp-image-9593\" srcset=\"https:\/\/www.czechcyclingfederation.com\/wp-content\/uploads\/2021\/09\/IMG-20210912-WA0021-1024x756.jpg 1024w, https:\/\/www.czechcyclingfederation.com\/wp-content\/uploads\/2021\/09\/IMG-20210912-WA0021-271x200.jpg 271w, https:\/\/www.czechcyclingfederation.com\/wp-content\/uploads\/2021\/09\/IMG-20210912-WA0021-768x567.jpg 768w, https:\/\/www.czechcyclingfederation.com\/wp-content\/uploads\/2021\/09\/IMG-20210912-WA0021-1536x1134.jpg 1536w, https:\/\/www.czechcyclingfederation.com\/wp-content\/uploads\/2021\/09\/IMG-20210912-WA0021-1320x975.jpg 1320w, https:\/\/www.czechcyclingfederation.com\/wp-content\/uploads\/2021\/09\/IMG-20210912-WA0021.jpg 2048w\" sizes=\"auto, (max-width: 1024px) 100vw, 1024px\" \/><\/figure>\n\n\n\n<figure class=\"wp-block-image size-large\"><img loading=\"lazy\" decoding=\"async\" width=\"1024\" height=\"768\" src=\"https:\/\/www.czechcyclingfederation.com\/wp-content\/uploads\/2021\/09\/IMG-20210912-WA0023-1024x768.jpg\" alt=\"\" class=\"wp-image-9594\" srcset=\"https:\/\/www.czechcyclingfederation.com\/wp-content\/uploads\/2021\/09\/IMG-20210912-WA0023-1024x768.jpg 1024w, https:\/\/www.czechcyclingfederation.com\/wp-content\/uploads\/2021\/09\/IMG-20210912-WA0023-267x200.jpg 267w, https:\/\/www.czechcyclingfederation.com\/wp-content\/uploads\/2021\/09\/IMG-20210912-WA0023-768x576.jpg 768w, https:\/\/www.czechcyclingfederation.com\/wp-content\/uploads\/2021\/09\/IMG-20210912-WA0023-1536x1152.jpg 1536w, https:\/\/www.czechcyclingfederation.com\/wp-content\/uploads\/2021\/09\/IMG-20210912-WA0023-1320x990.jpg 1320w, https:\/\/www.czechcyclingfederation.com\/wp-content\/uploads\/2021\/09\/IMG-20210912-WA0023.jpg 2048w\" sizes=\"auto, (max-width: 1024px) 100vw, 1024px\" \/><\/figure>\n","protected":false},"excerpt":{"rendered":"<p>Pouze mistr republiky Michael Kukrle dojel z \u010desk\u00fdch reprezentant\u016f do c\u00edle z\u00e1v\u011bre\u010dn\u00e9ho z\u00e1vodu na evropsk\u00e9m silni\u010dn\u00edm \u0161ampion\u00e1tu v italsk\u00e9m Trentu. V elitn\u00ed kategorii mu\u017e\u016f po 179,2 kilometrech slavili dom\u00e1c\u00ed fanou\u0161ci, zlatou medaili vybojoval ve spurtu s Belgi\u010danem Remco Evenepoelem jejich jezdec Sonny Colberelli, t\u0159et\u00ed dojel Beno\u00eet Cosnefroy z Francie. Kukrle skon\u010dil ze 150 startuj\u00edc\u00edch dvac\u00e1t\u00fd, [&hellip;]<\/p>\n","protected":false},"author":8,"featured_media":9589,"comment_status":"closed","ping_status":"open","sticky":false,"template":"","format":"standard","meta":{"footnotes":""},"categories":[2,103,18],"tags":[11],"class_list":["post-9588","post","type-post","status-publish","format-standard","has-post-thumbnail","hentry","category-novinky","category-reprezentace","category-silnice","tag-silnice"],"_links":{"self":[{"href":"https:\/\/www.czechcyclingfederation.com\/en\/wp-json\/wp\/v2\/posts\/9588","targetHints":{"allow":["GET"]}}],"collection":[{"href":"https:\/\/www.czechcyclingfederation.com\/en\/wp-json\/wp\/v2\/posts"}],"about":[{"href":"https:\/\/www.czechcyclingfederation.com\/en\/wp-json\/wp\/v2\/types\/post"}],"author":[{"embeddable":true,"href":"https:\/\/www.czechcyclingfederation.com\/en\/wp-json\/wp\/v2\/users\/8"}],"replies":[{"embeddable":true,"href":"https:\/\/www.czechcyclingfederation.com\/en\/wp-json\/wp\/v2\/comments?post=9588"}],"version-history":[{"count":1,"href":"https:\/\/www.czechcyclingfederation.com\/en\/wp-json\/wp\/v2\/posts\/9588\/revisions"}],"predecessor-version":[{"id":9595,"href":"https:\/\/www.czechcyclingfederation.com\/en\/wp-json\/wp\/v2\/posts\/9588\/revisions\/9595"}],"wp:featuredmedia":[{"embeddable":true,"href":"https:\/\/www.czechcyclingfederation.com\/en\/wp-json\/wp\/v2\/media\/9589"}],"wp:attachment":[{"href":"https:\/\/www.czechcyclingfederation.com\/en\/wp-json\/wp\/v2\/media?parent=9588"}],"wp:term":[{"taxonomy":"category","embeddable":true,"href":"https:\/\/www.czechcyclingfederation.com\/en\/wp-json\/wp\/v2\/categories?post=9588"},{"taxonomy":"post_tag","embeddable":true,"href":"https:\/\/www.czechcyclingfederation.com\/en\/wp-json\/wp\/v2\/tags?post=9588"}],"curies":[{"name":"wp","href":"https:\/\/api.w.org\/{rel}","templated":true}]}}