{"id":9536,"date":"2021-09-09T18:04:02","date_gmt":"2021-09-09T16:04:02","guid":{"rendered":"https:\/\/www.czechcyclingfederation.com\/?p=9536"},"modified":"2021-09-09T18:05:47","modified_gmt":"2021-09-09T16:05:47","slug":"bartovi-casovka-nevysla-skoncil-sedmnacty","status":"publish","type":"post","link":"https:\/\/www.czechcyclingfederation.com\/en\/bartovi-casovka-nevysla-skoncil-sedmnacty\/","title":{"rendered":"B\u00e1rtovi \u010dasovka nevy\u0161la, skon\u010dil sedmn\u00e1ct\u00fd"},"content":{"rendered":"\n<p>Na evropsk\u00e9m \u0161ampion\u00e1tu v italsk\u00e9m Trentu byly dnes na programu \u010dasovky elitn\u00edch kategori\u00ed a kategori\u00ed U23 a jedin\u00fdm na\u0161\u00edm z\u00e1stupnec na strtu byl Jan B\u00e1rta. Tra\u0165 dlouh\u00e1 22,4 kilometr\u016f mu v\u0161ak moc nesedla a v poli 39 startuj\u00edc\u00edch obsadil sedmn\u00e1ct\u00e9 m\u00edsto. Za v\u00edt\u011bzn\u00fdm Stefanem K\u00fcngem ze \u0160v\u00fdcarska zaostal o 1:51.<\/p>\n\n\n\n<p>V\u00fdsledkov\u00e9 tabuli v\u00e9vodil des\u00e1t\u00fd startuj\u00edc\u00ed Ital Edoardo Affini, kter\u00fd zajel \u010das 25:08, ale rychle jej vyst\u0159\u00eddal o t\u0159i m\u00edsta za n\u00edm startuj\u00edc\u00ed Stefan Bisseger ze \u0160v\u00fdcarska a ten ve veden\u00ed vydr\u017eel prakticky a\u017e do z\u00e1v\u011bru, kdy jeli nejv\u011bt\u0161\u00ed favorit\u00e9. Osm\u00fd od konce vyrazil na tra\u0165 B\u00e1rta, ale na sv\u00e1 v\u00fdborn\u00e1 \u010dasovk\u00e1\u0159sk\u00e9 um\u00edst\u011bn\u00ed nenav\u00e1zal.<\/p>\n\n\n\n<p>Po\u0159ad\u00ed se m\u011bnilo a\u017e po projet\u00ed N\u011bmce Maxmiliana Walschielda a pak to \u0161lo v rychl\u00e9m sledu. Tadej Poga\u010das ze Slovinska sice neusp\u011bl, ale hned za n\u00edm jedouc\u00ed Ital Filippo Ganna se pomysln\u011b posunul na zlatou pozici. Za n\u00edm startuj\u00edc\u00ed Remco Evenepoel z Belgie byl pomalej\u0161\u00ed o sedm vte\u0159in, ale na bronzovou medaili to sta\u010dilo. Do po\u0159ad\u00ed nejlep\u0161\u00edch tentokr\u00e1t nepromluvil \u010dasovk\u00e1\u0159sk\u00fd specialita R\u00e9mi Cavagna z Francie, kter\u00e1 obsadil a\u017e dev\u00e1t\u00e9 m\u00edsto. Gannu sesadil a\u017e posledn\u00ed jezdec na startu &#8211; \u0160v\u00fdcar Stefan K\u00fcng, kter\u00fd jej p\u0159ed\u010dil o osm vte\u0159in.<\/p>\n\n\n\n<p>Mezi \u017eenami byla nejrychlej\u0161\u00ed \u0161v\u00fdcarsk\u00e1 z\u00e1vodnice Marlen Reusserov\u00e1, horkou favoritku Ellen van Dijkov\u00e1 z Nizozem\u00ed zdolal o 19 vte\u0159in a t\u0159et\u00ed skon\u010dila Lisa Brennauerov\u00e1 z N\u011bmecka. \u010cesk\u00e1 cyklistiky v tomto z\u00e1vod\u011b nem\u011bla, stejn\u011b tak jako v kategorii U23. Ty vyhr\u00e1li Johan Price Pejtersen z D\u00e1nska a Italka Vittoria Guazziniov\u00e1.<\/p>\n\n\n\n<p>V\u00fdsledky:<\/p>\n\n\n\n<p>Mu\u017ei &#8211; elite (22,4 km):<\/p>\n\n\n\n<p>1. K\u00fcng (\u0160v\u00fdc.) 24:29, 2. Ganna (It.) +8, 3. Evenepoel (Belg.) +15, 4. Bissegger (\u0160v\u00fdc.) +23, 5. Walschield (N\u011bm.) +38, 6. Affini (It.) +39, &#8230;17. B\u00e1rta (\u010cR) +1:51.<\/p>\n\n\n\n<p>Mu\u017ei U23 (22,4 km):<\/p>\n\n\n\n<p>1. Pejtersen (D\u00e1n.) 25:35, 2. Warenskjold (Nor.) +33, 3. Hoole (Niz.) +34, 4. Hessman (N\u011bm.) +37, 5. Gonov (Rus.) +40, 6. Garcia Pierna (\u0160p.) +44.<\/p>\n\n\n\n<p>\u017deny U23 (22,4 km):<\/p>\n\n\n\n<p>1. Guazziniov\u00e1 (It.) 29:02, 2. Ludwigov\u00e1 (N\u011bm.) +38, 3. Pirroneov\u00e1 (It.) +45, 4. Jaskulsk\u00e1 (Pol.) +50, 5. Olaussonov\u00e1 (\u0160v\u00e9d.) +54,17, 6. Le Netov\u00e1 (Fr.) +54,31.<\/p>\n\n\n\n<p>\u017deny &#8211; elite:<\/p>\n\n\n\n<p>1. Reusserov\u00e1 (\u0160v\u00fdc.) 27:12, 2. van Dijkov\u00e1 (Niz.) +19, 3. Brennauerov\u00e1 +1:02, 4. Kleinov\u00e1 (ob\u011b N\u011bm.) +1:22, 5. Markusov\u00e1 (Niz.) +1:43, 6. Konon\u011bnkov\u00e1 (Ukr.) +1:51.<\/p>\n\n\n\n<p>FOTO Michal Frant\u00edk<\/p>\n\n\n\n<figure class=\"wp-block-image size-large\"><img loading=\"lazy\" decoding=\"async\" width=\"1024\" height=\"768\" src=\"https:\/\/www.czechcyclingfederation.com\/wp-content\/uploads\/2021\/09\/Barta-IMG-20210909-WA0006-1024x768.jpg\" alt=\"\" class=\"wp-image-9538\" srcset=\"https:\/\/www.czechcyclingfederation.com\/wp-content\/uploads\/2021\/09\/Barta-IMG-20210909-WA0006-1024x768.jpg 1024w, https:\/\/www.czechcyclingfederation.com\/wp-content\/uploads\/2021\/09\/Barta-IMG-20210909-WA0006-267x200.jpg 267w, https:\/\/www.czechcyclingfederation.com\/wp-content\/uploads\/2021\/09\/Barta-IMG-20210909-WA0006-768x576.jpg 768w, https:\/\/www.czechcyclingfederation.com\/wp-content\/uploads\/2021\/09\/Barta-IMG-20210909-WA0006-1536x1152.jpg 1536w, https:\/\/www.czechcyclingfederation.com\/wp-content\/uploads\/2021\/09\/Barta-IMG-20210909-WA0006-1320x990.jpg 1320w, https:\/\/www.czechcyclingfederation.com\/wp-content\/uploads\/2021\/09\/Barta-IMG-20210909-WA0006.jpg 1600w\" sizes=\"auto, (max-width: 1024px) 100vw, 1024px\" \/><\/figure>\n\n\n\n<figure class=\"wp-block-image size-large\"><img loading=\"lazy\" decoding=\"async\" width=\"768\" height=\"1024\" src=\"https:\/\/www.czechcyclingfederation.com\/wp-content\/uploads\/2021\/09\/Barta-Jan-IMG-20210909-WA0005-1-768x1024.jpg\" alt=\"\" class=\"wp-image-9540\" srcset=\"https:\/\/www.czechcyclingfederation.com\/wp-content\/uploads\/2021\/09\/Barta-Jan-IMG-20210909-WA0005-1-768x1024.jpg 768w, https:\/\/www.czechcyclingfederation.com\/wp-content\/uploads\/2021\/09\/Barta-Jan-IMG-20210909-WA0005-1-150x200.jpg 150w, https:\/\/www.czechcyclingfederation.com\/wp-content\/uploads\/2021\/09\/Barta-Jan-IMG-20210909-WA0005-1-1152x1536.jpg 1152w, https:\/\/www.czechcyclingfederation.com\/wp-content\/uploads\/2021\/09\/Barta-Jan-IMG-20210909-WA0005-1.jpg 1200w\" sizes=\"auto, (max-width: 768px) 100vw, 768px\" \/><\/figure>\n","protected":false},"excerpt":{"rendered":"<p>Na evropsk\u00e9m \u0161ampion\u00e1tu v italsk\u00e9m Trentu byly dnes na programu \u010dasovky elitn\u00edch kategori\u00ed a kategori\u00ed U23 a jedin\u00fdm na\u0161\u00edm z\u00e1stupnec na strtu byl Jan B\u00e1rta. Tra\u0165 dlouh\u00e1 22,4 kilometr\u016f mu v\u0161ak moc nesedla a v poli 39 startuj\u00edc\u00edch obsadil sedmn\u00e1ct\u00e9 m\u00edsto. Za v\u00edt\u011bzn\u00fdm Stefanem K\u00fcngem ze \u0160v\u00fdcarska zaostal o 1:51. V\u00fdsledkov\u00e9 tabuli v\u00e9vodil des\u00e1t\u00fd startuj\u00edc\u00ed [&hellip;]<\/p>\n","protected":false},"author":8,"featured_media":9538,"comment_status":"closed","ping_status":"open","sticky":false,"template":"","format":"standard","meta":{"footnotes":""},"categories":[2,103,18],"tags":[11],"class_list":["post-9536","post","type-post","status-publish","format-standard","has-post-thumbnail","hentry","category-novinky","category-reprezentace","category-silnice","tag-silnice"],"_links":{"self":[{"href":"https:\/\/www.czechcyclingfederation.com\/en\/wp-json\/wp\/v2\/posts\/9536","targetHints":{"allow":["GET"]}}],"collection":[{"href":"https:\/\/www.czechcyclingfederation.com\/en\/wp-json\/wp\/v2\/posts"}],"about":[{"href":"https:\/\/www.czechcyclingfederation.com\/en\/wp-json\/wp\/v2\/types\/post"}],"author":[{"embeddable":true,"href":"https:\/\/www.czechcyclingfederation.com\/en\/wp-json\/wp\/v2\/users\/8"}],"replies":[{"embeddable":true,"href":"https:\/\/www.czechcyclingfederation.com\/en\/wp-json\/wp\/v2\/comments?post=9536"}],"version-history":[{"count":2,"href":"https:\/\/www.czechcyclingfederation.com\/en\/wp-json\/wp\/v2\/posts\/9536\/revisions"}],"predecessor-version":[{"id":9541,"href":"https:\/\/www.czechcyclingfederation.com\/en\/wp-json\/wp\/v2\/posts\/9536\/revisions\/9541"}],"wp:featuredmedia":[{"embeddable":true,"href":"https:\/\/www.czechcyclingfederation.com\/en\/wp-json\/wp\/v2\/media\/9538"}],"wp:attachment":[{"href":"https:\/\/www.czechcyclingfederation.com\/en\/wp-json\/wp\/v2\/media?parent=9536"}],"wp:term":[{"taxonomy":"category","embeddable":true,"href":"https:\/\/www.czechcyclingfederation.com\/en\/wp-json\/wp\/v2\/categories?post=9536"},{"taxonomy":"post_tag","embeddable":true,"href":"https:\/\/www.czechcyclingfederation.com\/en\/wp-json\/wp\/v2\/tags?post=9536"}],"curies":[{"name":"wp","href":"https:\/\/api.w.org\/{rel}","templated":true}]}}