{"id":9522,"date":"2021-09-08T18:06:48","date_gmt":"2021-09-08T16:06:48","guid":{"rendered":"https:\/\/www.czechcyclingfederation.com\/?p=9522"},"modified":"2021-09-09T12:19:10","modified_gmt":"2021-09-09T10:19:10","slug":"techniserv-cup-ma-finale-v-domasove","status":"publish","type":"post","link":"https:\/\/www.czechcyclingfederation.com\/en\/techniserv-cup-ma-finale-v-domasove\/","title":{"rendered":"Techniserv cup v Doma\u0161ov\u011b se neuskute\u010dn\u00ed!"},"content":{"rendered":"\n<p>V sobotu 11. z\u00e1\u0159\u00ed m\u011bl vyvrcholit seri\u00e1l Techniserv cupu &#8211; \u010cesk\u00fd poh\u00e1r ml\u00e1de\u017ee a \u017een na silnici, z\u00e1v\u011bre\u010dn\u00fdm podnikem v Doma\u0161ov\u011b nad Byst\u0159ic\u00ed. Bohu\u017eel jsme dnes (\u010dtvrtek 9.9.2021) obdr\u017eeli zpr\u00e1vu, \u017ee z d\u016fvod\u016f z\u00e1va\u017en\u00e9ho onemocn\u011bn\u00ed v po\u0159adatelsk\u00e9m t\u00fdmu nen\u00ed mo\u017en\u00e9 z\u00e1vod uskute\u010dnit. V takto kr\u00e1tk\u00e9m \u010dase nen\u00ed mo\u017en\u00e9 nal\u00e9zt jin\u00e9 \u0159e\u0161en\u00ed tak, aby z\u00e1vod prob\u011bhl v dostate\u010dn\u00e9 kvalit\u011b a p\u0159edev\u0161\u00edm zaji\u0161t\u011bn\u00ed bezpe\u010dnosti z\u00e1vodn\u00edk\u016f. Velice n\u00e1s to mrz\u00ed a v\u0161em z\u00e1vodn\u00edk\u016fm se t\u00edmto omlouv\u00e1me. Startovn\u00e9 V\u00e1m bude vr\u00e1ceno na \u00fa\u010det, ohledn\u011b plateb kontaktujte po\u0159adatele p. Lichnovsk\u00e9ho na mailu: radomirlichnovsky@seznam.cz.<\/p>\n\n\n\n<p>O zp\u016fsobu celkov\u00e9ho vyhl\u00e1\u0161en\u00ed Techniserv cupu V\u00e1s budeme informovat v n\u00e1sleduj\u00edc\u00edch dnech.<\/p>\n\n\n\n<p>FOTO Jan Brychta<\/p>\n\n\n\n<figure class=\"wp-block-image size-large\"><img loading=\"lazy\" decoding=\"async\" width=\"1024\" height=\"768\" src=\"https:\/\/www.czechcyclingfederation.com\/wp-content\/uploads\/2021\/09\/Juniori-IMG-20210613-WA0005-1-1024x768.jpg\" alt=\"\" class=\"wp-image-9524\" srcset=\"https:\/\/www.czechcyclingfederation.com\/wp-content\/uploads\/2021\/09\/Juniori-IMG-20210613-WA0005-1-1024x768.jpg 1024w, https:\/\/www.czechcyclingfederation.com\/wp-content\/uploads\/2021\/09\/Juniori-IMG-20210613-WA0005-1-267x200.jpg 267w, https:\/\/www.czechcyclingfederation.com\/wp-content\/uploads\/2021\/09\/Juniori-IMG-20210613-WA0005-1-768x576.jpg 768w, https:\/\/www.czechcyclingfederation.com\/wp-content\/uploads\/2021\/09\/Juniori-IMG-20210613-WA0005-1-1536x1152.jpg 1536w, https:\/\/www.czechcyclingfederation.com\/wp-content\/uploads\/2021\/09\/Juniori-IMG-20210613-WA0005-1-1320x990.jpg 1320w, https:\/\/www.czechcyclingfederation.com\/wp-content\/uploads\/2021\/09\/Juniori-IMG-20210613-WA0005-1.jpg 1600w\" sizes=\"auto, (max-width: 1024px) 100vw, 1024px\" \/><\/figure>\n","protected":false},"excerpt":{"rendered":"<p>V sobotu 11. z\u00e1\u0159\u00ed m\u011bl vyvrcholit seri\u00e1l Techniserv cupu &#8211; \u010cesk\u00fd poh\u00e1r ml\u00e1de\u017ee a \u017een na silnici, z\u00e1v\u011bre\u010dn\u00fdm podnikem v Doma\u0161ov\u011b nad Byst\u0159ic\u00ed. Bohu\u017eel jsme dnes (\u010dtvrtek 9.9.2021) obdr\u017eeli zpr\u00e1vu, \u017ee z d\u016fvod\u016f z\u00e1va\u017en\u00e9ho onemocn\u011bn\u00ed v po\u0159adatelsk\u00e9m t\u00fdmu nen\u00ed mo\u017en\u00e9 z\u00e1vod uskute\u010dnit. V takto kr\u00e1tk\u00e9m \u010dase nen\u00ed mo\u017en\u00e9 nal\u00e9zt jin\u00e9 \u0159e\u0161en\u00ed tak, aby z\u00e1vod prob\u011bhl [&hellip;]<\/p>\n","protected":false},"author":8,"featured_media":9523,"comment_status":"closed","ping_status":"open","sticky":false,"template":"","format":"standard","meta":{"footnotes":""},"categories":[2,18],"tags":[11],"class_list":["post-9522","post","type-post","status-publish","format-standard","has-post-thumbnail","hentry","category-novinky","category-silnice","tag-silnice"],"_links":{"self":[{"href":"https:\/\/www.czechcyclingfederation.com\/en\/wp-json\/wp\/v2\/posts\/9522","targetHints":{"allow":["GET"]}}],"collection":[{"href":"https:\/\/www.czechcyclingfederation.com\/en\/wp-json\/wp\/v2\/posts"}],"about":[{"href":"https:\/\/www.czechcyclingfederation.com\/en\/wp-json\/wp\/v2\/types\/post"}],"author":[{"embeddable":true,"href":"https:\/\/www.czechcyclingfederation.com\/en\/wp-json\/wp\/v2\/users\/8"}],"replies":[{"embeddable":true,"href":"https:\/\/www.czechcyclingfederation.com\/en\/wp-json\/wp\/v2\/comments?post=9522"}],"version-history":[{"count":3,"href":"https:\/\/www.czechcyclingfederation.com\/en\/wp-json\/wp\/v2\/posts\/9522\/revisions"}],"predecessor-version":[{"id":9535,"href":"https:\/\/www.czechcyclingfederation.com\/en\/wp-json\/wp\/v2\/posts\/9522\/revisions\/9535"}],"wp:featuredmedia":[{"embeddable":true,"href":"https:\/\/www.czechcyclingfederation.com\/en\/wp-json\/wp\/v2\/media\/9523"}],"wp:attachment":[{"href":"https:\/\/www.czechcyclingfederation.com\/en\/wp-json\/wp\/v2\/media?parent=9522"}],"wp:term":[{"taxonomy":"category","embeddable":true,"href":"https:\/\/www.czechcyclingfederation.com\/en\/wp-json\/wp\/v2\/categories?post=9522"},{"taxonomy":"post_tag","embeddable":true,"href":"https:\/\/www.czechcyclingfederation.com\/en\/wp-json\/wp\/v2\/tags?post=9522"}],"curies":[{"name":"wp","href":"https:\/\/api.w.org\/{rel}","templated":true}]}}