{"id":9510,"date":"2021-09-07T22:11:49","date_gmt":"2021-09-07T20:11:49","guid":{"rendered":"https:\/\/www.czechcyclingfederation.com\/?p=9510"},"modified":"2021-09-07T22:11:51","modified_gmt":"2021-09-07T20:11:51","slug":"v-plzni-byl-opet-nejrychlejsi-richard-habermann","status":"publish","type":"post","link":"https:\/\/www.czechcyclingfederation.com\/en\/v-plzni-byl-opet-nejrychlejsi-richard-habermann\/","title":{"rendered":"V Plzni byl op\u011bt nejrychlej\u0161\u00ed Richard Habermann"},"content":{"rendered":"\n<p>Des\u00e1t\u00fd d\u00edl GIANT LIGY v Plzni se jel jako GP Efisan a nejrychlej\u0161\u00edm z\u00e1vodn\u00edkem dne byl ve skv\u011bl\u00e9 form\u011b jezd\u00edc\u00ed Richard Habermann (AC Sparta Praha), kter\u00fd si op\u011bt odvezl i dres aktivity.<\/p>\n\n\n\n<p>Z\u00e1vodilo se hned od startu. V \u017e\u00e1dn\u00e9m \u00faniku ani bodova\u010dce nechyb\u011bl ale Habermann, kter\u00fd jakoby nem\u011bl slabou chvilku. B\u011bhem p\u00e1r kol z\u00edskal takovou z\u00e1sobu bod\u016f, \u017ee do konce z\u00e1vodu jen kontroloval prvn\u00ed pozici celkov\u00e9ho hodnocen\u00ed. Del\u0161\u00ed n\u00e1stup m\u011bl Michael Boro\u0161 (\u010cEZ Cyklo Team T\u00e1bor) a i on od poloviny z\u00e1vodu nechyb\u011bl v \u017e\u00e1dn\u00e9m \u00faniku a sb\u00edral tak d\u016fle\u017eit\u00e9 body. Skv\u011bl\u00fd souboj p\u0159edvedli jezdci v souboji o l\u00eddra seri\u00e1lu Jan Ryba a Martin Boubal. Prakticky byli jako \u201evlastn\u00ed st\u00edn\u201c, kam se hnul Boubal tam byl Ryba a naopak. Nakonec ze souboje vy\u0161el jako v\u00edt\u011bz pr\u00e1v\u011b mlad\u00edk Ryba a m\u00e1 nakro\u010deno k v\u00edt\u011bzstv\u00ed v cel\u00e9m seri\u00e1lu.<\/p>\n\n\n\n<p>Z\u00e1vod junior\u016f vyhr\u00e1l Maximilian Kerl (Author Team Stupno), \u017een\u00e1m tentokr\u00e1t kralovala Dagmar Hejhalov\u00e1 (Dukla Praha), kter\u00e1 jako jedin\u00e1 vydr\u017eela v pelotonu.<\/p>\n\n\n\n<p>Dal\u0161\u00ed d\u00edl Giant Ligy 2021 pokra\u010duje v \u00fater\u00fd 14. z\u00e1\u0159\u00ed v Plzni na Rapidu<\/p>\n\n\n\n<p>V\u00fdsledky:<\/p>\n\n\n\n<p>1. Habermann (AC Sparta Praha) 25, 2. Boro\u0161 (\u010cEZ Cyklo Team T\u00e1bor) 21, 3. Ryba (AC Sparta Praha) 18, 4. Boubal (Hello CTW) 15, 5. Vojt\u011bch (LAWI Stars &#8211; Giant) 14, 6. Rajchart (GAPP Syst\u00e9m &#8211; Kolofix MTB) 10.<\/p>\n\n\n\n<p>Junio\u0159i:<\/p>\n\n\n\n<p>1. Kerl (Author Team Stupno) 7, 2. Otta (Roman Kreuziger Cycling Academy) 3,&nbsp; 3. Tit\u011bra (KOVO Praha) 1.<\/p>\n\n\n\n<p>FOTO Tom\u00e1\u0161 Tesa\u0159<\/p>\n","protected":false},"excerpt":{"rendered":"<p>Des\u00e1t\u00fd d\u00edl GIANT LIGY v Plzni se jel jako GP Efisan a nejrychlej\u0161\u00edm z\u00e1vodn\u00edkem dne byl ve skv\u011bl\u00e9 form\u011b jezd\u00edc\u00ed Richard Habermann (AC Sparta Praha), kter\u00fd si op\u011bt odvezl i dres aktivity. Z\u00e1vodilo se hned od startu. V \u017e\u00e1dn\u00e9m \u00faniku ani bodova\u010dce nechyb\u011bl ale Habermann, kter\u00fd jakoby nem\u011bl slabou chvilku. B\u011bhem p\u00e1r kol z\u00edskal takovou [&hellip;]<\/p>\n","protected":false},"author":8,"featured_media":9511,"comment_status":"closed","ping_status":"open","sticky":false,"template":"","format":"standard","meta":{"footnotes":""},"categories":[2,18],"tags":[11],"class_list":["post-9510","post","type-post","status-publish","format-standard","has-post-thumbnail","hentry","category-novinky","category-silnice","tag-silnice"],"_links":{"self":[{"href":"https:\/\/www.czechcyclingfederation.com\/en\/wp-json\/wp\/v2\/posts\/9510","targetHints":{"allow":["GET"]}}],"collection":[{"href":"https:\/\/www.czechcyclingfederation.com\/en\/wp-json\/wp\/v2\/posts"}],"about":[{"href":"https:\/\/www.czechcyclingfederation.com\/en\/wp-json\/wp\/v2\/types\/post"}],"author":[{"embeddable":true,"href":"https:\/\/www.czechcyclingfederation.com\/en\/wp-json\/wp\/v2\/users\/8"}],"replies":[{"embeddable":true,"href":"https:\/\/www.czechcyclingfederation.com\/en\/wp-json\/wp\/v2\/comments?post=9510"}],"version-history":[{"count":1,"href":"https:\/\/www.czechcyclingfederation.com\/en\/wp-json\/wp\/v2\/posts\/9510\/revisions"}],"predecessor-version":[{"id":9512,"href":"https:\/\/www.czechcyclingfederation.com\/en\/wp-json\/wp\/v2\/posts\/9510\/revisions\/9512"}],"wp:featuredmedia":[{"embeddable":true,"href":"https:\/\/www.czechcyclingfederation.com\/en\/wp-json\/wp\/v2\/media\/9511"}],"wp:attachment":[{"href":"https:\/\/www.czechcyclingfederation.com\/en\/wp-json\/wp\/v2\/media?parent=9510"}],"wp:term":[{"taxonomy":"category","embeddable":true,"href":"https:\/\/www.czechcyclingfederation.com\/en\/wp-json\/wp\/v2\/categories?post=9510"},{"taxonomy":"post_tag","embeddable":true,"href":"https:\/\/www.czechcyclingfederation.com\/en\/wp-json\/wp\/v2\/tags?post=9510"}],"curies":[{"name":"wp","href":"https:\/\/api.w.org\/{rel}","templated":true}]}}