{"id":9500,"date":"2021-09-07T10:54:52","date_gmt":"2021-09-07T08:54:52","guid":{"rendered":"https:\/\/www.czechcyclingfederation.com\/?p=9500"},"modified":"2021-09-08T10:48:11","modified_gmt":"2021-09-08T08:48:11","slug":"silnicni-cyklisty-ceka-me-v-italii-trener-veri-v-medaili","status":"publish","type":"post","link":"https:\/\/www.czechcyclingfederation.com\/en\/silnicni-cyklisty-ceka-me-v-italii-trener-veri-v-medaili\/","title":{"rendered":"Silni\u010dn\u00ed cyklisty \u010dek\u00e1 ME v It\u00e1lii, tren\u00e9r v\u011b\u0159\u00ed v medaili"},"content":{"rendered":"\n<p>Od st\u0159edy do ned\u011ble host\u00ed italsk\u00e9 Trento mistrovstv\u00ed Evropy silni\u010dn\u00edch cyklist\u016f. \u010cesko bude reprezentovat celkem 20 z\u00e1vodn\u00edk\u016f a reprezenta\u010dn\u00ed tren\u00e9r Tom\u00e1\u0161 Kone\u010dn\u00fd v\u011b\u0159\u00ed, \u017ee se poda\u0159\u00ed vybojovat n\u011bjak\u00e1 medaile.<\/p>\n\n\n\n<p>\u201eM\u00e1me siln\u00fd t\u00fdm a o medaile se ur\u010dit\u011b chceme rv\u00e1t. V\u017edy mus\u00edme m\u00edt ty nejvy\u0161\u0161\u00ed ambice, i kdy\u017e vloni jsme nasadili la\u0165ku hodn\u011b vysoko,\u201c \u0159ekl Kone\u010dn\u00fd a nar\u00e1\u017eel na zlato juniora Mathiase Vacka z&nbsp;\u010dasovky, st\u0159\u00edbro Pavla Bittnera v&nbsp;silni\u010dn\u00edm z\u00e1vod\u011b junior\u016f a bronz Vojt\u011bcha \u0158epy v&nbsp;z\u00e1vod\u011b mu\u017e\u016f U23.<\/p>\n\n\n\n<p>\u0160ampion\u00e1t zah\u00e1j\u00ed ve st\u0159edu \u010dasovky, od p\u00e1tku do ned\u011ble se jedou silni\u010dn\u00ed z\u00e1vody v\u0161ech kategori\u00ed. Oslabena bude kategorie mu\u017e\u016f U23, kde kv\u016fli zran\u011bn\u00edm z&nbsp;ned\u00e1vn\u00e9ho Tour de l\u00b4Avenir vypadli z&nbsp;nominace Mathias Vacek a Tom\u00e1\u0161 Kopeck\u00fd. \u201eTakov\u00fd je bohu\u017eel sport, nic s&nbsp;t\u00edm nenad\u011bl\u00e1me. U Mathiase je to zran\u011bn\u00ed v\u00e1\u017en\u011bj\u0161\u00ed. Dva t\u00fddny nesed\u011bl na kole a nestihne se d\u00e1t dohromady ani pro mistrovstv\u00ed sv\u011bta. Tom\u00e1\u0161 by m\u011bl sv\u011bt stihnout,\u201c prozradil tren\u00e9r.<\/p>\n\n\n\n<p>\u201eM\u00e1me siln\u00fd t\u00fdm junior\u016f, kde jsou z\u00e1vodn\u00edci, kte\u0159\u00ed um\u00ed dob\u0159e zaspurtovat, i lidi na \u00faniky. Kluci celoro\u010dn\u011b jezdili dob\u0159e a medaili klidn\u011b mohou z\u00edskat. V\u00fdhodou je, \u017ee tam m\u00e1me \u010dty\u0159i prvoro\u010d\u00e1ky, kte\u0159\u00ed mohou jet v&nbsp;t\u00e9to kategorii je\u0161t\u011b p\u0159\u00ed\u0161t\u00ed rok,\u201c uvedl Kone\u010dn\u00fd. To sam\u00e9 v&nbsp;juniork\u00e1ch. Julia Kopecky byla p\u0159ed p\u00e1r dny t\u0159et\u00ed na Nation\u00b4s Cupu ve \u0160pan\u011blsku a v\u011b\u0159\u00edm, \u017ee formu potvrd\u00ed i na Evrop\u011b,\u201c dodal.<\/p>\n\n\n\n<p>\u201eNa okruhu je kopec, ale to stoup\u00e1n\u00ed nen\u00ed tak extr\u00e9mn\u00ed. Profilov\u011b to ur\u010dit\u011b bude sed\u011bt i kluk\u016fm z&nbsp;t\u0159iadvac\u00edtky. A kdyby do\u0161lo na spurt, m\u00e1me tam rychl\u00e9ho Pavla Bittnera, kter\u00fd se dok\u00e1\u017ee prosadit,\u201c \u0159ekl kou\u010d.<\/p>\n\n\n\n<p>Pro silni\u010dn\u00ed z\u00e1vod mu\u017e\u016f jsou v&nbsp;nominaci Zden\u011bk \u0160tybar, Jan B\u00e1rta, Michael Kukrle, Daniel Turek a Adam \u0164oupal\u00edk. Na posledn\u00ed chv\u00edli vypadl ze sestavy Jan Hirt, kter\u00fd m\u00e1 v&nbsp;noh\u00e1ch n\u00e1ro\u010dnou Vueltu. \u201eJe hodn\u011b unaven\u00fd a t\u00fdm mu start na Evrop\u011b nedoporu\u010dil. Co se t\u00fd\u010de Pepy \u010cern\u00e9ho, kter\u00fd jel taky Vueltu, tak i on si chce po dohod\u011b s&nbsp;t\u00fdmem trochu odpo\u010dinout, ale r\u00e1d by se p\u0159ipravil na mistrovstv\u00ed sv\u011bta, kter\u00e9 bude brzy n\u00e1sledovat,\u201c prozradil Kone\u010dn\u00fd. \u201eAle i tak m\u00e1me siln\u00fd t\u00fdm a kluci ur\u010dit\u011b nejsou bez \u0161anc\u00ed,\u201c dodal.<\/p>\n\n\n\n<p>V\u00a0\u00favahu p\u0159ipadal i Petr Vako\u010d, ale ani jeho nepustily na start ME t\u00fdmov\u00e9 z\u00e1jmy. Mezi \u017eenami vypadla na posledn\u00ed chv\u00edli z\u00a0nominace olympioni\u010dka Tereza Neumanov\u00e1, kter\u00e1 m\u00e1 zdravotn\u00ed probl\u00e9my.<\/p>\n\n\n\n<p><strong>Program ME se starty z\u00e1vodn\u00edk\u016f \u010cR:<\/strong><\/p>\n\n\n\n<p><strong>St\u0159eda: \u010dasovka juniorek<\/strong> (Julia Kopecky, Eli\u0161ka Kvasni\u010dkov\u00e1), <strong>\u010dasovka junior\u016f na 22,4 km <\/strong>(\u0160t\u011bp\u00e1n Teleck\u00fd, Maty\u00e1\u0161 Kopeck\u00fd), <strong>\u0161tafety <\/strong>(bez \u010desk\u00e9 \u00fa\u010dasti).<\/p>\n\n\n\n<p><strong>\u010ctvrtek: \u010dasovka \u017een U23<\/strong> (bez \u010desk\u00e9 \u00fa\u010dasti), <strong>\u010dasovka mu\u017e\u016f U23<\/strong> (bez \u010desk\u00e9 \u00fa\u010dasti), <strong>\u010dasovka \u017een<\/strong> (bez \u010desk\u00e9 \u00fa\u010dasti), <strong>\u010dasovka mu\u017e\u016f<\/strong> (Jan B\u00e1rta).<\/p>\n\n\n\n<p><strong>P\u00e1tek: silni\u010dn\u00ed z\u00e1vod junior\u016f<\/strong> (\u0160t\u011bp\u00e1n Teleck\u00fd, Maty\u00e1\u0161 Kopeck\u00fd, Milan Kadlec, Daniel Sporysch, Pavel Nov\u00e1k, Daniel Mr\u00e1z), <strong>silni\u010dn\u00ed z\u00e1vod juniorek<\/strong> (Julia Kopecky, Eli\u0161ka Kvasni\u010dkov\u00e1), <strong>silni\u010dn\u00ed z\u00e1vod \u017een U23 <\/strong>(bez \u010desk\u00e9 \u00fa\u010dasti).<\/p>\n\n\n\n<p><strong>Sobota: silni\u010dn\u00ed z\u00e1vod mu\u017e\u016f U23 <\/strong>(Petr Kelemen, Pavel Bittner, Karel Camrda, Jakub \u0164oupal\u00edk), <strong>silni\u010dn\u00ed z\u00e1vod \u017een <\/strong>(Nikola Noskov\u00e1, Nikola Bajgerov\u00e1, Jarmila Macha\u010dov\u00e1).<\/p>\n\n\n\n<p><strong>Ned\u011ble: <\/strong>silni\u010dn\u00ed z\u00e1vod mu\u017e\u016f (Zden\u011bk \u0160tybar, Jan B\u00e1rta, Michael Kukrle, Daniel Turek, Adam \u0164oupal\u00edk).<\/p>\n\n\n\n<figure class=\"wp-block-image size-large\"><img decoding=\"async\" src=\"https:\/\/www.czechcyclingfederation.com\/wp-content\/uploads\/2021\/09\/241525778_10217588692862666_1193564112818847004_n-1024x768.jpeg\" alt=\"\" class=\"wp-image-9506\"\/><\/figure>\n\n\n\n<figure class=\"wp-block-image size-large\"><img decoding=\"async\" src=\"https:\/\/www.czechcyclingfederation.com\/wp-content\/uploads\/2021\/09\/241319323_10217588692462656_3106370434214666015_n-1024x768.jpeg\" alt=\"\" class=\"wp-image-9508\"\/><\/figure>\n\n\n\n<p>Foto: Jan Brychta, \u010cSC<\/p>\n","protected":false},"excerpt":{"rendered":"<p>Od st\u0159edy do ned\u011ble host\u00ed italsk\u00e9 Trento mistrovstv\u00ed Evropy silni\u010dn\u00edch cyklist\u016f. \u010cesko bude reprezentovat celkem 20 z\u00e1vodn\u00edk\u016f a reprezenta\u010dn\u00ed tren\u00e9r Tom\u00e1\u0161 Kone\u010dn\u00fd v\u011b\u0159\u00ed, \u017ee se poda\u0159\u00ed vybojovat n\u011bjak\u00e1 medaile. \u201eM\u00e1me siln\u00fd t\u00fdm a o medaile se ur\u010dit\u011b chceme rv\u00e1t. V\u017edy mus\u00edme m\u00edt ty nejvy\u0161\u0161\u00ed ambice, i kdy\u017e vloni jsme nasadili la\u0165ku hodn\u011b vysoko,\u201c \u0159ekl Kone\u010dn\u00fd [&hellip;]<\/p>\n","protected":false},"author":15,"featured_media":0,"comment_status":"closed","ping_status":"open","sticky":false,"template":"","format":"standard","meta":{"footnotes":""},"categories":[2,106],"tags":[11],"class_list":["post-9500","post","type-post","status-publish","format-standard","hentry","category-novinky","category-silnice-reprezentace","tag-silnice"],"_links":{"self":[{"href":"https:\/\/www.czechcyclingfederation.com\/en\/wp-json\/wp\/v2\/posts\/9500","targetHints":{"allow":["GET"]}}],"collection":[{"href":"https:\/\/www.czechcyclingfederation.com\/en\/wp-json\/wp\/v2\/posts"}],"about":[{"href":"https:\/\/www.czechcyclingfederation.com\/en\/wp-json\/wp\/v2\/types\/post"}],"author":[{"embeddable":true,"href":"https:\/\/www.czechcyclingfederation.com\/en\/wp-json\/wp\/v2\/users\/15"}],"replies":[{"embeddable":true,"href":"https:\/\/www.czechcyclingfederation.com\/en\/wp-json\/wp\/v2\/comments?post=9500"}],"version-history":[{"count":0,"href":"https:\/\/www.czechcyclingfederation.com\/en\/wp-json\/wp\/v2\/posts\/9500\/revisions"}],"wp:attachment":[{"href":"https:\/\/www.czechcyclingfederation.com\/en\/wp-json\/wp\/v2\/media?parent=9500"}],"wp:term":[{"taxonomy":"category","embeddable":true,"href":"https:\/\/www.czechcyclingfederation.com\/en\/wp-json\/wp\/v2\/categories?post=9500"},{"taxonomy":"post_tag","embeddable":true,"href":"https:\/\/www.czechcyclingfederation.com\/en\/wp-json\/wp\/v2\/tags?post=9500"}],"curies":[{"name":"wp","href":"https:\/\/api.w.org\/{rel}","templated":true}]}}