{"id":9461,"date":"2021-09-05T16:23:59","date_gmt":"2021-09-05T14:23:59","guid":{"rendered":"https:\/\/www.czechcyclingfederation.com\/?p=9461"},"modified":"2021-09-05T16:24:05","modified_gmt":"2021-09-05T14:24:05","slug":"kvarteto-elkov-kasper-obhajilo-titul-v-casovce","status":"publish","type":"post","link":"https:\/\/www.czechcyclingfederation.com\/en\/kvarteto-elkov-kasper-obhajilo-titul-v-casovce\/","title":{"rendered":"Kvarteto Elkov Kasper obh\u00e1jilo titul v \u010dasovce"},"content":{"rendered":"\n<p>Kvarteto jezdc\u016f Elkov Kasper ve slo\u017een\u00ed Alois Ka\u0148kovsk\u00fd, Petr Kelemen, Michal Schlegel a Jakub \u0164oupal\u00edk obh\u00e1jilo mistrovsk\u00fd titul v silni\u010dn\u00ed \u010dasovce dru\u017estev. Na trati dlouh\u00e9 45 kilometr\u016f v \u017didovic\u00edch u Roudnice zajelo \u010das 58:49 a o 2:08 zdolalo kvartet Topforex &#8211; ATT Investments, t\u0159et\u00ed byli jezdci TJ Favoritu Brno. Ze \u010dtve\u0159ice lo\u0148sk\u00fdch mistr\u016f byl v leto\u0161n\u00ed sestav\u011b pouze Schlegel.<\/p>\n\n\n\n<p>Zlato mezi juniory vybojovali na stejn\u011b dlouh\u00e9 trati jezdci Dukly Praha Milan Kadlec, Petr V\u00e1vra, David \u010cerv\u00ed\u010deka&nbsp; Adam Sejkot a jejich \u010das 1:01:50 by mezi mu\u017ei sta\u010dil na st\u0159\u00edbrnou medaili. Na start z\u00e1vodu \u017een se postavilo pouze jedno dru\u017estvo &#8211; zlato tak z\u00edskala na patn\u00e1ctikilometrov\u00e9 trati \u010dtve\u0159ice Dukly Praha ve slo\u017een\u00ed Jarmila Macha\u010dov\u00e1, Krist\u00fdna Burlov\u00e1, Petra \u0160ev\u010d\u00edkov\u00e1 a Nicole Hartychov\u00e1.<\/p>\n\n\n\n<p>V\u00fdsledky:<\/p>\n\n\n\n<p>Mu\u017ei elite (45 km):<\/p>\n\n\n\n<p>1. Elkov Kasper (Ka\u0148kovsk\u00fd, Petr Kelemen, Schlegel, J. \u0164oupal\u00edk) 58:49, 2. Topforex &#8211; ATT Investments (Tyrpekl, J. Petru\u0161, Klabouch, Jakoubek) +2:08, 3. TJ Favorit Brno (\u010cekal, Km\u00ednek, Proch\u00e1zka, K\u0159enek) +3:11.<\/p>\n\n\n\n<p>Junio\u0159i (45 km):<\/p>\n\n\n\n<p>1. Dukla Praha (Kadlec, P. V\u00e1vra, \u010cerv\u00ed\u010dek, Sejkot) 1:01:50, 2. TJ Favorit Brno (\u0160irok\u00fd, Teleck\u00fd, Jel\u00ednek, Kulha) +34, 3. Roman Kreuziger Cycling Academy\/TJ Stadion Louny (Sporysch, C\u00edrkva, Jind\u0159ich, Otta) +1:17.<\/p>\n\n\n\n<p>Mlad\u0161\u00ed \u017e\u00e1ci (15 km):<\/p>\n\n\n\n<p>1. Hasal, M. Kr\u00e1l (Dukla Praha) 25:33, 2. A. Kment, \u0160. Kment (Brilon Racing team MB) +8, 3. Tome\u010dek, Ra\u0161ka (Mapei Merida Ka\u0148kovsk\u00fd) +57.<\/p>\n\n\n\n<p>Star\u0161\u00ed \u017e\u00e1ci (15 km):<\/p>\n\n\n\n<p>1. Pit\u00e1k, Ra\u0161ka (Mapei Merida Ka\u0148kovsk\u00fd) 22:18, 2. Nov\u00e1k, Rieger (TUFO Pardus Prost\u011bv\/Carla.kupkolo) +33, 3. Mit\u00e1\u0161, Ba\u017eant (Bike Team\/TJ Sokol Plavy &#8211; Cyklo Benda) +53.<\/p>\n\n\n\n<p>Kadeti (30 km):<\/p>\n\n\n\n<p>1. \u0160. Zah\u00e1lka, P\u00e1t\u00edk, Bittner, Hrdli\u010dka (CK Slavoj Terez\u00edn\/Mapei Merida Ka\u0148kovsk\u00fd) 42:10, 2. Poda\u0159il, Brad\u00e1\u010d, Elbardi, K. Kr\u00e1l (Dukla Praha) +27, 3. M. Vl\u010dek, Rich. Kobr, B\u00e1rta (Roman Kreuziger Cycling Academy\/TJ Stadion Louny) +29.<\/p>\n\n\n\n<p>Mlad\u0161\u00ed \u017e\u00e1kyn\u011b (15 km):<\/p>\n\n\n\n<p>1. Kol\u00e1\u0159ov\u00e1, Frydrychov\u00e1 (Auto \u0160koda Ml. Boleslav) 27:19, 2. Jaro\u0161ov\u00e1, Lazarov\u00e1 (Cyklomira Racing\/TJ Favorit Brno) +1:27.<\/p>\n\n\n\n<p>Star\u0161\u00ed \u017e\u00e1kyn\u011b (15 km):<\/p>\n\n\n\n<p>1. Grohov\u00e1, Cermanov\u00e1 (Author Team AStupno) 24:33, 2. Strakat\u00e1, Vikov\u00e1 (Dukla Praha) +30, 3. Hermanov\u00e1, Stehl\u00edkov\u00e1 (Sportcomplex B\u0159eclav\/\u00dasteck\u00e9 centrum cyklistiky) +41.<\/p>\n\n\n\n<p>Kadetky (15 km):<\/p>\n\n\n\n<p>1. Markov\u00e1, Lal\u00e1kov\u00e1 (Dukla PRaha) 23:59, 2. V. Jadrn\u00e1, Kova\u0159\u00edkov\u00e1 (Sporcomplex B\u0159eclav\/\u00dasteck\u00e9 centrum cyklistiky) +7, 3. Grulichov\u00e1, M\u00fcllerov\u00e1 (TUFO Pardus Prost\u011bjov) +9.<\/p>\n\n\n\n<p>\u017deny (15 km):<\/p>\n\n\n\n<p>1. Macha\u010dov\u00e1, Burlov\u00e1, \u0160ev\u010d\u00edkov\u00e1, Hartychov\u00e1 (Dukla Praha) 22:59.&nbsp;<\/p>\n\n\n\n<p>FOTO Martin Dvo\u0159\u00e1k\u00a0<\/p>\n\n\n\n<figure class=\"wp-block-image size-large\"><img loading=\"lazy\" decoding=\"async\" width=\"768\" height=\"1024\" src=\"https:\/\/www.czechcyclingfederation.com\/wp-content\/uploads\/2021\/09\/IMG-20210905-WA0029-768x1024.jpg\" alt=\"\" class=\"wp-image-9463\" srcset=\"https:\/\/www.czechcyclingfederation.com\/wp-content\/uploads\/2021\/09\/IMG-20210905-WA0029-768x1024.jpg 768w, https:\/\/www.czechcyclingfederation.com\/wp-content\/uploads\/2021\/09\/IMG-20210905-WA0029-150x200.jpg 150w, https:\/\/www.czechcyclingfederation.com\/wp-content\/uploads\/2021\/09\/IMG-20210905-WA0029-1152x1536.jpg 1152w, https:\/\/www.czechcyclingfederation.com\/wp-content\/uploads\/2021\/09\/IMG-20210905-WA0029-1320x1760.jpg 1320w, https:\/\/www.czechcyclingfederation.com\/wp-content\/uploads\/2021\/09\/IMG-20210905-WA0029.jpg 1536w\" sizes=\"auto, (max-width: 768px) 100vw, 768px\" \/><\/figure>\n\n\n\n<p>\u00a0\u00a0\u00a0\u00a0\u00a0\u00a0\u00a0\u00a0\u00a0\u00a0\u00a0\u00a0\u00a0\u00a0\u00a0\u00a0\u00a0\u00a0\u00a0\u00a0\u00a0\u00a0\u00a0\u00a0\u00a0\u00a0\u00a0\u00a0\u00a0\u00a0\u00a0\u00a0\u00a0\u00a0\u00a0\u00a0\u00a0\u00a0\u00a0\u00a0\u00a0\u00a0<\/p>\n\n\n\n<figure class=\"wp-block-image size-large\"><img loading=\"lazy\" decoding=\"async\" width=\"1024\" height=\"768\" src=\"https:\/\/www.czechcyclingfederation.com\/wp-content\/uploads\/2021\/09\/IMG-20210905-WA0032-1024x768.jpg\" alt=\"\" class=\"wp-image-9464\" srcset=\"https:\/\/www.czechcyclingfederation.com\/wp-content\/uploads\/2021\/09\/IMG-20210905-WA0032-1024x768.jpg 1024w, https:\/\/www.czechcyclingfederation.com\/wp-content\/uploads\/2021\/09\/IMG-20210905-WA0032-267x200.jpg 267w, https:\/\/www.czechcyclingfederation.com\/wp-content\/uploads\/2021\/09\/IMG-20210905-WA0032-768x576.jpg 768w, https:\/\/www.czechcyclingfederation.com\/wp-content\/uploads\/2021\/09\/IMG-20210905-WA0032-1536x1152.jpg 1536w, https:\/\/www.czechcyclingfederation.com\/wp-content\/uploads\/2021\/09\/IMG-20210905-WA0032-1320x990.jpg 1320w, https:\/\/www.czechcyclingfederation.com\/wp-content\/uploads\/2021\/09\/IMG-20210905-WA0032.jpg 2048w\" sizes=\"auto, (max-width: 1024px) 100vw, 1024px\" \/><\/figure>\n\n\n\n<figure class=\"wp-block-image size-large\"><img loading=\"lazy\" decoding=\"async\" width=\"1024\" height=\"768\" src=\"https:\/\/www.czechcyclingfederation.com\/wp-content\/uploads\/2021\/09\/IMG-20210905-WA0033-1024x768.jpg\" alt=\"\" class=\"wp-image-9465\" srcset=\"https:\/\/www.czechcyclingfederation.com\/wp-content\/uploads\/2021\/09\/IMG-20210905-WA0033-1024x768.jpg 1024w, https:\/\/www.czechcyclingfederation.com\/wp-content\/uploads\/2021\/09\/IMG-20210905-WA0033-267x200.jpg 267w, https:\/\/www.czechcyclingfederation.com\/wp-content\/uploads\/2021\/09\/IMG-20210905-WA0033-768x576.jpg 768w, https:\/\/www.czechcyclingfederation.com\/wp-content\/uploads\/2021\/09\/IMG-20210905-WA0033-1536x1152.jpg 1536w, https:\/\/www.czechcyclingfederation.com\/wp-content\/uploads\/2021\/09\/IMG-20210905-WA0033-1320x990.jpg 1320w, https:\/\/www.czechcyclingfederation.com\/wp-content\/uploads\/2021\/09\/IMG-20210905-WA0033.jpg 2048w\" sizes=\"auto, (max-width: 1024px) 100vw, 1024px\" \/><\/figure>\n\n\n\n<figure class=\"wp-block-image size-large\"><img loading=\"lazy\" decoding=\"async\" width=\"768\" height=\"1024\" src=\"https:\/\/www.czechcyclingfederation.com\/wp-content\/uploads\/2021\/09\/IMG-20210905-WA0035-768x1024.jpg\" alt=\"\" class=\"wp-image-9466\" srcset=\"https:\/\/www.czechcyclingfederation.com\/wp-content\/uploads\/2021\/09\/IMG-20210905-WA0035-768x1024.jpg 768w, https:\/\/www.czechcyclingfederation.com\/wp-content\/uploads\/2021\/09\/IMG-20210905-WA0035-150x200.jpg 150w, https:\/\/www.czechcyclingfederation.com\/wp-content\/uploads\/2021\/09\/IMG-20210905-WA0035-1152x1536.jpg 1152w, https:\/\/www.czechcyclingfederation.com\/wp-content\/uploads\/2021\/09\/IMG-20210905-WA0035-1320x1760.jpg 1320w, https:\/\/www.czechcyclingfederation.com\/wp-content\/uploads\/2021\/09\/IMG-20210905-WA0035.jpg 1536w\" sizes=\"auto, (max-width: 768px) 100vw, 768px\" \/><\/figure>\n\n\n\n<figure class=\"wp-block-image size-large\"><img loading=\"lazy\" decoding=\"async\" width=\"768\" height=\"1024\" src=\"https:\/\/www.czechcyclingfederation.com\/wp-content\/uploads\/2021\/09\/IMG-20210905-WA0030-768x1024.jpg\" alt=\"\" class=\"wp-image-9467\" srcset=\"https:\/\/www.czechcyclingfederation.com\/wp-content\/uploads\/2021\/09\/IMG-20210905-WA0030-768x1024.jpg 768w, https:\/\/www.czechcyclingfederation.com\/wp-content\/uploads\/2021\/09\/IMG-20210905-WA0030-150x200.jpg 150w, https:\/\/www.czechcyclingfederation.com\/wp-content\/uploads\/2021\/09\/IMG-20210905-WA0030-1152x1536.jpg 1152w, https:\/\/www.czechcyclingfederation.com\/wp-content\/uploads\/2021\/09\/IMG-20210905-WA0030-1320x1760.jpg 1320w, https:\/\/www.czechcyclingfederation.com\/wp-content\/uploads\/2021\/09\/IMG-20210905-WA0030.jpg 1536w\" sizes=\"auto, (max-width: 768px) 100vw, 768px\" \/><\/figure>\n","protected":false},"excerpt":{"rendered":"<p>Kvarteto jezdc\u016f Elkov Kasper ve slo\u017een\u00ed Alois Ka\u0148kovsk\u00fd, Petr Kelemen, Michal Schlegel a Jakub \u0164oupal\u00edk obh\u00e1jilo mistrovsk\u00fd titul v silni\u010dn\u00ed \u010dasovce dru\u017estev. Na trati dlouh\u00e9 45 kilometr\u016f v \u017didovic\u00edch u Roudnice zajelo \u010das 58:49 a o 2:08 zdolalo kvartet Topforex &#8211; ATT Investments, t\u0159et\u00ed byli jezdci TJ Favoritu Brno. Ze \u010dtve\u0159ice lo\u0148sk\u00fdch mistr\u016f byl v [&hellip;]<\/p>\n","protected":false},"author":8,"featured_media":9462,"comment_status":"closed","ping_status":"open","sticky":false,"template":"","format":"standard","meta":{"footnotes":""},"categories":[2,18],"tags":[11],"class_list":["post-9461","post","type-post","status-publish","format-standard","has-post-thumbnail","hentry","category-novinky","category-silnice","tag-silnice"],"_links":{"self":[{"href":"https:\/\/www.czechcyclingfederation.com\/en\/wp-json\/wp\/v2\/posts\/9461","targetHints":{"allow":["GET"]}}],"collection":[{"href":"https:\/\/www.czechcyclingfederation.com\/en\/wp-json\/wp\/v2\/posts"}],"about":[{"href":"https:\/\/www.czechcyclingfederation.com\/en\/wp-json\/wp\/v2\/types\/post"}],"author":[{"embeddable":true,"href":"https:\/\/www.czechcyclingfederation.com\/en\/wp-json\/wp\/v2\/users\/8"}],"replies":[{"embeddable":true,"href":"https:\/\/www.czechcyclingfederation.com\/en\/wp-json\/wp\/v2\/comments?post=9461"}],"version-history":[{"count":1,"href":"https:\/\/www.czechcyclingfederation.com\/en\/wp-json\/wp\/v2\/posts\/9461\/revisions"}],"predecessor-version":[{"id":9468,"href":"https:\/\/www.czechcyclingfederation.com\/en\/wp-json\/wp\/v2\/posts\/9461\/revisions\/9468"}],"wp:featuredmedia":[{"embeddable":true,"href":"https:\/\/www.czechcyclingfederation.com\/en\/wp-json\/wp\/v2\/media\/9462"}],"wp:attachment":[{"href":"https:\/\/www.czechcyclingfederation.com\/en\/wp-json\/wp\/v2\/media?parent=9461"}],"wp:term":[{"taxonomy":"category","embeddable":true,"href":"https:\/\/www.czechcyclingfederation.com\/en\/wp-json\/wp\/v2\/categories?post=9461"},{"taxonomy":"post_tag","embeddable":true,"href":"https:\/\/www.czechcyclingfederation.com\/en\/wp-json\/wp\/v2\/tags?post=9461"}],"curies":[{"name":"wp","href":"https:\/\/api.w.org\/{rel}","templated":true}]}}