{"id":9457,"date":"2021-09-05T01:15:21","date_gmt":"2021-09-04T23:15:21","guid":{"rendered":"https:\/\/www.czechcyclingfederation.com\/?p=9457"},"modified":"2021-09-05T01:16:14","modified_gmt":"2021-09-04T23:16:14","slug":"posledni-zavod-carla-kriterijni-ligy-videl-lovosice","status":"publish","type":"post","link":"https:\/\/www.czechcyclingfederation.com\/en\/posledni-zavod-carla-kriterijni-ligy-videl-lovosice\/","title":{"rendered":"Posledn\u00ed z\u00e1vod Carla krit\u00e9rijn\u00ed ligy vid\u011bly Lovosice"},"content":{"rendered":"\n<p>Z\u00e1v\u011bre\u010dn\u00fd d\u00edl seri\u00e1lu Carla krit\u00e9rijn\u00ed ligy se jel v sobotu v Lovosic\u00edch. Do c\u00edle z\u00e1vodu \u017een dojely pouze dv\u011b z\u00e1vodnice &#8211; vyhr\u00e1la Tereza Van\u00ed\u010dkov\u00e1 (Brilon Racing Team MB) p\u0159ed Pavlou Havl\u00edkovou (LAWI junior team).<\/p>\n\n\n\n<p>Mezi juniory vl\u00e1dli jezdci Dukly Praha &#8211; zv\u00edt\u011bzil David \u010cerv\u00ed\u010dek se 33 body p\u0159ed Petrem V\u00e1vrou(24) a t\u0159et\u00ed skon\u010dil Jan Da\u0148ko (Profi Sport Cheb) se 13 body.<\/p>\n\n\n\n<p>V\u00fdsledky:<\/p>\n\n\n\n<p>\u017deny:<\/p>\n\n\n\n<p>1. Van\u00ed\u010dkov\u00e1 (Brilon Racing Team MB) 17, 2. Havl\u00edkov\u00e1 (LAWI junior team) 5.<\/p>\n\n\n\n<p>Juniorky:<\/p>\n\n\n\n<p>1. Hlad\u00edkov\u00e1 (Brilon Racing Team MB)26, 2. Parmov\u00e1 (TJ Stadion Loun) 8, 3. Slan\u00edkov\u00e1 (Roman Kreuziger Cyclin Academy) 6.<\/p>\n\n\n\n<p>Kadetky:<\/p>\n\n\n\n<p>1. Markov\u00e1 (Dukla Praha) 25, 2. Dost\u00e1lov\u00e1 (LYKO Klub Prachatice) 16, 3. Dlaskov\u00e1 (AUTO \u0160koda Ml. Boleslav) 15.<\/p>\n\n\n\n<p>Star\u0161\u00ed \u017e\u00e1kyn\u011b:<\/p>\n\n\n\n<p>1. Cermanov\u00e1 (Author Team Stupno) 25, 2. Kr\u00e1tk\u00e1 (Bike Freaks Holice) 9, 3. Strakat\u00e1 (Dukla Praha) 8.<\/p>\n\n\n\n<p>Mlad\u0161\u00ed \u017e\u00e1kyn\u011b:<\/p>\n\n\n\n<p>1. Kol\u00e1\u0159ov\u00e1 (AUTO \u0160koda Ml. Boleslav), 2. Jaro\u0161ov\u00e1 (Cyklom\u00edra Racing), 3. Lazarov\u00e1 (TJ Favorit Brno).<\/p>\n\n\n\n<p>Junio\u0159i:<\/p>\n\n\n\n<p>1. \u010cerv\u00ed\u010dek 33, 2. V\u00e1vra (oba Dukla Praha) 24, 3. Da\u0148ko (Profi Sport Cheb) 13, 4. Havrlant (Mapei Merida Ka\u0148kovsk\u00fd) 11, 5. \u0160irok\u00fd (TJ Favorit Brno) 2, 6. M\u00fcller (Mapei Merida Ka\u0148kovsk\u00fd) 2.<\/p>\n\n\n\n<p>Kadeti:<\/p>\n\n\n\n<p>1. P\u00e1t\u00edk (Mapei Merida Ka\u0148kovsk\u00fd) 28, 2. K. Kr\u00e1l 14, 3. Elbardi (oba Dukla Ptraha) 10.<\/p>\n\n\n\n<p>Star\u0161\u00ed \u017e\u00e1ci:<\/p>\n\n\n\n<p>1. Ra\u0161ka (Mapei Merida Ka\u0148kovsk\u00fd) 17, 2. N\u00e1gr (Cycling Academy T\u00e1bor) 15, 3. Michalovi\u010d (Sportcomplex B\u0159eclav) 6.<\/p>\n\n\n\n<p>Mlad\u0161\u00ed \u017e\u00e1ci:<\/p>\n\n\n\n<p>1. M. Kr\u00e1l (Dukla Praha) 22, 2. Kani\u0161\u010dev (TUFO Pardus Prost\u011bjov) 12, 3. Pazourek (Cycling Academy T\u00e1bor) 11.<\/p>\n\n\n\n<p>FOTO Ji\u0159\u00ed Janda<\/p>\n","protected":false},"excerpt":{"rendered":"<p>Z\u00e1v\u011bre\u010dn\u00fd d\u00edl seri\u00e1lu Carla krit\u00e9rijn\u00ed ligy se jel v sobotu v Lovosic\u00edch. Do c\u00edle z\u00e1vodu \u017een dojely pouze dv\u011b z\u00e1vodnice &#8211; vyhr\u00e1la Tereza Van\u00ed\u010dkov\u00e1 (Brilon Racing Team MB) p\u0159ed Pavlou Havl\u00edkovou (LAWI junior team). Mezi juniory vl\u00e1dli jezdci Dukly Praha &#8211; zv\u00edt\u011bzil David \u010cerv\u00ed\u010dek se 33 body p\u0159ed Petrem V\u00e1vrou(24) a t\u0159et\u00ed skon\u010dil Jan Da\u0148ko [&hellip;]<\/p>\n","protected":false},"author":8,"featured_media":9458,"comment_status":"closed","ping_status":"open","sticky":false,"template":"","format":"standard","meta":{"footnotes":""},"categories":[2,18,1],"tags":[11],"class_list":["post-9457","post","type-post","status-publish","format-standard","has-post-thumbnail","hentry","category-novinky","category-silnice","category-uncategorized-cs","tag-silnice"],"_links":{"self":[{"href":"https:\/\/www.czechcyclingfederation.com\/en\/wp-json\/wp\/v2\/posts\/9457","targetHints":{"allow":["GET"]}}],"collection":[{"href":"https:\/\/www.czechcyclingfederation.com\/en\/wp-json\/wp\/v2\/posts"}],"about":[{"href":"https:\/\/www.czechcyclingfederation.com\/en\/wp-json\/wp\/v2\/types\/post"}],"author":[{"embeddable":true,"href":"https:\/\/www.czechcyclingfederation.com\/en\/wp-json\/wp\/v2\/users\/8"}],"replies":[{"embeddable":true,"href":"https:\/\/www.czechcyclingfederation.com\/en\/wp-json\/wp\/v2\/comments?post=9457"}],"version-history":[{"count":2,"href":"https:\/\/www.czechcyclingfederation.com\/en\/wp-json\/wp\/v2\/posts\/9457\/revisions"}],"predecessor-version":[{"id":9460,"href":"https:\/\/www.czechcyclingfederation.com\/en\/wp-json\/wp\/v2\/posts\/9457\/revisions\/9460"}],"wp:featuredmedia":[{"embeddable":true,"href":"https:\/\/www.czechcyclingfederation.com\/en\/wp-json\/wp\/v2\/media\/9458"}],"wp:attachment":[{"href":"https:\/\/www.czechcyclingfederation.com\/en\/wp-json\/wp\/v2\/media?parent=9457"}],"wp:term":[{"taxonomy":"category","embeddable":true,"href":"https:\/\/www.czechcyclingfederation.com\/en\/wp-json\/wp\/v2\/categories?post=9457"},{"taxonomy":"post_tag","embeddable":true,"href":"https:\/\/www.czechcyclingfederation.com\/en\/wp-json\/wp\/v2\/tags?post=9457"}],"curies":[{"name":"wp","href":"https:\/\/api.w.org\/{rel}","templated":true}]}}