{"id":9445,"date":"2021-09-04T09:11:14","date_gmt":"2021-09-04T07:11:14","guid":{"rendered":"https:\/\/www.czechcyclingfederation.com\/?p=9445"},"modified":"2021-09-06T12:28:39","modified_gmt":"2021-09-06T10:28:39","slug":"silnicari-budou-bojovat-o-medaile-v-casovkach-druzstev","status":"publish","type":"post","link":"https:\/\/www.czechcyclingfederation.com\/en\/silnicari-budou-bojovat-o-medaile-v-casovkach-druzstev\/","title":{"rendered":"Silni\u010d\u00e1\u0159i budou bojovat o medaile v \u010dasovk\u00e1ch dru\u017estev"},"content":{"rendered":"\n<p><br>\u010cty\u0159i t\u00fdmy mu\u017e\u016f Topforex &#8211; ATT Investments, TJ Favorit Brno, Elkov Kasper a Dukla Praha budou v ned\u011bli v \u017didovic\u00edch u Roudnice bojovat o mistrovsk\u00e9 titul v \u010dasovce dru\u017estev. Ve \u010dty\u0159ech budou usilovat o medaile je\u0161t\u011b junio\u0159i a kadeti, v dal\u0161\u00edch kategori\u00edch &#8211; \u017e\u00e1ci mlad\u0161\u00ed, \u017e\u00e1kyn\u011b mlad\u0161\u00ed, \u017e\u00e1ci star\u0161\u00ed, \u017e\u00e1kyn\u011b star\u0161\u00ed, kadetky, juniorky a \u017eeny pak startuj\u00ed na \u0161ampion\u00e1tu dru\u017estva dvou\u010dlenn\u00e1.<\/p>\n\n\n\n<p>\u0160ampion\u00e1t po\u0159\u00e1d\u00e1 CK Slavoj Terez\u00edn a pro dvou\u010dlenn\u00e9 dru\u017estva p\u0159ipravil tra\u0165 dlouhou 15 kilometr\u016f, na kadety \u010dek\u00e1 30,2 km, junio\u0159i a mu\u017ei absolvuj\u00ed 45,4 km.<\/p>\n\n\n\n<p>Favoritem z\u00e1vod\u016f mu\u017e\u016f je kvarteto Elkov Kasper, kter\u00e9 se na start postav\u00ed ve slo\u017een\u00ed Petr Kelemen, Alois Ka\u0148kovsk\u00fd, Jakub \u0164oupal\u00edk a Michal Schlegel i kdy\u017e z kvarteta obhajuj\u00edc\u00ed lo\u0148sk\u00fd titul pojede pouze Schlegel, ale zbyl\u00e9 t\u0159i t\u00fdmy se jist\u011b pokus\u00ed favority zasko\u010dit.<\/p>\n\n\n\n<p>FOTO Jan Brychta<\/p>\n","protected":false},"excerpt":{"rendered":"<p>\u010cty\u0159i t\u00fdmy mu\u017e\u016f Topforex &#8211; ATT Investments, TJ Favorit Brno, Elkov Kasper a Dukla Praha budou v ned\u011bli v \u017didovic\u00edch u Roudnice bojovat o mistrovsk\u00e9 titul v \u010dasovce dru\u017estev. Ve \u010dty\u0159ech budou usilovat o medaile je\u0161t\u011b junio\u0159i a kadeti, v dal\u0161\u00edch kategori\u00edch &#8211; \u017e\u00e1ci mlad\u0161\u00ed, \u017e\u00e1kyn\u011b mlad\u0161\u00ed, \u017e\u00e1ci star\u0161\u00ed, \u017e\u00e1kyn\u011b star\u0161\u00ed, kadetky, juniorky a \u017eeny [&hellip;]<\/p>\n","protected":false},"author":8,"featured_media":9446,"comment_status":"closed","ping_status":"open","sticky":false,"template":"","format":"standard","meta":{"footnotes":""},"categories":[2,18],"tags":[11],"class_list":["post-9445","post","type-post","status-publish","format-standard","has-post-thumbnail","hentry","category-novinky","category-silnice","tag-silnice"],"_links":{"self":[{"href":"https:\/\/www.czechcyclingfederation.com\/en\/wp-json\/wp\/v2\/posts\/9445","targetHints":{"allow":["GET"]}}],"collection":[{"href":"https:\/\/www.czechcyclingfederation.com\/en\/wp-json\/wp\/v2\/posts"}],"about":[{"href":"https:\/\/www.czechcyclingfederation.com\/en\/wp-json\/wp\/v2\/types\/post"}],"author":[{"embeddable":true,"href":"https:\/\/www.czechcyclingfederation.com\/en\/wp-json\/wp\/v2\/users\/8"}],"replies":[{"embeddable":true,"href":"https:\/\/www.czechcyclingfederation.com\/en\/wp-json\/wp\/v2\/comments?post=9445"}],"version-history":[{"count":1,"href":"https:\/\/www.czechcyclingfederation.com\/en\/wp-json\/wp\/v2\/posts\/9445\/revisions"}],"predecessor-version":[{"id":9447,"href":"https:\/\/www.czechcyclingfederation.com\/en\/wp-json\/wp\/v2\/posts\/9445\/revisions\/9447"}],"wp:featuredmedia":[{"embeddable":true,"href":"https:\/\/www.czechcyclingfederation.com\/en\/wp-json\/wp\/v2\/media\/9446"}],"wp:attachment":[{"href":"https:\/\/www.czechcyclingfederation.com\/en\/wp-json\/wp\/v2\/media?parent=9445"}],"wp:term":[{"taxonomy":"category","embeddable":true,"href":"https:\/\/www.czechcyclingfederation.com\/en\/wp-json\/wp\/v2\/categories?post=9445"},{"taxonomy":"post_tag","embeddable":true,"href":"https:\/\/www.czechcyclingfederation.com\/en\/wp-json\/wp\/v2\/tags?post=9445"}],"curies":[{"name":"wp","href":"https:\/\/api.w.org\/{rel}","templated":true}]}}