{"id":9417,"date":"2021-09-03T09:44:47","date_gmt":"2021-09-03T07:44:47","guid":{"rendered":"https:\/\/www.czechcyclingfederation.com\/?p=9417"},"modified":"2021-09-03T09:52:59","modified_gmt":"2021-09-03T07:52:59","slug":"carla-kriterijni-liza-vyvrcholi-v-lovosicich","status":"publish","type":"post","link":"https:\/\/www.czechcyclingfederation.com\/en\/carla-kriterijni-liza-vyvrcholi-v-lovosicich\/","title":{"rendered":"Carla krit\u00e9rijn\u00ed liga vyvrchol\u00ed v Lovosic\u00edch"},"content":{"rendered":"\n<p>Ji\u017e tuto sobotu skon\u010d\u00ed z\u00e1v\u011bre\u010dn\u00fdm \u0161est\u00fdm z\u00e1vodem v Lovosic\u00edch prvn\u00ed ro\u010dn\u00edk seri\u00e1lu Carla krit\u00e9rijn\u00ed liga. Mezi \u017eenami vede se 400 body Krist\u00fdna Burlov\u00e1 z Dukly Praha, ale ta nen\u00ed stejn\u011b jako jej\u00ed kolegyn\u011b Jarmila Macha\u010dov\u00e1 (363) mezi p\u0159ihl\u00e1\u0161en\u00fdmi, kter\u00e9 startuj\u00ed na dr\u00e1hov\u00fdch z\u00e1vodech FRAMAR.<\/p>\n\n\n\n<p>Ve startovn\u00ed listin\u011b nen\u00ed ani t\u0159et\u00ed Kl\u00e1ra Filipov\u00e1 (KOVO Praha), ale pojedou Nikola Bajgerov\u00e1 \u010di&nbsp; Nicole Hartychov\u00e1 (ob\u011b Duka Praha), kter\u00e9 je\u0161t\u011b mohou myslet na celkov\u00e9 prvenstv\u00ed, kter\u00e9 maj\u00ed na sv\u00e9m kont\u011b 350 resp. 250 bod\u016f. Mezi juniory vede se 490 body \u0160t\u011bp\u00e1n \u0160irok\u00fd (TJ Favorit Brno), jen o 40 bod\u016f m\u00e9n\u011b m\u00e1 Maty\u00e1\u0161 Kobl\u00ed\u017eek (TUFO Pardus Prost\u011bjov), ale ten startuje na na dr\u00e1hov\u00e9m mistrovstv\u00ed sv\u011bta, teoretickou \u0161anci na celkov\u00e9 prvnestv\u00ed je\u0161tra maj\u00ed Daniel Mr\u00e1z (Mapei Merida Ka\u0148skovsk\u00fd) a Marek Jel\u00ednek (TJ Favorit Brno).<\/p>\n\n\n\n<p>Nejzaj\u00edmav\u011bj\u0161\u00ed m\u016f\u017ee b\u00fdt souboj mezi juniorkami. Zat\u00edm vedouc\u00ed Gabriela B\u00e1rtov\u00e1 (TUFO Pardus Prost\u011bjov)je na MSJ na dr\u00e1ze (TUFO Pardus Prost\u011bjov) a jen mal\u00fd bodov\u00fd odstup maj\u00ed Krist\u00fdna Zemanov\u00e1 (Brilon Racing Team MB), Nela Slan\u00edkov\u00e1 (Roman Kreuziger Cycling Academy) a na celkov\u00fd triumf je\u0161t\u011b mohou pom\u00fd\u0161let Eli\u0161ka Kvasni\u010dkov\u00e1 a Hanka Runtov\u00e1 (ob\u011b SportRaces Cycling Team). Zcela jist\u011b budou zaj\u00edmav\u00e9 i z\u00e1vody ostatn\u00edch ml\u00e1de\u017enick\u00fdch kategori\u00ed. Z\u00e1vodit se bude na m\u011bstsk\u00e9m okruh ulicemi Osvoboditel\u016f, \u0160koln\u00ed, Sady pion\u00fdr\u016f, Tov\u00e1rn\u00ed a 8.kv\u011btna a m\u011b\u0159\u00ed cca 950 metr\u016f.<\/p>\n\n\n\n<p>Vyhl\u00e1\u0161en\u00ed celkov\u00e9ho po\u0159ad\u00ed se uskute\u010dn\u00ed spole\u010dn\u011b s vyhl\u00e1\u0161en\u00edm \u010cesk\u00e9ho poh\u00e1ru ml\u00e1de\u017ee po skon\u010den\u00ed fin\u00e1lov\u00e9ho z\u00e1vodu tohoto seri\u00e1lu, kter\u00fd se uskute\u010dn\u00ed 11. z\u00e1\u0159\u00ed v Doma\u0161ov\u011b nad Byst\u0159ic\u00ed.<\/p>\n\n\n<div class=\"wp-block-file\">\r\n                <a target=\"_blank\" rel=\"noopener\" href=\"https:\/\/www.czechcyclingfederation.com\/wp-content\/uploads\/2021\/09\/Prubezne-poradi.xlsx\" class=\"wp-block-file__button wp-element-button\">\r\n                    <span class=\"wp-block-file__icon\"><\/span>\r\n                    Prubezne-poradi\r\n                <\/a>\r\n            <\/div>","protected":false},"excerpt":{"rendered":"<p>Ji\u017e tuto sobotu skon\u010d\u00ed z\u00e1v\u011bre\u010dn\u00fdm \u0161est\u00fdm z\u00e1vodem v Lovosic\u00edch prvn\u00ed ro\u010dn\u00edk seri\u00e1lu Carla krit\u00e9rijn\u00ed liga. Mezi \u017eenami vede se 400 body Krist\u00fdna Burlov\u00e1 z Dukly Praha, ale ta nen\u00ed stejn\u011b jako jej\u00ed kolegyn\u011b Jarmila Macha\u010dov\u00e1 (363) mezi p\u0159ihl\u00e1\u0161en\u00fdmi, kter\u00e9 startuj\u00ed na dr\u00e1hov\u00fdch z\u00e1vodech FRAMAR. Ve startovn\u00ed listin\u011b nen\u00ed ani t\u0159et\u00ed Kl\u00e1ra Filipov\u00e1 (KOVO Praha), ale [&hellip;]<\/p>\n","protected":false},"author":8,"featured_media":9418,"comment_status":"closed","ping_status":"open","sticky":false,"template":"","format":"standard","meta":{"footnotes":""},"categories":[2,18],"tags":[11],"class_list":["post-9417","post","type-post","status-publish","format-standard","has-post-thumbnail","hentry","category-novinky","category-silnice","tag-silnice"],"_links":{"self":[{"href":"https:\/\/www.czechcyclingfederation.com\/en\/wp-json\/wp\/v2\/posts\/9417","targetHints":{"allow":["GET"]}}],"collection":[{"href":"https:\/\/www.czechcyclingfederation.com\/en\/wp-json\/wp\/v2\/posts"}],"about":[{"href":"https:\/\/www.czechcyclingfederation.com\/en\/wp-json\/wp\/v2\/types\/post"}],"author":[{"embeddable":true,"href":"https:\/\/www.czechcyclingfederation.com\/en\/wp-json\/wp\/v2\/users\/8"}],"replies":[{"embeddable":true,"href":"https:\/\/www.czechcyclingfederation.com\/en\/wp-json\/wp\/v2\/comments?post=9417"}],"version-history":[{"count":3,"href":"https:\/\/www.czechcyclingfederation.com\/en\/wp-json\/wp\/v2\/posts\/9417\/revisions"}],"predecessor-version":[{"id":9423,"href":"https:\/\/www.czechcyclingfederation.com\/en\/wp-json\/wp\/v2\/posts\/9417\/revisions\/9423"}],"wp:featuredmedia":[{"embeddable":true,"href":"https:\/\/www.czechcyclingfederation.com\/en\/wp-json\/wp\/v2\/media\/9418"}],"wp:attachment":[{"href":"https:\/\/www.czechcyclingfederation.com\/en\/wp-json\/wp\/v2\/media?parent=9417"}],"wp:term":[{"taxonomy":"category","embeddable":true,"href":"https:\/\/www.czechcyclingfederation.com\/en\/wp-json\/wp\/v2\/categories?post=9417"},{"taxonomy":"post_tag","embeddable":true,"href":"https:\/\/www.czechcyclingfederation.com\/en\/wp-json\/wp\/v2\/tags?post=9417"}],"curies":[{"name":"wp","href":"https:\/\/api.w.org\/{rel}","templated":true}]}}