{"id":9405,"date":"2021-09-01T21:31:58","date_gmt":"2021-09-01T19:31:58","guid":{"rendered":"https:\/\/www.czechcyclingfederation.com\/?p=9405"},"modified":"2021-09-01T21:43:37","modified_gmt":"2021-09-01T19:43:37","slug":"bartova-ve-scratchi-na-drahovem-ms-osma-tymovy-sprint-paty","status":"publish","type":"post","link":"https:\/\/www.czechcyclingfederation.com\/en\/bartova-ve-scratchi-na-drahovem-ms-osma-tymovy-sprint-paty\/","title":{"rendered":"B\u00e1rtov\u00e1 ve scratchi na dr\u00e1hov\u00e9m MS osm\u00e1, t\u00fdmov\u00fd sprint p\u00e1t\u00fd"},"content":{"rendered":"\n<p>Osm\u00e1 skon\u010dila v \u00favodn\u00ed den boj\u016f sv\u011btov\u00e9ho \u0161ampion\u00e1tu junior\u016f na dr\u00e1ze v egyptsk\u00e9 K\u00e1hi\u0159e \u010desk\u00e1 reprezentantka Gabriela B\u00e1rtov\u00e1. Zopakovala tak sv\u00e9 um\u00edst\u011bn\u00ed z&nbsp;ned\u00e1vn\u00e9ho ME. Zlato vybojovala n\u011bmeck\u00e1 z\u00e1vodnice Jette Simonov\u00e1.<\/p>\n\n\n\n<p>Do boj\u016f zas\u00e1hla i trojice sprinter\u016f v t\u00fdmov\u00e9 sout\u011b\u017ei Jakub Vajbar, Jakub Mal\u00e1\u0161ek a Mat\u011bj Hytych. \u010cesk\u00e9 trio zajelo \u010das 46,756, co\u017e v konkurenci jeden\u00e1ct\u00ed startuj\u00edc\u00edch sta\u010dilo v kvalifikaci na t\u0159et\u00ed m\u00edsto. V prvn\u00edm kole v\u0161ak \u010ce\u0161i zpomalili, zajeli \u010das 47,103 a to v boji o postup do semifin\u00e1le nesta\u010dilo, kdy\u017e jejich soupe\u0159i Pol\u00e1ci zajeli 46,963.&nbsp; V&nbsp;kone\u010dn\u00e9m po\u0159ad\u00ed tak \u010desk\u00e9 trio obsadilo p\u00e1tou p\u0159\u00ed\u010dku.<\/p>\n\n\n\n<p>V\u00fdsledky:<\/p>\n\n\n\n<p>Junio\u0159i:<br>T\u00fdmov\u00fd sprint:<br>Fin\u00e1le: Rusko (Medenec, \u0160ekela\u0161vili, Kala\u010dnik) 44,819 &#8211; N\u011bmecko 45,080, o 3. m\u00edsto: Polsko 46,404 &#8211; Malajsie 46,561, 5. \u010cR (Vajbar, Mal\u00e1\u0161ek, Hytych).<\/p>\n\n\n\n<p>Juniorky:<\/p>\n\n\n\n<p>1.Simonov\u00e1 (N\u011bm.), 2. Vanhoveov\u00e1 (Beg.), 3. Basilicov\u00e1 (It.), &#8230;8. B\u00e1rtov\u00e1 (\u010cR).<\/p>\n\n\n\n<p>FOTO Martin Cetkovsk\u00fd<\/p>\n\n\n\n<figure class=\"wp-block-image size-large\"><img loading=\"lazy\" decoding=\"async\" width=\"766\" height=\"1024\" src=\"https:\/\/www.czechcyclingfederation.com\/wp-content\/uploads\/2021\/09\/IMG-20210901-WA0002-766x1024.jpg\" alt=\"\" class=\"wp-image-9407\" srcset=\"https:\/\/www.czechcyclingfederation.com\/wp-content\/uploads\/2021\/09\/IMG-20210901-WA0002-766x1024.jpg 766w, https:\/\/www.czechcyclingfederation.com\/wp-content\/uploads\/2021\/09\/IMG-20210901-WA0002-150x200.jpg 150w, https:\/\/www.czechcyclingfederation.com\/wp-content\/uploads\/2021\/09\/IMG-20210901-WA0002-768x1027.jpg 768w, https:\/\/www.czechcyclingfederation.com\/wp-content\/uploads\/2021\/09\/IMG-20210901-WA0002-1149x1536.jpg 1149w, https:\/\/www.czechcyclingfederation.com\/wp-content\/uploads\/2021\/09\/IMG-20210901-WA0002.jpg 1197w\" sizes=\"auto, (max-width: 766px) 100vw, 766px\" \/><\/figure>\n","protected":false},"excerpt":{"rendered":"<p>Osm\u00e1 skon\u010dila v \u00favodn\u00ed den boj\u016f sv\u011btov\u00e9ho \u0161ampion\u00e1tu junior\u016f na dr\u00e1ze v egyptsk\u00e9 K\u00e1hi\u0159e \u010desk\u00e1 reprezentantka Gabriela B\u00e1rtov\u00e1. Zopakovala tak sv\u00e9 um\u00edst\u011bn\u00ed z&nbsp;ned\u00e1vn\u00e9ho ME. Zlato vybojovala n\u011bmeck\u00e1 z\u00e1vodnice Jette Simonov\u00e1. Do boj\u016f zas\u00e1hla i trojice sprinter\u016f v t\u00fdmov\u00e9 sout\u011b\u017ei Jakub Vajbar, Jakub Mal\u00e1\u0161ek a Mat\u011bj Hytych. \u010cesk\u00e9 trio zajelo \u010das 46,756, co\u017e v konkurenci jeden\u00e1ct\u00ed [&hellip;]<\/p>\n","protected":false},"author":8,"featured_media":9406,"comment_status":"closed","ping_status":"open","sticky":false,"template":"","format":"standard","meta":{"footnotes":""},"categories":[54,2,103],"tags":[9],"class_list":["post-9405","post","type-post","status-publish","format-standard","has-post-thumbnail","hentry","category-draha","category-novinky","category-reprezentace","tag-draha"],"_links":{"self":[{"href":"https:\/\/www.czechcyclingfederation.com\/en\/wp-json\/wp\/v2\/posts\/9405","targetHints":{"allow":["GET"]}}],"collection":[{"href":"https:\/\/www.czechcyclingfederation.com\/en\/wp-json\/wp\/v2\/posts"}],"about":[{"href":"https:\/\/www.czechcyclingfederation.com\/en\/wp-json\/wp\/v2\/types\/post"}],"author":[{"embeddable":true,"href":"https:\/\/www.czechcyclingfederation.com\/en\/wp-json\/wp\/v2\/users\/8"}],"replies":[{"embeddable":true,"href":"https:\/\/www.czechcyclingfederation.com\/en\/wp-json\/wp\/v2\/comments?post=9405"}],"version-history":[{"count":2,"href":"https:\/\/www.czechcyclingfederation.com\/en\/wp-json\/wp\/v2\/posts\/9405\/revisions"}],"predecessor-version":[{"id":9409,"href":"https:\/\/www.czechcyclingfederation.com\/en\/wp-json\/wp\/v2\/posts\/9405\/revisions\/9409"}],"wp:featuredmedia":[{"embeddable":true,"href":"https:\/\/www.czechcyclingfederation.com\/en\/wp-json\/wp\/v2\/media\/9406"}],"wp:attachment":[{"href":"https:\/\/www.czechcyclingfederation.com\/en\/wp-json\/wp\/v2\/media?parent=9405"}],"wp:term":[{"taxonomy":"category","embeddable":true,"href":"https:\/\/www.czechcyclingfederation.com\/en\/wp-json\/wp\/v2\/categories?post=9405"},{"taxonomy":"post_tag","embeddable":true,"href":"https:\/\/www.czechcyclingfederation.com\/en\/wp-json\/wp\/v2\/tags?post=9405"}],"curies":[{"name":"wp","href":"https:\/\/api.w.org\/{rel}","templated":true}]}}