{"id":9386,"date":"2021-09-01T11:12:37","date_gmt":"2021-09-01T09:12:37","guid":{"rendered":"https:\/\/www.czechcyclingfederation.com\/?p=9386"},"modified":"2021-09-01T11:13:40","modified_gmt":"2021-09-01T09:13:40","slug":"zlaty-fourcrossar-tomas-slavik-treti-titul-je-po-tech-problemech-nejcennejsi","status":"publish","type":"post","link":"https:\/\/www.czechcyclingfederation.com\/en\/zlaty-fourcrossar-tomas-slavik-treti-titul-je-po-tech-problemech-nejcennejsi\/","title":{"rendered":"Zlat\u00fd fourcrossa\u0159 Tom\u00e1\u0161 Slav\u00edk: T\u0159et\u00ed titul je po t\u011bch probl\u00e9mech nejcenn\u011bj\u0161\u00ed"},"content":{"rendered":"\n<p>Dlouh\u00fdch sedm let \u010dekal Tom\u00e1\u0161 Slav\u00edk na sv\u016fj t\u0159et\u00ed titul mistra sv\u011bta ve fourcrossu. Do\u010dkal se v&nbsp;z\u00e1v\u011bru minul\u00e9ho t\u00fddne na trati ve Val di Sole, kter\u00e1 pro n\u011bj byla dlouho zaklet\u00e1. O tituly se tam bojovalo od roku 2015 (nejelo se jen vloni kv\u016fli Covidu) a Tom\u00e1\u0161 se do\u010dkal na \u0161est\u00fd pokus.<\/p>\n\n\n\n<p>Nav\u00edc v&nbsp;sez\u00f3n\u011b, kter\u00e1 nebyla jednoduch\u00e1, proto\u017ee 6 t\u00fddn\u016f p\u0159ed \u0161ampion\u00e1tem ho skolil Covid. A jeho pr\u016fb\u011bh v\u016fbec nebyl lehk\u00fd. \u201eSpadl mi neskute\u010dnej balvan ze srdce, \u017ee to vy\u0161lo a zrovna na t\u00e9hle trati,\u201c \u0159\u00edk\u00e1 34let\u00fd borec z&nbsp;t\u00fdmu GHOST Bikes.<\/p>\n\n\n\n<p><strong>Tom\u00e1\u0161i, jak\u00fd je to pocit, b\u00fdt trojn\u00e1sobn\u00fdm mistrem sv\u011bta?<\/strong><\/p>\n\n\n\n<p>C\u00edt\u00edm se par\u00e1dn\u011b. Dlouho jsem si myslel, \u017ee pocit z&nbsp;prvn\u00edho titulu z&nbsp;roku 2010 u\u017e nic nep\u0159ekon\u00e1. Ale ten posledn\u00ed byl pro m\u011b je\u0161t\u011b intenzivn\u011bj\u0161\u00ed. \u0160est let jsem byl poka\u017ed\u00e9 super p\u0159ipraven\u00fd, byl jsem jasn\u00fd favorit, zdrav\u00fd, namotivovan\u00fd, ale nakonec se v\u017edycky n\u011bco pokazilo: ud\u011blal jsem n\u011bjakou chybu, do\u0161lo k&nbsp;n\u011bjak\u00e9mu technick\u00e9mu probl\u00e9mu, diskvalifikaci\u2026 A u\u017e jsem si \u0159\u00edkal, \u017ee je to snad utopie. V&nbsp;hlav\u011b jsem to nesl hodn\u011b.<\/p>\n\n\n\n<p><strong>A letos tomu taky nic nenasv\u011bd\u010dovalo, kdy\u017e v\u00e1s \u0161est t\u00fddn\u016f p\u0159ed MS semlel Covid\u2026<\/strong><\/p>\n\n\n\n<p>To teda, taky jsem tam jel nejh\u016f\u0159 p\u0159ipraven\u00fd za posledn\u00ed roky. M\u011bl jsem Delta mutaci, \u00fapln\u011b m\u011b to semlelo. Deset dn\u00ed jsem m\u011bl hore\u010dky a le\u017eel jsem v&nbsp;posteli. Tr\u00e9novat jsem za\u010dal a\u017e dvan\u00e1ct dn\u00ed p\u0159ed \u0161ampion\u00e1tem. Tr\u00e1pil jsem se. Dohnal jsem to silov\u011b a dynamicky, ale s&nbsp;vytrvalost\u00ed a vy\u0161\u0161\u00ed intenzitou jsem byl na bodu mrazu. Na za\u010d\u00e1tku jsem si \u0159\u00edkal, jestli m\u00e1 v\u016fbec smysl tam, jet, ale na\u0161t\u011bst\u00ed se to ka\u017ed\u00fdm dnem zlep\u0161ovalo.<\/p>\n\n\n\n<p><strong>Mohl jste hned po prod\u011bl\u00e1n\u00ed nemoci za\u010d\u00edt tr\u00e9novat?<\/strong><\/p>\n\n\n\n<p>Celkem jsem musel b\u00fdt 24 dn\u00ed v&nbsp;izolaci. Je\u0161t\u011b \u0161t\u011bst\u00ed, \u017ee bydl\u00edm skoro na samot\u011b. Na zahrad\u011b m\u00e1m startovac\u00ed za\u0159\u00edzen\u00ed, v&nbsp;bar\u00e1ku posilovnu, vedle sv\u016fj kus lesa. To byla moje jedin\u00e1 z\u00e1chrana. Kdybych bydlel n\u011bkde v&nbsp;panel\u00e1ku, nedok\u00e1zal bych se p\u0159ipravit.<\/p>\n\n\n\n<p><strong>Ale nakonec jste to p\u0159es v\u0161echny ty probl\u00e9my zvl\u00e1dl skv\u011ble\u2026<\/strong><\/p>\n\n\n\n<p>V\u011bd\u011bli jsme, \u017ee do z\u00e1vodu p\u016fjdu s&nbsp;ur\u010dit\u00fdm deficitem. Kdy\u017e se ale zp\u011btn\u011b pod\u00edv\u00e1m na svou fin\u00e1lovou j\u00edzdu, tak byla celkem perfektn\u00ed a kr\u00e1sn\u00e1. I kdy\u017e jsem to doj\u00ed\u017ed\u011bl na kysl\u00edkov\u00fd dluh\u2026<\/p>\n\n\n\n<p><strong>Musel jste se b\u011bhem z\u00e1vodu v&nbsp;r\u00e1mci mo\u017enost\u00ed \u0161et\u0159it?<\/strong><\/p>\n\n\n\n<p>Trochu jo, \u0161el jsem do toho hodn\u011b opatrn\u011b a sna\u017eil se jezdit takticky. Byl jsem t\u0159et\u00ed v&nbsp;kvalifikaci, co\u017e je pro m\u011b nov\u00e9, proto\u017ee jsem ji skoro v\u017edycky vyhr\u00e1val. Ale ve Val di Sole se d\u00e1 dob\u0159e p\u0159edj\u00ed\u017ed\u011bt, tak\u017ee nen\u00ed trag\u00e9die, kdy\u017e \u010dlov\u011bk neodstartuje jako prvn\u00ed. Kdy\u017e jsem \u0161el na start fin\u00e1le, m\u011bl jsem tepovku 155. A to bylo 15 minut po dojet\u00ed p\u0159edchoz\u00ed j\u00edzdy. Norm\u00e1ln\u011b m\u00edv\u00e1m pod sto. Ale povedl se mi start, vlet\u011bl jsem do prvn\u00ed zat\u00e1\u010dky, kluk\u016fm jsem ujel a pak u\u017e jsem to dr\u017eel.<\/p>\n\n\n\n<p><strong>Co v\u00e1m blesklo hlavou v&nbsp;c\u00edli?<\/strong><\/p>\n\n\n\n<p>Nev\u011b\u0159il jsem tomu\u2026 V&nbsp;hlav\u011b jsem to m\u011bl \u0161patn\u011b nastaven\u00fd. Uv\u011bdomil jsem si ty p\u0159edchoz\u00ed roky d\u0159iny, jak to ne\u0161lo. V\u0161echno ze m\u011b najednou spadlo. Obrovsk\u00fd balvan\u2026 V\u011bd\u011bl jsem, \u017ee jsem to kone\u010dn\u011b zlomil. Dal jsem hlavu dol\u016f, za\u010daly mi t\u00e9ct slzy.<\/p>\n\n\n\n<p><strong>Jak\u00e9 jste zaznamenal reakce od soupe\u0159\u016f?<\/strong><\/p>\n\n\n\n<p>Jsme sice soupe\u0159i, ale taky jedna velk\u00e1 parta, takov\u00e1 komunita. Kluci m\u011b maj\u00ed u\u017e za takov\u00e9ho pr\u016fkopn\u00edka a ambasadora na\u0161eho sportu, tak\u017ee mi to moc p\u0159\u00e1li. \u0158\u00edkali, \u017ee pro fourcross jako takov\u00fd je skv\u011bl\u00e1 reklama, kdy\u017e jsem vyhr\u00e1l t\u0159et\u00ed titul po t\u011bch letech sm\u016fly. Byla tam spousta emoc\u00ed, v\u0161ichni na m\u011b nask\u00e1kali\u2026 Ani jsem neodjel na hotel, z\u016fstali jsme tam a rovnou jsme slavili. I s&nbsp;\u010desk\u00fdmi z\u00e1vodn\u00edky, kte\u0159\u00ed u\u017e nem\u011bli dal\u0161\u00ed povinnosti. Vydr\u017eeli jsme a\u017e do r\u00e1na, byla to spr\u00e1vn\u00e1 oslava titulu \ud83d\ude0a<\/p>\n\n\n\n<p><strong>Mohli jste slavit dv\u011b zlata, proto\u017ee Michaela H\u00e1jkov\u00e1 ovl\u00e1dla kategorii \u017een.<\/strong><\/p>\n\n\n\n<p><a><span class=\"has-inline-color has-black-color\">To bylo fantastick\u00fd. J\u00e1 u\u017e M\u00ed\u0161u s\u00a0n\u011bk\u00fdm \u0159e\u0161il v\u00a0jednom rozhovoru asi rok zp\u00e1tky, ptali se m\u011b na n\u00ed. A \u0159\u00edkal jsem, \u017ee jednou vyhraje mistrovstv\u00ed sv\u011bta. Jen jsem ne\u010dekal, \u017ee to bude tak brzy. Je to skv\u011bl\u00fd \u00fasp\u011bch pro \u010desk\u00fd fourcross. M\u00ed\u0161a to zvl\u00e1dla skv\u011ble.<\/span><\/a><\/p>\n\n\n\n<p><strong>Je pro v\u00e1s t\u0159et\u00ed titul motivac\u00ed do dal\u0161\u00ed kari\u00e9ry?<\/strong><\/p>\n\n\n\n<p>Velikou. T\u0159e tituly z\u00edskali i Michal Prokop a Brian Lopes, jsme tam se\u0159azen\u00ed t\u0159i. J\u00e1 se utvrdil, \u017ee na to po\u0159\u00e1d m\u00e1m. Po\u0159\u00e1d m\u00e1m velkej drajv, chci d\u00e1l z\u00e1vodit, v\u00edt\u011bzit. M\u00e1m to prost\u011b v&nbsp;krvi.<\/p>\n\n\n\n<p><strong>Co v\u00e1s \u010dek\u00e1 d\u00e1l?<\/strong><\/p>\n\n\n\n<p>Te\u010f si d\u00e1m p\u00e1r dn\u00ed \u00fapln\u00fd oddych bez kola, oslav\u00edm titul s&nbsp;kamar\u00e1dy v&nbsp;Brn\u011b, odkud poch\u00e1z\u00edm, i v Jablonci, kde bydl\u00edm. Od 22. z\u00e1\u0159\u00ed m\u011b \u010dekaj\u00ed starty na s\u00e9rii Crankworx v&nbsp;Kanad\u011b a v&nbsp;p\u016flce listopadu je\u0161t\u011b Crankworx na Nov\u00e9m Z\u00e9landu. Mezi t\u00edm je\u0161t\u011b \u010cesk\u00fd poh\u00e1r.<\/p>\n\n\n\n<p><strong>Vr\u00e1t\u00edte se p\u0159\u00ed\u0161t\u00ed rok zase k&nbsp;m\u011bstsk\u00fdm sjezd\u016fm v&nbsp;ji\u017en\u00ed Americe?<\/strong><\/p>\n\n\n\n<p>Snad u\u017e to situace ohledn\u011b Covidu dovol\u00ed. Jezd\u00ed se to leden a\u017e b\u0159ezen a te\u010f jsou napl\u00e1novan\u00e9 sjezdy v\u00a0Kolumbii, Chile a Braz\u00edlii. Douf\u00e1m, \u017ee\u00a0 u\u017e se to zase vr\u00e1t\u00ed do norm\u00e1lu.<\/p>\n\n\n\n<p>Foto: Michal \u010cerven\u00fd<\/p>\n\n\n\n<figure class=\"wp-block-image size-large\"><img decoding=\"async\" src=\"http:\/\/www.czechcyclingfederation.com\/wp-content\/uploads\/2021\/08\/CER_0898-722x1024.jpg\" alt=\"\" class=\"wp-image-9201\"\/><\/figure>\n\n\n\n<figure class=\"wp-block-image size-large\"><img decoding=\"async\" src=\"http:\/\/www.czechcyclingfederation.com\/wp-content\/uploads\/2021\/08\/CER_0856-1024x683.jpg\" alt=\"\" class=\"wp-image-9200\"\/><\/figure>\n","protected":false},"excerpt":{"rendered":"<p>Dlouh\u00fdch sedm let \u010dekal Tom\u00e1\u0161 Slav\u00edk na sv\u016fj t\u0159et\u00ed titul mistra sv\u011bta ve fourcrossu. Do\u010dkal se v&nbsp;z\u00e1v\u011bru minul\u00e9ho t\u00fddne na trati ve Val di Sole, kter\u00e1 pro n\u011bj byla dlouho zaklet\u00e1. O tituly se tam bojovalo od roku 2015 (nejelo se jen vloni kv\u016fli Covidu) a Tom\u00e1\u0161 se do\u010dkal na \u0161est\u00fd pokus. Nav\u00edc v&nbsp;sez\u00f3n\u011b, kter\u00e1 [&hellip;]<\/p>\n","protected":false},"author":15,"featured_media":0,"comment_status":"closed","ping_status":"open","sticky":false,"template":"","format":"standard","meta":{"footnotes":""},"categories":[104,2],"tags":[165],"class_list":["post-9386","post","type-post","status-publish","format-standard","hentry","category-bmx-reprezentace","category-novinky","tag-fourcross"],"_links":{"self":[{"href":"https:\/\/www.czechcyclingfederation.com\/en\/wp-json\/wp\/v2\/posts\/9386","targetHints":{"allow":["GET"]}}],"collection":[{"href":"https:\/\/www.czechcyclingfederation.com\/en\/wp-json\/wp\/v2\/posts"}],"about":[{"href":"https:\/\/www.czechcyclingfederation.com\/en\/wp-json\/wp\/v2\/types\/post"}],"author":[{"embeddable":true,"href":"https:\/\/www.czechcyclingfederation.com\/en\/wp-json\/wp\/v2\/users\/15"}],"replies":[{"embeddable":true,"href":"https:\/\/www.czechcyclingfederation.com\/en\/wp-json\/wp\/v2\/comments?post=9386"}],"version-history":[{"count":0,"href":"https:\/\/www.czechcyclingfederation.com\/en\/wp-json\/wp\/v2\/posts\/9386\/revisions"}],"wp:attachment":[{"href":"https:\/\/www.czechcyclingfederation.com\/en\/wp-json\/wp\/v2\/media?parent=9386"}],"wp:term":[{"taxonomy":"category","embeddable":true,"href":"https:\/\/www.czechcyclingfederation.com\/en\/wp-json\/wp\/v2\/categories?post=9386"},{"taxonomy":"post_tag","embeddable":true,"href":"https:\/\/www.czechcyclingfederation.com\/en\/wp-json\/wp\/v2\/tags?post=9386"}],"curies":[{"name":"wp","href":"https:\/\/api.w.org\/{rel}","templated":true}]}}