{"id":9351,"date":"2021-08-31T18:33:13","date_gmt":"2021-08-31T16:33:13","guid":{"rendered":"https:\/\/www.czechcyclingfederation.com\/?p=9351"},"modified":"2021-08-31T18:34:28","modified_gmt":"2021-08-31T16:34:28","slug":"vyborny-vykon-julie-kopecky-ve-spanelsku","status":"publish","type":"post","link":"https:\/\/www.czechcyclingfederation.com\/en\/vyborny-vykon-julie-kopecky-ve-spanelsku\/","title":{"rendered":"V\u00fdborn\u00fd v\u00fdkon Julie Kopecky ve \u0160pan\u011blsku"},"content":{"rendered":"\n<p><br>Velmi dob\u0159e se prezentovala \u010desk\u00e1 juniorka Julia Kopecky, kdy\u017e ve dvouetapov\u00e9m z\u00e1vod\u011b Bizkaikoloreak ve \u0160pan\u011blsku, kter\u00fd byl za\u0159azen do presti\u017en\u00edho seri\u00e1lu Nations\u00b4Cupu, vybojovala skv\u011bl\u00e9 t\u0159et\u00ed m\u00edsto.<\/p>\n\n\n\n<p><br>Prvn\u00ed etapu vyhr\u00e1la dom\u00e1c\u00ed Lucia Fuiz Perezov\u00e1, \u010desk\u00e1 z\u00e1vodnice dojela \u0161est\u00e1 ve shodn\u00e9m \u010dase. Ve druh\u00e9 etap\u011b zv\u00edt\u011bzila Mijntje Geurtsov\u00e1 z Nizozem\u00ed a zajistila si t\u00edm celkov\u00e9 prvenstv\u00ed. Kopecky v n\u00ed skon\u010dila t\u0159et\u00ed a na stejnou p\u0159\u00ed\u010dku se posunula i celkov\u011b, kdy\u017e za v\u00edt\u011bzkou zaostala o 35 vte\u0159in.<\/p>\n\n\n\n<p><br>Kone\u010dn\u00e9 po\u0159ad\u00ed:<\/p>\n\n\n\n<p><br>Geutsov\u00e1 3:27:56, 2. van der Meidenov\u00e1 (ob\u011b Niz.) +35, 3. Kopecky (\u010cR) +35.<\/p>\n\n\n\n<p>FOTO Petre Kopeck\u00fd<\/p>\n","protected":false},"excerpt":{"rendered":"<p>Velmi dob\u0159e se prezentovala \u010desk\u00e1 juniorka Julia Kopecky, kdy\u017e ve dvouetapov\u00e9m z\u00e1vod\u011b Bizkaikoloreak ve \u0160pan\u011blsku, kter\u00fd byl za\u0159azen do presti\u017en\u00edho seri\u00e1lu Nations\u00b4Cupu, vybojovala skv\u011bl\u00e9 t\u0159et\u00ed m\u00edsto. Prvn\u00ed etapu vyhr\u00e1la dom\u00e1c\u00ed Lucia Fuiz Perezov\u00e1, \u010desk\u00e1 z\u00e1vodnice dojela \u0161est\u00e1 ve shodn\u00e9m \u010dase. Ve druh\u00e9 etap\u011b zv\u00edt\u011bzila Mijntje Geurtsov\u00e1 z Nizozem\u00ed a zajistila si t\u00edm celkov\u00e9 prvenstv\u00ed. Kopecky [&hellip;]<\/p>\n","protected":false},"author":8,"featured_media":9353,"comment_status":"closed","ping_status":"open","sticky":false,"template":"","format":"standard","meta":{"footnotes":""},"categories":[2,18,1],"tags":[11],"class_list":["post-9351","post","type-post","status-publish","format-standard","has-post-thumbnail","hentry","category-novinky","category-silnice","category-uncategorized-cs","tag-silnice"],"_links":{"self":[{"href":"https:\/\/www.czechcyclingfederation.com\/en\/wp-json\/wp\/v2\/posts\/9351","targetHints":{"allow":["GET"]}}],"collection":[{"href":"https:\/\/www.czechcyclingfederation.com\/en\/wp-json\/wp\/v2\/posts"}],"about":[{"href":"https:\/\/www.czechcyclingfederation.com\/en\/wp-json\/wp\/v2\/types\/post"}],"author":[{"embeddable":true,"href":"https:\/\/www.czechcyclingfederation.com\/en\/wp-json\/wp\/v2\/users\/8"}],"replies":[{"embeddable":true,"href":"https:\/\/www.czechcyclingfederation.com\/en\/wp-json\/wp\/v2\/comments?post=9351"}],"version-history":[{"count":1,"href":"https:\/\/www.czechcyclingfederation.com\/en\/wp-json\/wp\/v2\/posts\/9351\/revisions"}],"predecessor-version":[{"id":9356,"href":"https:\/\/www.czechcyclingfederation.com\/en\/wp-json\/wp\/v2\/posts\/9351\/revisions\/9356"}],"wp:featuredmedia":[{"embeddable":true,"href":"https:\/\/www.czechcyclingfederation.com\/en\/wp-json\/wp\/v2\/media\/9353"}],"wp:attachment":[{"href":"https:\/\/www.czechcyclingfederation.com\/en\/wp-json\/wp\/v2\/media?parent=9351"}],"wp:term":[{"taxonomy":"category","embeddable":true,"href":"https:\/\/www.czechcyclingfederation.com\/en\/wp-json\/wp\/v2\/categories?post=9351"},{"taxonomy":"post_tag","embeddable":true,"href":"https:\/\/www.czechcyclingfederation.com\/en\/wp-json\/wp\/v2\/tags?post=9351"}],"curies":[{"name":"wp","href":"https:\/\/api.w.org\/{rel}","templated":true}]}}