{"id":9338,"date":"2021-08-31T09:45:54","date_gmt":"2021-08-31T07:45:54","guid":{"rendered":"https:\/\/www.czechcyclingfederation.com\/?p=9338"},"modified":"2021-08-31T09:52:52","modified_gmt":"2021-08-31T07:52:52","slug":"zruseny-techniserv-cup-a-a-carla-kriterijni-liga-v-kromerizi","status":"publish","type":"post","link":"https:\/\/www.czechcyclingfederation.com\/en\/zruseny-techniserv-cup-a-a-carla-kriterijni-liga-v-kromerizi\/","title":{"rendered":"Zru\u0161en\u00fd Techniserv Cup a Carla krit\u00e9rijn\u00ed liga v Krom\u011b\u0159\u00ed\u017ei"},"content":{"rendered":"\n<p>Dal\u0161\u00ed d\u00edly seri\u00e1l\u016f Carla kritit\u00e9rijn\u00ed liga a Techniserv Cup, kter\u00e9 se m\u011bly uskute\u010dnit o v\u00edkendu 11. \u2013 12. z\u00e1\u0159\u00ed v Krom\u011b\u0159\u00ed\u017ei, byl po\u0159adatel nucen zru\u0161it.<\/p>\n\n\n\n<p>Sobotn\u00ed podnik, kter\u00fd byl sou\u010d\u00e1st\u00ed Carla krit\u00e9rijn\u00ed ligy nebude nahrazen \u017e\u00e1dn\u00fdm dal\u0161\u00edm z\u00e1vodem. Z\u00e1v\u011bre\u010dn\u00fd d\u00edl seri\u00e1lu se tedy uskute\u010dn\u00ed ji\u017e tuto sobotu 4. z\u00e1\u0159\u00ed v Lovosic\u00edch. N\u00e1hradn\u00ed term\u00edn z\u00e1vodu Techniserv cupu se uskute\u010dn\u00ed 11. z\u00e1\u0159\u00ed na nov\u00e9m m\u00edst\u011b v Doma\u0161ov\u011b nad Byst\u0159ic\u00ed.<\/p>\n","protected":false},"excerpt":{"rendered":"<p>Dal\u0161\u00ed d\u00edly seri\u00e1l\u016f Carla kritit\u00e9rijn\u00ed liga a Techniserv Cup, kter\u00e9 se m\u011bly uskute\u010dnit o v\u00edkendu 11. \u2013 12. z\u00e1\u0159\u00ed v Krom\u011b\u0159\u00ed\u017ei, byl po\u0159adatel nucen zru\u0161it. Sobotn\u00ed podnik, kter\u00fd byl sou\u010d\u00e1st\u00ed Carla krit\u00e9rijn\u00ed ligy nebude nahrazen \u017e\u00e1dn\u00fdm dal\u0161\u00edm z\u00e1vodem. Z\u00e1v\u011bre\u010dn\u00fd d\u00edl seri\u00e1lu se tedy uskute\u010dn\u00ed ji\u017e tuto sobotu 4. z\u00e1\u0159\u00ed v Lovosic\u00edch. N\u00e1hradn\u00ed term\u00edn z\u00e1vodu Techniserv [&hellip;]<\/p>\n","protected":false},"author":8,"featured_media":915,"comment_status":"closed","ping_status":"open","sticky":false,"template":"","format":"standard","meta":{"footnotes":""},"categories":[2,18],"tags":[11],"class_list":["post-9338","post","type-post","status-publish","format-standard","has-post-thumbnail","hentry","category-novinky","category-silnice","tag-silnice"],"_links":{"self":[{"href":"https:\/\/www.czechcyclingfederation.com\/en\/wp-json\/wp\/v2\/posts\/9338","targetHints":{"allow":["GET"]}}],"collection":[{"href":"https:\/\/www.czechcyclingfederation.com\/en\/wp-json\/wp\/v2\/posts"}],"about":[{"href":"https:\/\/www.czechcyclingfederation.com\/en\/wp-json\/wp\/v2\/types\/post"}],"author":[{"embeddable":true,"href":"https:\/\/www.czechcyclingfederation.com\/en\/wp-json\/wp\/v2\/users\/8"}],"replies":[{"embeddable":true,"href":"https:\/\/www.czechcyclingfederation.com\/en\/wp-json\/wp\/v2\/comments?post=9338"}],"version-history":[{"count":2,"href":"https:\/\/www.czechcyclingfederation.com\/en\/wp-json\/wp\/v2\/posts\/9338\/revisions"}],"predecessor-version":[{"id":9341,"href":"https:\/\/www.czechcyclingfederation.com\/en\/wp-json\/wp\/v2\/posts\/9338\/revisions\/9341"}],"wp:featuredmedia":[{"embeddable":true,"href":"https:\/\/www.czechcyclingfederation.com\/en\/wp-json\/wp\/v2\/media\/915"}],"wp:attachment":[{"href":"https:\/\/www.czechcyclingfederation.com\/en\/wp-json\/wp\/v2\/media?parent=9338"}],"wp:term":[{"taxonomy":"category","embeddable":true,"href":"https:\/\/www.czechcyclingfederation.com\/en\/wp-json\/wp\/v2\/categories?post=9338"},{"taxonomy":"post_tag","embeddable":true,"href":"https:\/\/www.czechcyclingfederation.com\/en\/wp-json\/wp\/v2\/tags?post=9338"}],"curies":[{"name":"wp","href":"https:\/\/api.w.org\/{rel}","templated":true}]}}