{"id":9329,"date":"2021-08-30T12:53:42","date_gmt":"2021-08-30T10:53:42","guid":{"rendered":"https:\/\/www.czechcyclingfederation.com\/?p=9329"},"modified":"2021-09-01T07:18:51","modified_gmt":"2021-09-01T05:18:51","slug":"dalsi-dil-skoda-auto-cp-xcm-v-opave-vyhral-marek-rauchfuss","status":"publish","type":"post","link":"https:\/\/www.czechcyclingfederation.com\/en\/dalsi-dil-skoda-auto-cp-xcm-v-opave-vyhral-marek-rauchfuss\/","title":{"rendered":"Dal\u0161\u00ed d\u00edl \u0160KODA AUTO \u010cP XCM v Opav\u011b vyhr\u00e1l Marek Rauchfuss"},"content":{"rendered":"\n<p><strong>Sedm\u00fd z\u00e1vod seri\u00e1lu Prima CUP pokra\u010doval moravskoslezskou klasikou Silesia Bike Marathon, kter\u00fd suver\u00e9nn\u011b ovl\u00e1dl Marek Rauchfuss a Kl\u00e1ra Pavelkov\u00e1.<\/strong><\/p>\n\n\n\n<p>Rauchfuss, kter\u00fd prok\u00e1zal formu ji\u017e minul\u00fd t\u00fdden na dom\u00e1c\u00edm \u0161ampion\u00e1tu v cross country v Harrachov\u011b, kde z\u00edskal t\u0159i cenn\u00e9 medaile v\u010detn\u011b n\u00e1rodn\u00edho titulu, potvrdil svoj\u00ed skv\u011blou v\u00fdkonnost. Za sv\u00fdmi z\u00e1dy nechal v dal\u0161\u00edm z\u00e1vod\u011b \u0160KODA AUTO \u010cesk\u00fd poh\u00e1r v maratonu obh\u00e1jce v\u00edt\u011bzstv\u00ed a skv\u011bl\u00e9ho maratonce Filipa Adela o necel\u00e9 dv\u011b minuty. Na stupn\u00edch po 90 kilometrech v n\u00e1ro\u010dn\u00e9m ter\u00e9nu, jen\u017e vedl pod\u00e9l \u0159eky Moravice, je doplnil Michal Bub\u00edlek, ten zaostal ve fini\u0161i o t\u0159i a p\u016fl minuty na v\u00edt\u011bzn\u00e9ho Rauchfusse.&nbsp;<\/p>\n\n\n\n<p>V \u017een\u00e1ch ve 21. ro\u010dn\u00edku t\u00e9to moravskoslezsk\u00e9 klasiky zv\u00edt\u011bzila Kl\u00e1ra Pavelkov\u00e1. V\u00edt\u011bzka dorazila do c\u00edle osm a p\u016fl minuty p\u0159ed druhou Andreou Ma\u0165hovou a jeden\u00e1ct minut p\u0159ed Lenkou Fridrichovou.<\/p>\n\n\n\n<p>O zvu\u010dn\u00e1 jm\u00e9na nebyla nouze ani na krat\u0161\u00edch trat\u00edch. Na trase na 60 kilometr\u016f zv\u00edt\u011bzil juniorsk\u00fd mistr sv\u011bta v cyklokrosu z roku 2010, Tom\u00e1\u0161 Paprstka. Mezi \u017eenami slavila Kate\u0159ina Krut\u00edlkov\u00e1. Po\u010detn\u00e9 zastoupen\u00ed \u00fa\u010dastn\u00edk\u016f odstartovalo tak\u00e9 na trase dlouh\u00e9 20 kilometr\u016f, kde byl nejrychlej\u0161\u00ed Robert Mit\u00e1\u0161 a Ad\u00e9la Lhot\u00e1kov\u00e1.<\/p>\n\n\n\n<p>P\u0159es 200 d\u011bt\u00ed se rovn\u011b\u017e \u00fa\u010dastnilo d\u011btsk\u00fdch z\u00e1vod\u016f, pro n\u011b\u017e byla p\u0159ipraven\u00e1 r\u016fznorod\u00e1 trasa pod\u00e9l \u0159eky Moravice a zp\u011bt.<\/p>\n\n\n\n<p>Seri\u00e1l Prima CUP pokra\u010duje 11. z\u00e1\u0159\u00ed bikerskou klasikou Rallye Sudety, pot\u00e9 vrcholem seri\u00e1lu, kter\u00fdm je 18. z\u00e1\u0159\u00ed Mistrovstv\u00ed \u010cesk\u00e9 republiky v maratonu Kross Harrachov.<\/p>\n","protected":false},"excerpt":{"rendered":"<p>Sedm\u00fd z\u00e1vod seri\u00e1lu Prima CUP pokra\u010doval moravskoslezskou klasikou Silesia Bike Marathon, kter\u00fd suver\u00e9nn\u011b ovl\u00e1dl Marek Rauchfuss a Kl\u00e1ra Pavelkov\u00e1. Rauchfuss, kter\u00fd prok\u00e1zal formu ji\u017e minul\u00fd t\u00fdden na dom\u00e1c\u00edm \u0161ampion\u00e1tu v cross country v Harrachov\u011b, kde z\u00edskal t\u0159i cenn\u00e9 medaile v\u010detn\u011b n\u00e1rodn\u00edho titulu, potvrdil svoj\u00ed skv\u011blou v\u00fdkonnost. Za sv\u00fdmi z\u00e1dy nechal v dal\u0161\u00edm z\u00e1vod\u011b \u0160KODA AUTO [&hellip;]<\/p>\n","protected":false},"author":9,"featured_media":9374,"comment_status":"closed","ping_status":"open","sticky":false,"template":"","format":"standard","meta":{"footnotes":""},"categories":[2,1],"tags":[10],"class_list":["post-9329","post","type-post","status-publish","format-standard","has-post-thumbnail","hentry","category-novinky","category-uncategorized-cs","tag-mtb"],"_links":{"self":[{"href":"https:\/\/www.czechcyclingfederation.com\/en\/wp-json\/wp\/v2\/posts\/9329","targetHints":{"allow":["GET"]}}],"collection":[{"href":"https:\/\/www.czechcyclingfederation.com\/en\/wp-json\/wp\/v2\/posts"}],"about":[{"href":"https:\/\/www.czechcyclingfederation.com\/en\/wp-json\/wp\/v2\/types\/post"}],"author":[{"embeddable":true,"href":"https:\/\/www.czechcyclingfederation.com\/en\/wp-json\/wp\/v2\/users\/9"}],"replies":[{"embeddable":true,"href":"https:\/\/www.czechcyclingfederation.com\/en\/wp-json\/wp\/v2\/comments?post=9329"}],"version-history":[{"count":3,"href":"https:\/\/www.czechcyclingfederation.com\/en\/wp-json\/wp\/v2\/posts\/9329\/revisions"}],"predecessor-version":[{"id":9373,"href":"https:\/\/www.czechcyclingfederation.com\/en\/wp-json\/wp\/v2\/posts\/9329\/revisions\/9373"}],"wp:featuredmedia":[{"embeddable":true,"href":"https:\/\/www.czechcyclingfederation.com\/en\/wp-json\/wp\/v2\/media\/9374"}],"wp:attachment":[{"href":"https:\/\/www.czechcyclingfederation.com\/en\/wp-json\/wp\/v2\/media?parent=9329"}],"wp:term":[{"taxonomy":"category","embeddable":true,"href":"https:\/\/www.czechcyclingfederation.com\/en\/wp-json\/wp\/v2\/categories?post=9329"},{"taxonomy":"post_tag","embeddable":true,"href":"https:\/\/www.czechcyclingfederation.com\/en\/wp-json\/wp\/v2\/tags?post=9329"}],"curies":[{"name":"wp","href":"https:\/\/api.w.org\/{rel}","templated":true}]}}