{"id":9322,"date":"2021-08-29T22:24:55","date_gmt":"2021-08-29T20:24:55","guid":{"rendered":"https:\/\/www.czechcyclingfederation.com\/?p=9322"},"modified":"2021-08-31T09:35:20","modified_gmt":"2021-08-31T07:35:20","slug":"skoda-cup-v-hrabyni-vyhral-neuman","status":"publish","type":"post","link":"https:\/\/www.czechcyclingfederation.com\/en\/skoda-cup-v-hrabyni-vyhral-neuman\/","title":{"rendered":"\u0160KODA Cup v Hrabyni vyhr\u00e1l Neuman"},"content":{"rendered":"\n<p>P\u0159edposledn\u00ed z\u00e1vod silni\u010dn\u00edho seri\u00e1lu \u0160KODA Cupu, kter\u00fd se uskute\u010dnil oproti lo\u0148sku na zkr\u00e1cen\u00e9m okruhu dlouh\u00e9m 13,3 kilometru v Hrabyni, ovl\u00e1dli jezdci nejlep\u0161\u00ed \u010desk\u00e9 st\u00e1je Elkov Kasper. Zv\u00edt\u011bzil Dominik Neuman p\u0159ed Mat\u011bjem Zah\u00e1lkou a t\u0159et\u00ed skon\u010dil Ji\u0159\u00ed Petru\u0161 (Topforex &#8211; ATT Investments). V prvn\u00ed des\u00edtce bylo \u0161est jezdc\u016f z Elkov Kasper.<\/p>\n\n\n\n<p>Hradeck\u00e1 st\u00e1j nastoupila do presti\u017en\u00edho dom\u00e1c\u00edho seri\u00e1lu tentokr\u00e1t v kompletn\u00ed sestav\u011b a z\u00e1vod ovl\u00e1dla, ale \u0161\u00e9f st\u00e1je Vladim\u00edr V\u00e1vra spokojen rozhodn\u011b nebyl. &#8220;V\u00fdsledkov\u011b to pro n\u00e1s dopadlo dob\u0159e, ale po taktick\u00e9 str\u00e1nce to z na\u0161\u00ed strany nebylo ani trochu dobr\u00e9.&#8221;<\/p>\n\n\n\n<p>Cht\u011bl t\u00edm pouk\u00e1zat na skute\u010dnost, \u017ee nejprve ujela jeden\u00e1cti\u010dlenn\u00e1 skupina v n\u00ed\u017e m\u011bl Elkov zastoupen\u00ed jen v podob\u011b dvojice Jakub \u0164oupal\u00edk a Petr Kelemen. Skupina se postupn\u011b z\u00fa\u017eila na sedmi\u010dlennou a potom v pelotonu jezdci Elkov Kasper zrychlili, pole roztrhali a vedouc\u00ed skupinu dostihli hlavn\u011b jezdci t\u00e9to st\u00e1je a Daniel Turek (Team Felbermayr Simplon Wels).<\/p>\n\n\n\n<p>V dal\u0161\u00edm pr\u016fb\u011bhu z\u00e1vodu unikla z vedouc\u00ed skupiny p\u011btice jezdc\u016f Neuman, Ji\u0159\u00ed Petru\u0161 (Topforex &#8211; ATT Investments), Jakub \u0164oupal\u00edk (Elkov Kasper), Jan Ka\u0161par (Dukla Praha) a Richard Habermann ze Sparty Praha. P\u0159ed posledn\u00edm kopcem se na vedouc\u00ed kvintet sta\u010dil je\u0161t\u011b dot\u00e1hnout Zah\u00e1lka a po\u010detn\u00ed p\u0159evaha jezdc\u016f Elkov Kasper se je\u0161t\u011b zv\u00fdraznila.<\/p>\n\n\n\n<p>Do posledn\u00edch stovek metr\u016f prvn\u00ed nastoupil Neuman a za n\u00edm vyrazili pozd\u011bji Jakub \u0164oupal\u00edk, Petru\u0161 a Zah\u00e1lka. Neuman si mal\u00fd n\u00e1skok bezpe\u010dn\u011b pohl\u00eddal, ve spurtu o druh\u00e9 m\u00edsto Zah\u00e1lka zdolal Petru\u0161e.<\/p>\n\n\n\n<p>S t\u00e9m\u011b\u0159 t\u0159\u00edminutovou ztr\u00e1tou za prvn\u00ed \u0161estic\u00ed p\u0159ijela dvojice Michael Kukrle (Elkov Kasper) a vedouc\u00ed z\u00e1vodn\u00edk \u0160KODA Cupu Daniel Turek. Ziskem dvaceti bod\u016f si udr\u017eel Turek veden\u00ed v seri\u00e1lu, ale p\u0159ed z\u00e1v\u011bre\u010dn\u00fdm podnikem, kter\u00fd se pojede 2. \u0159\u00edjna v Mlad\u00e9 Boleslavi se za n\u00edm se\u0159adila \u010dtve\u0159ice cyklist\u016f z Elkov Kasper, tak\u017ee o celkov\u00e9 prvenstv\u00ed je\u0161t\u011b bude muset hodn\u011b bojovat. Trikot pro nejlep\u0161\u00edho jezdce kategorie U23 i udr\u017eel Karel Camrda (Topforex &#8211; Att Investments), kter\u00fd dnes skon\u010dil patn\u00e1ct\u00fd.<\/p>\n\n\n\n<p>V\u00fdsledky:<\/p>\n\n\n\n<p>1. Neuman 4:00:04, 2. Zah\u00e1lka (oba Elkov Kasper) +5, 3. J. Petru\u0161 (Topforex &#8211; ATT Investments) oba +5, 4. J. \u0164oupal\u00edk (Elkov Kasper), 5. Ka\u0161par (Dukla Praha) +14, 6. Habermann (Sparta Praha) +20.<\/p>\n\n\n\n<p>Po\u0159ad\u00ed po \u0161esti z\u00e1vodech:<\/p>\n\n\n\n<p>1. Daniel Turek (Team Felbermayr Simplon Wels) 155, 2. Michael Kukrle (Elkov Kasper) 136, 3. Mat\u011bj Zah\u00e1lka 128, 4. Karel Camrda (Topforex &#8211; Att Investments) 113.\u00a05. Dominik Neuman 106, 6. Adam \u0164oupal\u00edk (Elkov Kasper) 103<\/p>\n\n\n\n<p>FOTO  Jan Brychta<\/p>\n","protected":false},"excerpt":{"rendered":"<p>P\u0159edposledn\u00ed z\u00e1vod silni\u010dn\u00edho seri\u00e1lu \u0160KODA Cupu, kter\u00fd se uskute\u010dnil oproti lo\u0148sku na zkr\u00e1cen\u00e9m okruhu dlouh\u00e9m 13,3 kilometru v Hrabyni, ovl\u00e1dli jezdci nejlep\u0161\u00ed \u010desk\u00e9 st\u00e1je Elkov Kasper. Zv\u00edt\u011bzil Dominik Neuman p\u0159ed Mat\u011bjem Zah\u00e1lkou a t\u0159et\u00ed skon\u010dil Ji\u0159\u00ed Petru\u0161 (Topforex &#8211; ATT Investments). V prvn\u00ed des\u00edtce bylo \u0161est jezdc\u016f z Elkov Kasper. Hradeck\u00e1 st\u00e1j nastoupila do presti\u017en\u00edho [&hellip;]<\/p>\n","protected":false},"author":8,"featured_media":0,"comment_status":"closed","ping_status":"open","sticky":false,"template":"","format":"standard","meta":{"footnotes":""},"categories":[2,18],"tags":[11],"class_list":["post-9322","post","type-post","status-publish","format-standard","hentry","category-novinky","category-silnice","tag-silnice"],"_links":{"self":[{"href":"https:\/\/www.czechcyclingfederation.com\/en\/wp-json\/wp\/v2\/posts\/9322","targetHints":{"allow":["GET"]}}],"collection":[{"href":"https:\/\/www.czechcyclingfederation.com\/en\/wp-json\/wp\/v2\/posts"}],"about":[{"href":"https:\/\/www.czechcyclingfederation.com\/en\/wp-json\/wp\/v2\/types\/post"}],"author":[{"embeddable":true,"href":"https:\/\/www.czechcyclingfederation.com\/en\/wp-json\/wp\/v2\/users\/8"}],"replies":[{"embeddable":true,"href":"https:\/\/www.czechcyclingfederation.com\/en\/wp-json\/wp\/v2\/comments?post=9322"}],"version-history":[{"count":4,"href":"https:\/\/www.czechcyclingfederation.com\/en\/wp-json\/wp\/v2\/posts\/9322\/revisions"}],"predecessor-version":[{"id":9337,"href":"https:\/\/www.czechcyclingfederation.com\/en\/wp-json\/wp\/v2\/posts\/9322\/revisions\/9337"}],"wp:attachment":[{"href":"https:\/\/www.czechcyclingfederation.com\/en\/wp-json\/wp\/v2\/media?parent=9322"}],"wp:term":[{"taxonomy":"category","embeddable":true,"href":"https:\/\/www.czechcyclingfederation.com\/en\/wp-json\/wp\/v2\/categories?post=9322"},{"taxonomy":"post_tag","embeddable":true,"href":"https:\/\/www.czechcyclingfederation.com\/en\/wp-json\/wp\/v2\/tags?post=9322"}],"curies":[{"name":"wp","href":"https:\/\/api.w.org\/{rel}","templated":true}]}}