{"id":9249,"date":"2021-08-29T18:16:51","date_gmt":"2021-08-29T16:16:51","guid":{"rendered":"https:\/\/www.czechcyclingfederation.com\/?p=9249"},"modified":"2021-08-29T18:22:16","modified_gmt":"2021-08-29T16:22:16","slug":"49-rocnik-zavodu-miru-je-u-konce-zaver-patril-i-ceskym-barvam","status":"publish","type":"post","link":"https:\/\/www.czechcyclingfederation.com\/en\/49-rocnik-zavodu-miru-je-u-konce-zaver-patril-i-ceskym-barvam\/","title":{"rendered":"49. ro\u010dn\u00edk Z\u00e1vodu m\u00edru je u konce, z\u00e1v\u011br pat\u0159il i \u010desk\u00fdm barv\u00e1m"},"content":{"rendered":"\n<p>O fantastick\u00fd koncert se v posledn\u00ed etap\u011b 49. ro\u010dn\u00edku Z\u00e1vodu m\u00edru junior\u016f postarali cyklist\u00e9 \u010desk\u00e9 reprezentace. Jen n\u011bkolik kilometr\u016f po startu se Milan Kadlec s Adamem Seemanem pustili do \u00faniku \u010dty\u0159\u010dlenn\u00e9 skupiny, kter\u00fd dovedli do zd\u00e1rn\u00e9ho fini\u0161e. Ve spurtu vyhr\u00e1l Estonec Romet Pajour, ale celkov\u00fdm v\u00edt\u011bzem se st\u00e1v\u00e1 Nor Per Strand Hagenes.<\/p>\n\n\n\n<p>Z\u00e1v\u011bre\u010dn\u00e1 4. etapa 49. ro\u010dn\u00edku v&nbsp;Terez\u00edn\u011b mohla je\u0161t\u011b ovlivnit po\u0159ad\u00ed celkov\u00e9ho hodnocen\u00ed. L\u00eddr ve \u017elut\u00e9m Nor Per Strand Hagenes do n\u00ed vstupoval s&nbsp;dev\u00edtivte\u0159inov\u00fdm n\u00e1skokem na druh\u00e9ho N\u011bmce Emila Herzoga. Norov\u00e9 proto rozjeli z\u00e1vod ve velk\u00e9m stylu a spole\u010dn\u011b sp\u011bchali na rychlostn\u00ed pr\u00e9mii na p\u011btadvac\u00e1t\u00e9m kilometru.&nbsp;<em>\u201eV\u011bd\u011bli jsme, \u017ee mus\u00edme z\u00edskat d\u016fle\u017eit\u00e9 bonifika\u010dn\u00ed vte\u0159iny na rychlostn\u00ed pr\u00e9mii a to se n\u00e1m s&nbsp;t\u00fdmem poda\u0159ilo pohl\u00eddat naprosto fantasticky. Pak p\u0159i\u0161el rozhoduj\u00edc\u00ed \u00fanik dne, kter\u00fd n\u00e1m hr\u00e1l do karet, proto\u017ee m\u011b v&nbsp;n\u011bm nikdo neohro\u017eoval a my si mohli l\u00e9pe pohl\u00eddat celkov\u00e9 v\u00edt\u011bzstv\u00ed,\u201c<\/em>&nbsp;prozradil v&nbsp;c\u00edli taktiku, kter\u00e1 se naplnila, celkov\u00fd v\u00edt\u011bz Per Strand Hagenes.<\/p>\n\n\n\n<p>A pr\u00e1v\u011b po sprintersk\u00e9 pr\u00e9mii se zrodil rozhoduj\u00edc\u00ed \u00fanik dne a kr\u00e1sn\u00e9 p\u0159edstaven\u00ed dom\u00e1c\u00edch z\u00e1vodn\u00edk\u016f.&nbsp;<em>\u201eTo, \u017ee jsme s Milanem takhle ujeli, byla kr\u00e1sn\u00e1 shoda okolnost\u00ed. V\u010dera jsem po p\u00e1du hodn\u011b ztratil v&nbsp;celkov\u00e9m hodnocen\u00ed, tak\u017ee jsem dnes nem\u011bl o co p\u0159ij\u00edt a zkusil jsem j\u00edt vabank. Cht\u011bl jsem ujet hned od za\u010d\u00e1tku, ale Norov\u00e9 to t\u00e1hli a kdy\u017e jsem vid\u011bl, \u017ee spurtovali na pr\u00e9mii a po n\u00ed sv\u011bsili nohy, tak to byla ide\u00e1ln\u00ed \u0161ance na \u00fanik,\u201c<\/em>&nbsp;z\u00e1\u0159il v&nbsp;c\u00edli \u010desk\u00fd reprezentant Adam Seeman, kter\u00fd zareagoval na n\u00e1stup novope\u010den\u00e9ho dr\u00e1hov\u00e9ho mistra Evropy v&nbsp;bodova\u010dce Milana Kadlece.&nbsp;<em>\u201eNastoupil jsem s&nbsp;D\u00e1nem Dalbym a pak se p\u0159idal Adam s&nbsp;Estoncem. Kdy\u017e jsme m\u011bli p\u016fl minuty a furt to naskakovalo, tak jsem si \u0159ekl, \u017ee na t\u011bch okruz\u00edch u\u017e to bal\u00edk nem\u016f\u017ee st\u00e1hnout. Byl to rychl\u00fd sjezd, kopec, sjezd, kopec a nebylo kde,\u201c<\/em>&nbsp;popsal rozhoduj\u00edc\u00ed moment Milan Kadlec.<\/p>\n\n\n\n<p>\u010ctve\u0159ice Milan Kadlec, Adam Seeman, D\u00e1n Simon Dalby a Estonec Romet Pajour dok\u00e1zala, co se nikomu v&nbsp;posledn\u00edch letech nepovedlo \u2013 dov\u00e9st v&nbsp;posledn\u00ed etap\u011b tak dlouh\u00fd \u00fanik do zd\u00e1rn\u00e9ho konce. Kvartet si vybudoval a\u017e dvouminutov\u00fd odstup od hlavn\u00edho pole a do c\u00edle \u010dtve\u0159ice p\u0159ijela s&nbsp;t\u0159i \u010dtvrt\u011b minutov\u00fdm n\u00e1skokem. Z&nbsp;v\u00edt\u011bzstv\u00ed se ale radoval Estonec Romet Pajour p\u0159ed Adamem Seemanem a Milanem Kadlecem. M\u00edrn\u00e9 zklam\u00e1n\u00ed \u010desk\u00fdch reprezentant\u016f ale bylo p\u0159ece jen c\u00edtit.<em>&nbsp;\u201ePro m\u011b je to nejv\u011bt\u0161\u00ed \u00fasp\u011bch v&nbsp;kari\u00e9\u0159e, ale p\u0159ece jen je n\u00e1m ke zlatu kous\u00ed\u010dek chyb\u011blo a to by teprve bylo dokonal\u00e9. Estonec byl ale ve sprintu lep\u0161\u00ed. Zkusili jsme to a mysl\u00edm, \u017ee jsme neud\u011blali \u017e\u00e1dnou chybu. Milan se mi to sna\u017eil dob\u0159e rozjet, ale Estonec byl prost\u011b siln\u011bj\u0161\u00ed,\u201c<\/em>&nbsp;uznal kvality soupe\u0159e Adam Seeman.<\/p>\n\n\n\n<p>\u017dlut\u00fd Per Strand Hagenes p\u0159ijel v&nbsp;hlavn\u00edm poli osmn\u00e1ct\u00fd s&nbsp;\u00fasm\u011bvem ve tv\u00e1\u0159i. Pouze v&nbsp;prvn\u00ed etap\u011b jeho trikot vezl t\u00fdmov\u00fd kolega Stian Edvardsen-Fredheim, kter\u00fd ho po \u010dasovce p\u0159edal pr\u00e1v\u011b Hagenesovi. Ten u\u017e si ho po zbytek z\u00e1vodu pohl\u00eddal a projet\u00edm z\u00e1v\u011bre\u010dn\u00e9 c\u00edlov\u00e9 p\u00e1sky v&nbsp;Terez\u00edn\u011b v\u011bd\u011bl, \u017ee v&nbsp;historick\u00fdch tabulk\u00e1ch leto\u0161n\u00edho ro\u010dn\u00edku u\u017e bude zv\u011b\u010dn\u011bno pouze jeho jm\u00e9no.&nbsp;<em>\u201eKdy\u017e jsme do Z\u00e1vodu m\u00edru vstupovali, v\u011b\u0159il jsem, \u017ee se n\u00e1m poda\u0159\u00ed ud\u011blat dobr\u00fd v\u00fdsledek v&nbsp;celkov\u00e9 klasifikaci. Cel\u00fd t\u00fdm \u0161lapal naprosto v\u00fdborn\u011b. Jsme skv\u011ble sehran\u00ed. D\u00edky tomu se n\u00e1m poda\u0159ilo p\u0159\u00e1n\u00ed prom\u011bnit ve skute\u010dnost. Jsem opravdu velmi \u0161\u0165astn\u00fd. Je to pro m\u011b velk\u00fd v\u00fdsledek, proto\u017ee kolem m\u011b byli skv\u011bl\u00ed jezdci,\u201c<\/em>&nbsp;prohl\u00e1sil s&nbsp;t\u00f3nem skute\u010dn\u00e9ho profesion\u00e1la Per Strand Hagenes, norsk\u00fd reprezentant a celkov\u00fd v\u00edt\u011bz 49. ro\u010dn\u00edku Z\u00e1vodu m\u00edru junior\u016f.<\/p>\n\n\n\n<p>Norsk\u00e9ho jezdce na celkov\u00e9m slavnostn\u00edm p\u00f3diu doprovodil druh\u00fd N\u011bmec Emil Herzog a t\u0159et\u00ed Belgi\u010dan Cian Uijtdebroeks. Z\u00e1v\u011bre\u010dn\u00fd \u00fanik pak Milana Kadlece katapultoval do role nejl\u00e9pe postaven\u00e9ho \u010cecha celkov\u00e9 klasifikace. Synovi slavn\u00e9ho otce stejn\u00e9ho jm\u00e9na pat\u0159\u00ed kone\u010dn\u00e1 patn\u00e1ct\u00e1 p\u0159\u00ed\u010dka se ztr\u00e1tou dvou a p\u016fl minuty. \u201ePrvoro\u010d\u00e1k\u201c Kadlec tak p\u0159esko\u010dil Maty\u00e1\u0161e Kopeck\u00e9ho, kter\u00fd skon\u010dil s&nbsp;odstupem deseti vte\u0159in hned za n\u00edm. D\u00edky sv\u00e9 aktivit\u011b se ale Adam Seeman st\u00e1v\u00e1 v\u00edt\u011bzem vrcha\u0159sk\u00e9 pr\u00e9mie a z\u00edsk\u00e1v\u00e1 punt\u00edkat\u00fd trikot. B\u00edl\u00fd trikot bodovac\u00ed sout\u011b\u017ee vyhr\u00e1v\u00e1 Nor Stian Edvardsen-Fredheim, zelen\u00fd trikot nejlep\u0161\u00edho sprintera N\u011bmec Emil Herzog a nejlep\u0161\u00edm t\u00fdmem se stal Holandsk\u00fd \u201en\u00e1ro\u010f\u00e1k\u201c.<\/p>\n\n\n\n<p>Zcela netradi\u010dn\u00ed srpnov\u00fd Z\u00e1vod m\u00edru junior\u016f kon\u010d\u00ed, ale po\u0159adatel\u00e9 se u\u017e te\u010f chystaj\u00ed na ten jubilejn\u00ed pades\u00e1t\u00fd.&nbsp;<em>\u201eM\u00e1me za sebou kr\u00e1sn\u00fd z\u00e1vod. Vid\u011bli jsme par\u00e1dn\u00ed souboje, n\u00e1dhern\u00e9 v\u00fdkony, jako b\u00fdval\u00fd reprezenta\u010dn\u00ed tren\u00e9r m\u00e1m radost i ze z\u00e1v\u011bre\u010dn\u00e9ho p\u0159edstaven\u00ed \u010desk\u00fdch kluk\u016f a co je d\u016fle\u017eit\u00e9 \u2013 nikomu se nic nestalo, tak\u017ee ze m\u011b mus\u00ed mluvit spokojenost. Z\u00e1vod n\u00e1s ka\u017edoro\u010dn\u011b stoj\u00ed hodn\u011b nerv\u016f a \u00fasil\u00ed, ale d\u00edky v\u0161em lidem a partner\u016fm, kte\u0159\u00ed n\u00e1m ho pom\u00e1haj\u00ed zajistit, jsme u\u017e dlouh\u00e1 l\u00e9ta mezi sv\u011btovou \u0161pi\u010dkou a v\u011b\u0159\u00edm, \u017ee i letos se n\u00e1m z\u00e1vod op\u011bt poda\u0159ilo trochu posunout. V\u0161em koleg\u016fm za to pat\u0159\u00ed velk\u00fd d\u00edky a r\u00e1d prozrad\u00edm, \u017ee u\u017e nyn\u00ed pl\u00e1nujeme, tradi\u010dn\u00ed m\u00e1jov\u00e9 etapy vr\u00e1tit na za\u010d\u00e1tek kv\u011btna,\u201c<\/em>&nbsp;uzav\u0159el 49. ro\u010dn\u00edk Z\u00e1vodu m\u00edru junior\u016f jeho \u0159editel Svatopluk Henke.<\/p>\n\n\n\n<p><strong>V\u00fdsledky \u2013 4. etapa (Terez\u00edn \u2013 98,8 km):<\/strong><br>1. Romet Pajour (EST) 2:19:08<br><strong>2. Adam Seeman (CZE)<\/strong> &#8211; stejn\u00fd \u010das<br><strong>3. Milan Kadlec (CZE)<\/strong> &#8211; stejn\u00fd \u010das<\/p>\n\n\n\n<p><strong>Celkov\u011b:<\/strong><br>1. Per Strand Hagenes (NOR) 8:48:07<br>2. Emil Herzog (GER) +0:10<br>3. Cian Uijtdebroeks (BEL) +0:28<br><strong>15. Milan Kadlec (CZE) +2:29<\/strong><br><strong>16. Maty\u00e1\u0161 Kopeck\u00fd (CZE) +2:39<\/strong><br><strong>22. Daniel Mr\u00e1z (CZE) Euroregion +4:07<\/strong><br><strong>29. Mat\u011bj Str\u00e1nsk\u00fd (CZE) Euroregion +7:40<\/strong><br><strong>34. Adam Seeman (CZE) +12:22<\/strong><br><strong>50. \u0160t\u011bp\u00e1n Teleck\u00fd (CZE) +22:27<\/strong><br><strong>72. Daniel Sporysch (CZE) +38:16<\/strong><br><strong>78. Jan Luke\u0161 (CEZ) Euroregion +45:45<\/strong><\/p>\n\n\n\n<p>Foto: Patrik P\u00e1tek\/PatRESS<\/p>\n","protected":false},"excerpt":{"rendered":"<p>O fantastick\u00fd koncert se v posledn\u00ed etap\u011b 49. ro\u010dn\u00edku Z\u00e1vodu m\u00edru junior\u016f postarali cyklist\u00e9 \u010desk\u00e9 reprezentace. Jen n\u011bkolik kilometr\u016f po startu se Milan Kadlec s Adamem Seemanem pustili do \u00faniku \u010dty\u0159\u010dlenn\u00e9 skupiny, kter\u00fd dovedli do zd\u00e1rn\u00e9ho fini\u0161e. Ve spurtu vyhr\u00e1l Estonec Romet Pajour, ale celkov\u00fdm v\u00edt\u011bzem se st\u00e1v\u00e1 Nor Per Strand Hagenes. Z\u00e1v\u011bre\u010dn\u00e1 4. etapa [&hellip;]<\/p>\n","protected":false},"author":3,"featured_media":9257,"comment_status":"closed","ping_status":"open","sticky":false,"template":"","format":"standard","meta":{"footnotes":""},"categories":[2,18],"tags":[11],"class_list":["post-9249","post","type-post","status-publish","format-standard","has-post-thumbnail","hentry","category-novinky","category-silnice","tag-silnice"],"_links":{"self":[{"href":"https:\/\/www.czechcyclingfederation.com\/en\/wp-json\/wp\/v2\/posts\/9249","targetHints":{"allow":["GET"]}}],"collection":[{"href":"https:\/\/www.czechcyclingfederation.com\/en\/wp-json\/wp\/v2\/posts"}],"about":[{"href":"https:\/\/www.czechcyclingfederation.com\/en\/wp-json\/wp\/v2\/types\/post"}],"author":[{"embeddable":true,"href":"https:\/\/www.czechcyclingfederation.com\/en\/wp-json\/wp\/v2\/users\/3"}],"replies":[{"embeddable":true,"href":"https:\/\/www.czechcyclingfederation.com\/en\/wp-json\/wp\/v2\/comments?post=9249"}],"version-history":[{"count":3,"href":"https:\/\/www.czechcyclingfederation.com\/en\/wp-json\/wp\/v2\/posts\/9249\/revisions"}],"predecessor-version":[{"id":9270,"href":"https:\/\/www.czechcyclingfederation.com\/en\/wp-json\/wp\/v2\/posts\/9249\/revisions\/9270"}],"wp:featuredmedia":[{"embeddable":true,"href":"https:\/\/www.czechcyclingfederation.com\/en\/wp-json\/wp\/v2\/media\/9257"}],"wp:attachment":[{"href":"https:\/\/www.czechcyclingfederation.com\/en\/wp-json\/wp\/v2\/media?parent=9249"}],"wp:term":[{"taxonomy":"category","embeddable":true,"href":"https:\/\/www.czechcyclingfederation.com\/en\/wp-json\/wp\/v2\/categories?post=9249"},{"taxonomy":"post_tag","embeddable":true,"href":"https:\/\/www.czechcyclingfederation.com\/en\/wp-json\/wp\/v2\/tags?post=9249"}],"curies":[{"name":"wp","href":"https:\/\/api.w.org\/{rel}","templated":true}]}}