{"id":917,"date":"2020-06-17T09:58:00","date_gmt":"2020-06-17T07:58:00","guid":{"rendered":"http:\/\/www.czechcyclingfederation.com\/?p=917"},"modified":"2020-07-16T13:40:59","modified_gmt":"2020-07-16T11:40:59","slug":"alois-kankovsky-ma-prvni-letosni-vitezstvi","status":"publish","type":"post","link":"https:\/\/www.czechcyclingfederation.com\/en\/alois-kankovsky-ma-prvni-letosni-vitezstvi\/","title":{"rendered":"Alois Ka\u0148kovsk\u00fd m\u00e1 prvn\u00ed leto\u0161n\u00ed v\u00edt\u011bzstv\u00ed"},"content":{"rendered":"\n<p>Prvn\u00ed leto\u0161n\u00ed v\u00edt\u011bzstv\u00ed vybojoval v z\u00e1vodu Slovensk\u00e9ho poh\u00e1ru Alois Ka\u0148kovsk\u00fd z celku Elkov Kasper. Na Slovakia Ringu u obce Orechov\u00e1 Poto\u0148. O prvenstv\u00ed rozhodl tradi\u010dn\u011b d\u00edky sv\u00e9mu skv\u011bl\u00e9mu spurtu, kdy\u017e za sebou nechal dom\u00e1c\u00ed Pavola Kramar\u010d\u00edka a Simona Nagyho.<\/p>\n\n\n\n<p>Plnohodnotn\u00fd z\u00e1vod po nepl\u00e1novan\u00e9 pauze m\u011bl siln\u011b obsazen\u00e9 startovn\u00ed pole s pelotonem v\u00edce ne\u017e 100 jezdc\u016f. Z\u00e1vod se jel na 18 okruh\u016f s celkovou d\u00e9lkou 108 km. Prvn\u00edch 70 km jelo pr\u016fm\u011brnou rychlostn\u00ed p\u0159esahuj\u00edc\u00ed v\u00fdrazn\u011b 50 km\/h. V n\u011bm si z\u00e1vodn\u00edci Elkov Kasper pohl\u00eddali v\u00edt\u011bzstv\u00ed na prvn\u00edch t\u0159ech finan\u010dn\u011b ohodnocen\u00fdch pr\u00e9mi\u00edch.<\/p>\n\n\n\n<p>Pak se \u010dtve\u0159ice t\u00e9to \u010desk\u00e9 st\u00e1je soust\u0159edila na koncovku z\u00e1vodu. Trojici Dominik Neuman, Jakub Otruba, Michael Kukrle se v z\u00e1v\u011bru osmn\u00e1ct\u00e9ho kola poda\u0159ilo bez probl\u00e9mu rozjet spurt Aloisi Ka\u0148kovsk\u00e9mu a ten si poradil se zbytkem dot\u00edraj\u00edc\u00edch jezdc\u016f a dojel si pro leto\u0161n\u00ed prvn\u00ed v\u00edt\u011bzstv\u00ed.<\/p>\n\n\n\n<p>&#8220;Z\u00e1vod se jel od za\u010d\u00e1tku rychle a jelo se mi pom\u011brn\u011b dob\u0159e. V z\u00e1v\u011bru to pak byla skv\u011bl\u00e1 t\u00fdmov\u00e1 pr\u00e1ce, kter\u00e1 jasn\u011b pomohla m\u00e9mu v\u00edt\u011bzstv\u00ed. Jsem r\u00e1d, \u017ee se mi povedlo zv\u00edt\u011bzit, ale hlavn\u011b se t\u011b\u0161\u00edm z toho, \u017ee se u\u017e kone\u010dn\u011b zase z\u00e1vod\u00ed,&#8221; \u0159ekl v\u00edt\u011bz prvn\u00ed z\u00e1vodu Slovensk\u00e9ho poh\u00e1ru v silni\u010dn\u00ed cyklistice Alois Ka\u0148kovsk\u00fd.<\/p>\n\n\n\n<p>Z\u00e1vod junior\u016f ovl\u00e1dl rovn\u011b\u017e ve spurtu Pavel Bittner z Mapei Merida Ka\u0148kovsk\u00fd.<\/p>\n\n\n\n<p>V\u00fdsledky:<\/p>\n\n\n\n<p>1. Ka\u0148kovsk\u00fd (Elkov Kasper) 2:14:05, 2. Kramar\u010d\u00edk, 3. Nagy, 4. Li\u0161ka (v\u0161ichni SR), 5. J. \u0164oupal\u00edk (Topforex-Lapierre pro cycling team), 6. Neuman (Elkov Kasper), 7. Klabouch (Topforex-Lapierre pro cycling team), &#8230;9. Km\u00ednek (TJ Favorit Brno) v\u0161ichni stejn\u00fd \u010das.<\/p>\n\n\n\n<figure class=\"wp-block-image\"><img loading=\"lazy\" decoding=\"async\" width=\"1024\" height=\"768\" src=\"https:\/\/www.czechcyclingfederation.com\/wp-content\/uploads\/2020\/06\/Kankovsk\u00fd-1-1024x768.jpg\" alt=\"\" class=\"wp-image-919\" srcset=\"https:\/\/www.czechcyclingfederation.com\/wp-content\/uploads\/2020\/06\/Kankovsk\u00fd-1-1024x768.jpg 1024w, https:\/\/www.czechcyclingfederation.com\/wp-content\/uploads\/2020\/06\/Kankovsk\u00fd-1-267x200.jpg 267w, https:\/\/www.czechcyclingfederation.com\/wp-content\/uploads\/2020\/06\/Kankovsk\u00fd-1-768x576.jpg 768w, https:\/\/www.czechcyclingfederation.com\/wp-content\/uploads\/2020\/06\/Kankovsk\u00fd-1-300x225.jpg 300w, https:\/\/www.czechcyclingfederation.com\/wp-content\/uploads\/2020\/06\/Kankovsk\u00fd-1.jpg 1067w\" sizes=\"auto, (max-width: 1024px) 100vw, 1024px\" \/><\/figure>\n","protected":false},"excerpt":{"rendered":"<p>Prvn\u00ed leto\u0161n\u00ed v\u00edt\u011bzstv\u00ed vybojoval v z\u00e1vodu Slovensk\u00e9ho poh\u00e1ru Alois Ka\u0148kovsk\u00fd z celku Elkov Kasper. Na Slovakia Ringu u obce Orechov\u00e1 Poto\u0148. O prvenstv\u00ed rozhodl tradi\u010dn\u011b d\u00edky sv\u00e9mu skv\u011bl\u00e9mu spurtu, kdy\u017e za sebou nechal dom\u00e1c\u00ed Pavola Kramar\u010d\u00edka a Simona Nagyho. Plnohodnotn\u00fd z\u00e1vod po nepl\u00e1novan\u00e9 pauze m\u011bl siln\u011b obsazen\u00e9 startovn\u00ed pole s pelotonem v\u00edce ne\u017e 100 jezdc\u016f. [&hellip;]<\/p>\n","protected":false},"author":2,"featured_media":918,"comment_status":"closed","ping_status":"open","sticky":false,"template":"","format":"standard","meta":{"footnotes":""},"categories":[2,18],"tags":[11],"class_list":["post-917","post","type-post","status-publish","format-standard","has-post-thumbnail","hentry","category-novinky","category-silnice","tag-silnice"],"_links":{"self":[{"href":"https:\/\/www.czechcyclingfederation.com\/en\/wp-json\/wp\/v2\/posts\/917","targetHints":{"allow":["GET"]}}],"collection":[{"href":"https:\/\/www.czechcyclingfederation.com\/en\/wp-json\/wp\/v2\/posts"}],"about":[{"href":"https:\/\/www.czechcyclingfederation.com\/en\/wp-json\/wp\/v2\/types\/post"}],"author":[{"embeddable":true,"href":"https:\/\/www.czechcyclingfederation.com\/en\/wp-json\/wp\/v2\/users\/2"}],"replies":[{"embeddable":true,"href":"https:\/\/www.czechcyclingfederation.com\/en\/wp-json\/wp\/v2\/comments?post=917"}],"version-history":[{"count":1,"href":"https:\/\/www.czechcyclingfederation.com\/en\/wp-json\/wp\/v2\/posts\/917\/revisions"}],"predecessor-version":[{"id":920,"href":"https:\/\/www.czechcyclingfederation.com\/en\/wp-json\/wp\/v2\/posts\/917\/revisions\/920"}],"wp:featuredmedia":[{"embeddable":true,"href":"https:\/\/www.czechcyclingfederation.com\/en\/wp-json\/wp\/v2\/media\/918"}],"wp:attachment":[{"href":"https:\/\/www.czechcyclingfederation.com\/en\/wp-json\/wp\/v2\/media?parent=917"}],"wp:term":[{"taxonomy":"category","embeddable":true,"href":"https:\/\/www.czechcyclingfederation.com\/en\/wp-json\/wp\/v2\/categories?post=917"},{"taxonomy":"post_tag","embeddable":true,"href":"https:\/\/www.czechcyclingfederation.com\/en\/wp-json\/wp\/v2\/tags?post=917"}],"curies":[{"name":"wp","href":"https:\/\/api.w.org\/{rel}","templated":true}]}}