{"id":9129,"date":"2021-08-29T14:07:50","date_gmt":"2021-08-29T12:07:50","guid":{"rendered":"https:\/\/www.czechcyclingfederation.com\/?p=9129"},"modified":"2021-08-29T14:24:40","modified_gmt":"2021-08-29T12:24:40","slug":"per-strand-hagenes-potvrdil-formu-i-behem-treti-etapy-zavodu-miru-junioru","status":"publish","type":"post","link":"https:\/\/www.czechcyclingfederation.com\/en\/per-strand-hagenes-potvrdil-formu-i-behem-treti-etapy-zavodu-miru-junioru\/","title":{"rendered":"Per Strand Hagenes potvrdil formu i b\u011bhem t\u0159et\u00ed etapy Z\u00e1vodu m\u00edru junior\u016f"},"content":{"rendered":"\n<p>Aktu\u00e1ln\u00ed l\u00eddr leto\u0161n\u00edho ji\u017e 49. ro\u010dn\u00edku Z\u00e1vodu m\u00edru juniorsk\u00e9 kategorie nad\u00e1le potvrzuje svou formu. Norsk\u00fd reprezentant Per Strand Hagenes ovl\u00e1dl sice sobotn\u00ed etapu, nic lehk\u00e9ho to pro n\u011bj v\u0161ak nebylo. Na c\u00edlov\u00e9 p\u00e1sce jej d\u011blily milimetry p\u0159ed druh\u00fdm N\u011bmcem Emilem Herzogem. I d\u00edky vyost\u0159en\u00e9mu fini\u0161i m\u00e1me postar\u00e1no o p\u011bknou z\u00e1pletku do z\u00e1v\u011bre\u010dn\u00e9ho peletonu.<\/p>\n\n\n\n<p><em>Dnes to byla opravdu hodn\u011b tvrd\u00e1 etapa, ale my si na\u0159\u00eddili, \u017ee ji vyhrajeme, tak\u017ee m\u00e1m velkou radost, \u017ee se n\u00e1m to povedlo. Bohu\u017eel st\u00e1le si nemysl\u00edm, \u017ee je rozhodnuto. Z\u00edtra se klidn\u011b m\u016f\u017ee st\u00e1t cokoli, ale pro dne\u0161ek jsme se rozhodli b\u00fdt nejlep\u0161\u00ed my,\u201c&nbsp;<\/em>z\u00e1\u0159il spokojenost\u00ed po sobotn\u00ed v\u00fdh\u0159e Nor Per Strand Hagenes.<\/p>\n\n\n\n<p>Skoro stokilometrov\u00fd sobotn\u00ed z\u00e1vod vedl z&nbsp;Teplic p\u0159es n\u00e1ro\u010dn\u00e9 kopce, vrcha\u0159sk\u00e9 \u00faseky a\u017e do n\u011bmeck\u00e9ho Olbernhau, kde byl letos napl\u00e1nov\u00e1n c\u00edl. Chladn\u00e9 a de\u0161tiv\u00e9 po\u010das\u00ed tak\u00e9 nebylo pro jezdce p\u0159\u00edli\u0161 ide\u00e1ln\u00ed, co\u017e sv\u00fdmi slovy potvrdil samotn\u00fd v\u00edt\u011bz.&nbsp;<em>\u201eT\u011b\u017ekou etapu ud\u011blal d\u00e9\u0161\u0165 je\u0161t\u011b t\u011b\u017e\u0161\u00ed. Mysl\u00edm, \u017ee jsme si ji v\u0161ichni protrp\u011bli,\u201c&nbsp;<\/em>podotkl Nor Hagenes. Byl to pr\u00e1v\u011b on, kdo p\u0159ivedl celou dvan\u00e1cti\u010dlennou skupinu favorit\u016f do fini\u0161e a n\u00e1sledn\u011b se radoval z&nbsp;triumfu po dramatick\u00e9m z\u00e1v\u011bru s&nbsp;N\u011bmcem Herzogem. Na p\u00f3diu oba z\u00e1vodn\u00edky je\u0161t\u011b doplnil belgick\u00fd jezdec Vlad van Mechelen na bronzov\u00e9 p\u0159\u00ed\u010dce.<\/p>\n\n\n\n<p>I \u010desk\u00e9 barvy m\u011bly v&nbsp;tomto t\u011b\u017ek\u00e9m z\u00e1vod\u011b zastoupen\u00ed. Maty\u00e1\u0161 Kopeck\u00fd si p\u0159ipsal patn\u00e1ctou p\u0159\u00ed\u010dku, ov\u0161em hned za n\u00edm se um\u00edstil Daniel Mr\u00e1z reprezentuj\u00edc\u00ed barvy st\u00e1je Euroregionu. Milan Kadlec protnul pomyslnou c\u00edlovou p\u00e1sku a\u017e jako \u0161estadvac\u00e1t\u00fd.<em>&nbsp;Kluci odvedli to, co v&nbsp;nich je. Byla to t\u011b\u017ek\u00e1 etapa, byla zima a ka\u017ed\u00e9mu takov\u00e9 po\u010das\u00ed nesed\u00ed. J\u00e1 tady m\u00e1m stra\u0161n\u011b mlad\u00fd t\u00fdm. V\u011bt\u0161ina kluk\u016f jsou prvoro\u010d\u00e1ci, tak\u017ee to p\u0159\u00ed\u0161t\u00ed rok mohou jen vylep\u0161ovat. V\u0161echno to jsou pro n\u011b cenn\u00e9 zku\u0161enosti, kter\u00e9 tu z\u00edsk\u00e1vaj\u00ed,\u201c<\/em>&nbsp;poznamenal Tom\u00e1\u0161 Kon\u010den\u00fd, kou\u010d \u010desk\u00e9 reprezentace.<\/p>\n\n\n\n<figure class=\"wp-block-image size-large\"><img loading=\"lazy\" decoding=\"async\" width=\"1024\" height=\"682\" src=\"https:\/\/www.czechcyclingfederation.com\/wp-content\/uploads\/2021\/08\/210828_3-et_002-1024x682.jpg\" alt=\"\" class=\"wp-image-9131\" srcset=\"https:\/\/www.czechcyclingfederation.com\/wp-content\/uploads\/2021\/08\/210828_3-et_002-1024x682.jpg 1024w, https:\/\/www.czechcyclingfederation.com\/wp-content\/uploads\/2021\/08\/210828_3-et_002-300x200.jpg 300w, https:\/\/www.czechcyclingfederation.com\/wp-content\/uploads\/2021\/08\/210828_3-et_002-768x512.jpg 768w, https:\/\/www.czechcyclingfederation.com\/wp-content\/uploads\/2021\/08\/210828_3-et_002-1536x1024.jpg 1536w, https:\/\/www.czechcyclingfederation.com\/wp-content\/uploads\/2021\/08\/210828_3-et_002-1320x880.jpg 1320w, https:\/\/www.czechcyclingfederation.com\/wp-content\/uploads\/2021\/08\/210828_3-et_002.jpg 2000w\" sizes=\"auto, (max-width: 1024px) 100vw, 1024px\" \/><figcaption>Foto: Patrik P\u00e1tek\/PatRESS<\/figcaption><\/figure>\n\n\n\n<p>Petr Strand Hagenes sice nedok\u00e1zal odsko\u010dit v&nbsp;celkov\u00e9m hodnocen\u00ed p\u0159ed Emilem Herzogem a jeho \u00fazk\u00fd n\u00e1skok tak nyn\u00ed \u010din\u00ed dev\u011bt sekund. Pro div\u00e1ky je alespo\u0148 p\u0159ipraven\u00e1 skv\u011bl\u00e1 bitva v&nbsp;posledn\u00edm z\u00e1vod\u011b o celkov\u00e9 prvenstv\u00ed. Na dal\u0161\u00edch p\u0159\u00ed\u010dk\u00e1ch se nach\u00e1z\u00ed Belgi\u010dan Cian Uijtdebroeks i ambici\u00f3zn\u00ed Francouz Romain Gr\u00e9gorie, oba ztr\u00e1c\u00ed okolo p\u016fl minuty a v&nbsp;p\u0159\u00edpad\u011b selh\u00e1n\u00ed suver\u00e9nn\u00edho Nora nebo N\u011bmce m\u016f\u017eou je\u0161t\u011b promluvit do celkov\u00e9ho po\u0159ad\u00ed v\u00fdrazn\u00fdm zp\u016fsobem.<\/p>\n\n\n\n<p>Z&nbsp;\u010desk\u00fdch barev p\u0159i pohledu do tabulek nalezneme jm\u00e9no Maty\u00e1\u0161e Kopeck\u00e9ho na \u010dtrn\u00e1ct\u00e9 pozici se ztr\u00e1tou dvou a p\u016fl minuty jako nejlep\u0161\u00edho tuzemsk\u00e9ho z\u00e1vodn\u00edka. Milan Kadlec po n\u00e1vratu ze zlat\u00e9ho mistrovstv\u00ed Evropy sb\u00edr\u00e1 nad\u00e1le hlavn\u011b zku\u0161enosti, jeho jm\u00e9no figuruje na osmn\u00e1ct\u00e9m m\u00edst\u011b celkov\u00e9ho po\u0159ad\u00ed.<\/p>\n\n\n\n<p>Na programu 49. ro\u010dn\u00edku Z\u00e1vodu m\u00edru junior\u016f je u\u017e jen z\u00e1v\u011bre\u010dn\u00e1 4. etapa s&nbsp;tradi\u010dn\u00edm startem a c\u00edlem v&nbsp;Terez\u00edn\u011b. Na t\u00e9m\u011b\u0159 stokilometrov\u00e9 trati jsou ale hned \u010dty\u0159i vrcha\u0159sk\u00e9 pr\u00e9mie v&nbsp;Poho\u0159anech nad Litom\u011b\u0159icemi.<em>&nbsp;\u201eP\u0159\u00e1l jsem si, abychom vyhr\u00e1li etapu a byli v&nbsp;top des\u00edtce celkov\u00e9ho po\u0159ad\u00ed. Jsme kousek za n\u00ed. P\u0159ed n\u00e1mi je je\u0161t\u011b t\u011b\u017ek\u00e1 etapa a j\u00e1 se sna\u017e\u00edm kluky vyburcovat k&nbsp;tomu, aby se neb\u00e1li a z\u00e1vodili. Pak u\u017e je jedno jestli je n\u011bkdo patn\u00e1ct\u00fd nebo padne na pades\u00e1tou p\u0159\u00ed\u010dku, ale poj\u010fme zkusit bojovat a mo\u017en\u00e1, \u017ee d\u00edky tomu \u010dlov\u011bk sko\u010d\u00ed do p\u011btky. Z\u00edtra je t\u011b\u017ek\u00fd den a my budeme bojovat,\u201c&nbsp;<\/em>dodal odhodlan\u011b Tom\u00e1\u0161 Kone\u010dn\u00fd.<\/p>\n\n\n\n<figure class=\"wp-block-image size-large\"><img loading=\"lazy\" decoding=\"async\" width=\"1024\" height=\"682\" src=\"https:\/\/www.czechcyclingfederation.com\/wp-content\/uploads\/2021\/08\/210828_3-et_004-1024x682.jpg\" alt=\"\" class=\"wp-image-9132\" srcset=\"https:\/\/www.czechcyclingfederation.com\/wp-content\/uploads\/2021\/08\/210828_3-et_004-1024x682.jpg 1024w, https:\/\/www.czechcyclingfederation.com\/wp-content\/uploads\/2021\/08\/210828_3-et_004-300x200.jpg 300w, https:\/\/www.czechcyclingfederation.com\/wp-content\/uploads\/2021\/08\/210828_3-et_004-768x512.jpg 768w, https:\/\/www.czechcyclingfederation.com\/wp-content\/uploads\/2021\/08\/210828_3-et_004-1536x1024.jpg 1536w, https:\/\/www.czechcyclingfederation.com\/wp-content\/uploads\/2021\/08\/210828_3-et_004-1320x880.jpg 1320w, https:\/\/www.czechcyclingfederation.com\/wp-content\/uploads\/2021\/08\/210828_3-et_004.jpg 2000w\" sizes=\"auto, (max-width: 1024px) 100vw, 1024px\" \/><figcaption>Foto: Patrik P\u00e1tek\/PatRESS<\/figcaption><\/figure>\n","protected":false},"excerpt":{"rendered":"<p>Aktu\u00e1ln\u00ed l\u00eddr leto\u0161n\u00edho ji\u017e 49. ro\u010dn\u00edku Z\u00e1vodu m\u00edru juniorsk\u00e9 kategorie nad\u00e1le potvrzuje svou formu. Norsk\u00fd reprezentant Per Strand Hagenes ovl\u00e1dl sice sobotn\u00ed etapu, nic lehk\u00e9ho to pro n\u011bj v\u0161ak nebylo. Na c\u00edlov\u00e9 p\u00e1sce jej d\u011blily milimetry p\u0159ed druh\u00fdm N\u011bmcem Emilem Herzogem. I d\u00edky vyost\u0159en\u00e9mu fini\u0161i m\u00e1me postar\u00e1no o p\u011bknou z\u00e1pletku do z\u00e1v\u011bre\u010dn\u00e9ho peletonu. Dnes to [&hellip;]<\/p>\n","protected":false},"author":3,"featured_media":9130,"comment_status":"closed","ping_status":"open","sticky":false,"template":"","format":"standard","meta":{"footnotes":""},"categories":[2,18],"tags":[11],"class_list":["post-9129","post","type-post","status-publish","format-standard","has-post-thumbnail","hentry","category-novinky","category-silnice","tag-silnice"],"_links":{"self":[{"href":"https:\/\/www.czechcyclingfederation.com\/en\/wp-json\/wp\/v2\/posts\/9129","targetHints":{"allow":["GET"]}}],"collection":[{"href":"https:\/\/www.czechcyclingfederation.com\/en\/wp-json\/wp\/v2\/posts"}],"about":[{"href":"https:\/\/www.czechcyclingfederation.com\/en\/wp-json\/wp\/v2\/types\/post"}],"author":[{"embeddable":true,"href":"https:\/\/www.czechcyclingfederation.com\/en\/wp-json\/wp\/v2\/users\/3"}],"replies":[{"embeddable":true,"href":"https:\/\/www.czechcyclingfederation.com\/en\/wp-json\/wp\/v2\/comments?post=9129"}],"version-history":[{"count":1,"href":"https:\/\/www.czechcyclingfederation.com\/en\/wp-json\/wp\/v2\/posts\/9129\/revisions"}],"predecessor-version":[{"id":9133,"href":"https:\/\/www.czechcyclingfederation.com\/en\/wp-json\/wp\/v2\/posts\/9129\/revisions\/9133"}],"wp:featuredmedia":[{"embeddable":true,"href":"https:\/\/www.czechcyclingfederation.com\/en\/wp-json\/wp\/v2\/media\/9130"}],"wp:attachment":[{"href":"https:\/\/www.czechcyclingfederation.com\/en\/wp-json\/wp\/v2\/media?parent=9129"}],"wp:term":[{"taxonomy":"category","embeddable":true,"href":"https:\/\/www.czechcyclingfederation.com\/en\/wp-json\/wp\/v2\/categories?post=9129"},{"taxonomy":"post_tag","embeddable":true,"href":"https:\/\/www.czechcyclingfederation.com\/en\/wp-json\/wp\/v2\/tags?post=9129"}],"curies":[{"name":"wp","href":"https:\/\/api.w.org\/{rel}","templated":true}]}}