{"id":9106,"date":"2021-08-28T22:33:55","date_gmt":"2021-08-28T20:33:55","guid":{"rendered":"https:\/\/www.czechcyclingfederation.com\/?p=9106"},"modified":"2021-08-29T12:23:17","modified_gmt":"2021-08-29T10:23:17","slug":"na-memorialu-otmara-malecka-cesi-bez-medaili","status":"publish","type":"post","link":"https:\/\/www.czechcyclingfederation.com\/en\/na-memorialu-otmara-malecka-cesi-bez-medaili\/","title":{"rendered":"Na Memori\u00e1lu Otmara Male\u010dka Babor a  Pszczolarski t\u0159et\u00ed v madisonu"},"content":{"rendered":"\n<p>Druh\u00fd den tradi\u010dn\u00edho dr\u00e1hov\u00e9ho kl\u00e1n\u00ed GP Prost\u011bjov &#8211; Memori\u00e1l Otmara Male\u010dka se z \u010desk\u00fdch jezdc\u016f prosadil na stupn\u011b v\u00edt\u011bz\u016f pouze Danil Babor z TUFO Pardus Prost\u011bjov. Spolu se sv\u00fdm odd\u00edlov\u00fdm kolegou Pol\u00e1kem Wojciechem Pszczolarskim skon\u010dili t\u0159et\u00ed v madisonu. Zv\u00edt\u011bzili Nizozemci Philip Heijnen a Vincent Hoppezak.<\/p>\n\n\n\n<p>Bl\u00edzko medaili m\u011bl i Jakub \u0160\u0165astn\u00fd z Dukly Brno, kter\u00fd mezi sprintery obsadil \u010dtvrt\u00e9 m\u00edsto, z v\u00edt\u011bzstv\u00ed se radoval Novoz\u00e9lan\u010fan Jordan Castle.<\/p>\n\n\n\n<p>Bodovac\u00ed z\u00e1vod vyhr\u00e1l italsk\u00fd jezdec Matteo Donega, nejlep\u0161\u00ed z dom\u00e1c\u00edch dr\u00e1ha\u0159\u016f byl Nicocolas Pietrula z Dukly Praha na sedm\u00e9m m\u00edst\u011b. Pietrula byl je\u0161t\u011b spolu s Denisem Rugovacem \u010dtvrt\u00fd v madisonu.Ve v\u00edt\u011bzn\u00e9m ta\u017een\u00ed pokra\u010dovala Polka Nikol Plosajov\u00e1, kter\u00e1 jasn\u011b kralovala v omniu, scratch jezdc\u016f kategorie U23 se stal ko\u0159ist\u00ed Heijnena.<\/p>\n\n\n\n<p>V\u00fdsledky:<\/p>\n\n\n\n<p>Mu\u017ei:<\/p>\n\n\n\n<p>Sprint:<\/p>\n\n\n\n<p>1. Castle (N. Z\u00e9l.), 2. Szalontay (Ma\u010f.), 3. Kalogeropoulos (\u0158ec.), 4. Jakub \u0160\u0165astn\u00fd, 5. Bohusl\u00e1vek (oba Dukla Brno), 6. Szabo (Rum.).<\/p>\n\n\n\n<p>Bodovac\u00ed z\u00e1vod:<\/p>\n\n\n\n<p>1. Donega (It.) 26, 2. Mendez (Arg.) 18, 3. Crista (Rum.) 16, 4. Filut\u00e1s (Ma\u010f.) 12, 5. Heijnen (Niz.) 10, 6. Lezica (Arg.) 8, 7. Pietrula (Dukla Praha) 6.<\/p>\n\n\n\n<p>Madison:<\/p>\n\n\n\n<ol class=\"wp-block-list\"><li>Heijnen, Hoppezak (Niz.) 37, 2. Donega, Simion (It.) 28, 3. Babor, Pszczolarski (Tufo Pardus Prost\u011bjov\/Pol.-Tufo Pardus Prost\u011bjov) 21, 4. Rugovac, Pietrula (Dukla Praha) 12, 5. Lezica, Mendez (Arg.) 11, 6. Hansen, van der Veekens (D\u00e1n.\/Niz.) 10.<\/li><\/ol>\n\n\n\n<p>Mu\u017ei U23:<\/p>\n\n\n\n<p>Scrtatch:<\/p>\n\n\n\n<p>1. Heijnen, 2. Chren (SR), 3. Dinmukhametov (Kaz.), 4. Sm\u00e9kal (Tufo Pardus Prost\u011bjov).<\/p>\n\n\n\n<p>\u017deny:<\/p>\n\n\n\n<p>Omnium:<\/p>\n\n\n\n<p>1. Plosajov\u00e1 (Pol.) 145, 2. Eberhardtov\u00e1 (Rak.) 116, 3. de Zoeteov\u00e1 (Niz.) 114, &#8230;10.&nbsp; Hejhalov\u00e1 (Dukla Praha) 68.<\/p>\n\n\n\n<p>FOTO Jan Brychta<\/p>\n\n\n\n<figure class=\"wp-block-image size-large\"><img loading=\"lazy\" decoding=\"async\" width=\"1024\" height=\"684\" src=\"https:\/\/www.czechcyclingfederation.com\/wp-content\/uploads\/2021\/08\/BrychtaJan_MOM_20210827_162221_DSC_3759-1024x684.jpg\" alt=\"\" class=\"wp-image-9108\" srcset=\"https:\/\/www.czechcyclingfederation.com\/wp-content\/uploads\/2021\/08\/BrychtaJan_MOM_20210827_162221_DSC_3759-1024x684.jpg 1024w, https:\/\/www.czechcyclingfederation.com\/wp-content\/uploads\/2021\/08\/BrychtaJan_MOM_20210827_162221_DSC_3759-300x200.jpg 300w, https:\/\/www.czechcyclingfederation.com\/wp-content\/uploads\/2021\/08\/BrychtaJan_MOM_20210827_162221_DSC_3759-768x513.jpg 768w, https:\/\/www.czechcyclingfederation.com\/wp-content\/uploads\/2021\/08\/BrychtaJan_MOM_20210827_162221_DSC_3759-1536x1025.jpg 1536w, https:\/\/www.czechcyclingfederation.com\/wp-content\/uploads\/2021\/08\/BrychtaJan_MOM_20210827_162221_DSC_3759-1320x881.jpg 1320w, https:\/\/www.czechcyclingfederation.com\/wp-content\/uploads\/2021\/08\/BrychtaJan_MOM_20210827_162221_DSC_3759.jpg 2000w\" sizes=\"auto, (max-width: 1024px) 100vw, 1024px\" \/><\/figure>\n\n\n\n<figure class=\"wp-block-image size-large\"><img loading=\"lazy\" decoding=\"async\" width=\"1024\" height=\"681\" src=\"https:\/\/www.czechcyclingfederation.com\/wp-content\/uploads\/2021\/08\/BrychtaJan_MOM_20210827_162328_DSC_3581-1024x681.jpg\" alt=\"\" class=\"wp-image-9109\" srcset=\"https:\/\/www.czechcyclingfederation.com\/wp-content\/uploads\/2021\/08\/BrychtaJan_MOM_20210827_162328_DSC_3581-1024x681.jpg 1024w, https:\/\/www.czechcyclingfederation.com\/wp-content\/uploads\/2021\/08\/BrychtaJan_MOM_20210827_162328_DSC_3581-300x200.jpg 300w, https:\/\/www.czechcyclingfederation.com\/wp-content\/uploads\/2021\/08\/BrychtaJan_MOM_20210827_162328_DSC_3581-768x511.jpg 768w, https:\/\/www.czechcyclingfederation.com\/wp-content\/uploads\/2021\/08\/BrychtaJan_MOM_20210827_162328_DSC_3581-1536x1022.jpg 1536w, https:\/\/www.czechcyclingfederation.com\/wp-content\/uploads\/2021\/08\/BrychtaJan_MOM_20210827_162328_DSC_3581-1320x878.jpg 1320w, https:\/\/www.czechcyclingfederation.com\/wp-content\/uploads\/2021\/08\/BrychtaJan_MOM_20210827_162328_DSC_3581.jpg 2000w\" sizes=\"auto, (max-width: 1024px) 100vw, 1024px\" \/><\/figure>\n\n\n\n<figure class=\"wp-block-image size-large\"><img loading=\"lazy\" decoding=\"async\" width=\"1024\" height=\"681\" src=\"https:\/\/www.czechcyclingfederation.com\/wp-content\/uploads\/2021\/08\/BrychtaJan_MOM_20210827_181103_DSC_3708-1024x681.jpg\" alt=\"\" class=\"wp-image-9110\" srcset=\"https:\/\/www.czechcyclingfederation.com\/wp-content\/uploads\/2021\/08\/BrychtaJan_MOM_20210827_181103_DSC_3708-1024x681.jpg 1024w, https:\/\/www.czechcyclingfederation.com\/wp-content\/uploads\/2021\/08\/BrychtaJan_MOM_20210827_181103_DSC_3708-300x200.jpg 300w, https:\/\/www.czechcyclingfederation.com\/wp-content\/uploads\/2021\/08\/BrychtaJan_MOM_20210827_181103_DSC_3708-768x511.jpg 768w, https:\/\/www.czechcyclingfederation.com\/wp-content\/uploads\/2021\/08\/BrychtaJan_MOM_20210827_181103_DSC_3708-1536x1022.jpg 1536w, https:\/\/www.czechcyclingfederation.com\/wp-content\/uploads\/2021\/08\/BrychtaJan_MOM_20210827_181103_DSC_3708-1320x878.jpg 1320w, https:\/\/www.czechcyclingfederation.com\/wp-content\/uploads\/2021\/08\/BrychtaJan_MOM_20210827_181103_DSC_3708.jpg 2000w\" sizes=\"auto, (max-width: 1024px) 100vw, 1024px\" \/><\/figure>\n\n\n\n<figure class=\"wp-block-image size-large\"><img loading=\"lazy\" decoding=\"async\" width=\"1024\" height=\"681\" src=\"https:\/\/www.czechcyclingfederation.com\/wp-content\/uploads\/2021\/08\/BrychtaJan_MOM_20210828_210922_DSC_5373-1024x681.jpg\" alt=\"\" class=\"wp-image-9118\" srcset=\"https:\/\/www.czechcyclingfederation.com\/wp-content\/uploads\/2021\/08\/BrychtaJan_MOM_20210828_210922_DSC_5373-1024x681.jpg 1024w, https:\/\/www.czechcyclingfederation.com\/wp-content\/uploads\/2021\/08\/BrychtaJan_MOM_20210828_210922_DSC_5373-300x200.jpg 300w, https:\/\/www.czechcyclingfederation.com\/wp-content\/uploads\/2021\/08\/BrychtaJan_MOM_20210828_210922_DSC_5373-768x511.jpg 768w, https:\/\/www.czechcyclingfederation.com\/wp-content\/uploads\/2021\/08\/BrychtaJan_MOM_20210828_210922_DSC_5373-1536x1022.jpg 1536w, https:\/\/www.czechcyclingfederation.com\/wp-content\/uploads\/2021\/08\/BrychtaJan_MOM_20210828_210922_DSC_5373-1320x878.jpg 1320w, https:\/\/www.czechcyclingfederation.com\/wp-content\/uploads\/2021\/08\/BrychtaJan_MOM_20210828_210922_DSC_5373.jpg 2000w\" sizes=\"auto, (max-width: 1024px) 100vw, 1024px\" \/><\/figure>\n\n\n","protected":false},"excerpt":{"rendered":"<p>Druh\u00fd den tradi\u010dn\u00edho dr\u00e1hov\u00e9ho kl\u00e1n\u00ed GP Prost\u011bjov &#8211; Memori\u00e1l Otmara Male\u010dka se z \u010desk\u00fdch jezdc\u016f prosadil na stupn\u011b v\u00edt\u011bz\u016f pouze Danil Babor z TUFO Pardus Prost\u011bjov. Spolu se sv\u00fdm odd\u00edlov\u00fdm kolegou Pol\u00e1kem Wojciechem Pszczolarskim skon\u010dili t\u0159et\u00ed v madisonu. Zv\u00edt\u011bzili Nizozemci Philip Heijnen a Vincent Hoppezak. Bl\u00edzko medaili m\u011bl i Jakub \u0160\u0165astn\u00fd z Dukly Brno, kter\u00fd [&hellip;]<\/p>\n","protected":false},"author":8,"featured_media":9117,"comment_status":"closed","ping_status":"open","sticky":false,"template":"","format":"standard","meta":{"footnotes":""},"categories":[54,2],"tags":[9],"class_list":["post-9106","post","type-post","status-publish","format-standard","has-post-thumbnail","hentry","category-draha","category-novinky","tag-draha"],"_links":{"self":[{"href":"https:\/\/www.czechcyclingfederation.com\/en\/wp-json\/wp\/v2\/posts\/9106","targetHints":{"allow":["GET"]}}],"collection":[{"href":"https:\/\/www.czechcyclingfederation.com\/en\/wp-json\/wp\/v2\/posts"}],"about":[{"href":"https:\/\/www.czechcyclingfederation.com\/en\/wp-json\/wp\/v2\/types\/post"}],"author":[{"embeddable":true,"href":"https:\/\/www.czechcyclingfederation.com\/en\/wp-json\/wp\/v2\/users\/8"}],"replies":[{"embeddable":true,"href":"https:\/\/www.czechcyclingfederation.com\/en\/wp-json\/wp\/v2\/comments?post=9106"}],"version-history":[{"count":2,"href":"https:\/\/www.czechcyclingfederation.com\/en\/wp-json\/wp\/v2\/posts\/9106\/revisions"}],"predecessor-version":[{"id":9119,"href":"https:\/\/www.czechcyclingfederation.com\/en\/wp-json\/wp\/v2\/posts\/9106\/revisions\/9119"}],"wp:featuredmedia":[{"embeddable":true,"href":"https:\/\/www.czechcyclingfederation.com\/en\/wp-json\/wp\/v2\/media\/9117"}],"wp:attachment":[{"href":"https:\/\/www.czechcyclingfederation.com\/en\/wp-json\/wp\/v2\/media?parent=9106"}],"wp:term":[{"taxonomy":"category","embeddable":true,"href":"https:\/\/www.czechcyclingfederation.com\/en\/wp-json\/wp\/v2\/categories?post=9106"},{"taxonomy":"post_tag","embeddable":true,"href":"https:\/\/www.czechcyclingfederation.com\/en\/wp-json\/wp\/v2\/tags?post=9106"}],"curies":[{"name":"wp","href":"https:\/\/api.w.org\/{rel}","templated":true}]}}