{"id":9082,"date":"2021-08-28T12:25:13","date_gmt":"2021-08-28T10:25:13","guid":{"rendered":"https:\/\/www.czechcyclingfederation.com\/?p=9082"},"modified":"2021-08-31T12:56:18","modified_gmt":"2021-08-31T10:56:18","slug":"koblasa-na-paralympiade-podruhe-v-top10-na-kilometru-skoncil-sesty","status":"publish","type":"post","link":"https:\/\/www.czechcyclingfederation.com\/en\/koblasa-na-paralympiade-podruhe-v-top10-na-kilometru-skoncil-sesty\/","title":{"rendered":"Koblasa na kilometru s pevn\u00fdm startem skon\u010dil \u0161estn\u00e1ct\u00fd"},"content":{"rendered":"\n<p>\u010cesk\u00fd paracyklista Ivo Koblasa vstoupil do sout\u011b\u017e\u00ed v Tokiu skv\u011bl\u00fdm sedm\u00fdm m\u00edstem ve st\u00edha\u010dce. V druh\u00e9 discipl\u00edn\u011b se um\u00edstil ve slou\u010den\u00e9m z\u00e1vodu na 1 km s pevn\u00fdm startem na 16 m\u00edst\u011b.<\/p>\n\n\n\n<p>Koblasa, podobn\u011b jako ve st\u00edha\u010dce, atakoval n\u00e1rodn\u00ed rekord. \u010casem 1:17.287 za n\u00edm nakonec o mnoho nezaostal a po dojet\u00ed v\u0161ech z\u00e1vodn\u00edk\u016f mohl slavit ve sv\u00e9 kategorii C2 \u0161estou p\u0159\u00ed\u010dku, po p\u0159epo\u010d\u00edt\u00e1n\u00ed faktorem se \u010dasem 1:12,619 za\u0159adil na celkov\u00e9 \u0161estn\u00e1ct\u00e9 m\u00edsto. <\/p>\n\n\n\n<p>\u201e<em>S v\u00fdkonem Iva na paralympi\u00e1d\u011b jsem pom\u011brn\u011b spokojen\u00fd. Kilometr s pevn\u00fdm startem jel, stejn\u011b jako st\u00edha\u010dku, na hranici \u010desk\u00e9ho rekordu, kter\u00fd s\u00e1m vlastn\u00ed. Uk\u00e1zal vysokou v\u00fdkonnost<\/em>,\u201c \u0159ekl pochvaln\u011b na adresu osmadvacetilet\u00e9ho jezdce p\u0159\u00edmo z Tokia tren\u00e9r Luk\u00e1\u0161 Petr.<\/p>\n\n\n\n<p>Nad\u0161en\u00ed neskr\u00fdval po z\u00e1vod\u011b ani s\u00e1m Ivo: \u201eV\u00fdkon na kilometru s pevn\u00fdm startem hodnot\u00edm v\u00fdborn\u011b,\u201c liboval si brn\u011bnsk\u00fd rod\u00e1k. \u201eUm\u00edst\u011bn\u00ed na kilometru a sedm\u00e9 ve st\u00edha\u010dce m\u011b posouvaj\u00ed ve sv\u011btov\u00e9m dr\u00e1ha\u0159sk\u00e9m \u017eeb\u0159\u00ed\u010dku, kde jsem byl dote\u010f jeden\u00e1ct\u00fd.\u201c<\/p>\n\n\n\n<p>Ani po dvou poveden\u00fdch p\u0159edstaven\u00edch ale Koblasova pou\u0165 paralympijsk\u00fdm Tokiem zdaleka nekon\u010d\u00ed. \u201eBrzy n\u00e1s \u010dek\u00e1 \u010dasovka a posl\u00e9ze i silni\u010dn\u00ed z\u00e1vod. Douf\u00e1m, \u017ee se Ivo rozjel do rychla a \u017ee to zu\u017eitkuje,\u201c v\u011b\u0159\u00ed tren\u00e9r Petr.<\/p>\n\n\n\n<p>V\u00fdsledky:<\/p>\n\n\n\n<p>1 LI Zhangyu             C1      CHN       1:08.347 WR       93.46       1:03.877<br>2 LEAUTE Alexandre C2       FRA        1:09.211 WR       93.96       1:05.031<br>3 Van GASS Jaco       C3      GBR        1:05.569 WR     100.00       1:05.569<\/p>\n\n\n\n<p>16 KOBLASA Ivo       C2       CZE        1:17.287              93.96       1:12.619<\/p>\n\n\n\n<p>Celkov\u00e9 v\u00fdsledky : <a href=\"https:\/\/olympics.com\/tokyo-2020\/paralympic-games\/resPG2020-\/pdf\/PG2020-\/CTR\/PG2020-_CTR_C73C_CTRMKILO----03030-----FNL---------.pdf\" data-type=\"URL\" data-id=\"https:\/\/olympics.com\/tokyo-2020\/paralympic-games\/resPG2020-\/pdf\/PG2020-\/CTR\/PG2020-_CTR_C73C_CTRMKILO----03030-----FNL---------.pdf\">ZDE<\/a><\/p>\n\n\n\n<figure class=\"wp-block-image size-large\"><img loading=\"lazy\" decoding=\"async\" width=\"1024\" height=\"768\" src=\"http:\/\/www.czechcyclingfederation.com\/wp-content\/uploads\/2021\/08\/index1-1024x768.jpg\" alt=\"\" class=\"wp-image-9085\" srcset=\"https:\/\/www.czechcyclingfederation.com\/wp-content\/uploads\/2021\/08\/index1-1024x768.jpg 1024w, https:\/\/www.czechcyclingfederation.com\/wp-content\/uploads\/2021\/08\/index1-267x200.jpg 267w, https:\/\/www.czechcyclingfederation.com\/wp-content\/uploads\/2021\/08\/index1-768x576.jpg 768w, https:\/\/www.czechcyclingfederation.com\/wp-content\/uploads\/2021\/08\/index1-1536x1152.jpg 1536w, https:\/\/www.czechcyclingfederation.com\/wp-content\/uploads\/2021\/08\/index1-1320x990.jpg 1320w, https:\/\/www.czechcyclingfederation.com\/wp-content\/uploads\/2021\/08\/index1.jpg 2016w\" sizes=\"auto, (max-width: 1024px) 100vw, 1024px\" \/><\/figure>\n\n\n\n<figure class=\"wp-block-image size-large\"><img loading=\"lazy\" decoding=\"async\" width=\"1024\" height=\"768\" src=\"http:\/\/www.czechcyclingfederation.com\/wp-content\/uploads\/2021\/08\/index-1024x768.jpg\" alt=\"\" class=\"wp-image-9086\" srcset=\"https:\/\/www.czechcyclingfederation.com\/wp-content\/uploads\/2021\/08\/index-1024x768.jpg 1024w, https:\/\/www.czechcyclingfederation.com\/wp-content\/uploads\/2021\/08\/index-267x200.jpg 267w, https:\/\/www.czechcyclingfederation.com\/wp-content\/uploads\/2021\/08\/index-768x576.jpg 768w, https:\/\/www.czechcyclingfederation.com\/wp-content\/uploads\/2021\/08\/index-1536x1152.jpg 1536w, https:\/\/www.czechcyclingfederation.com\/wp-content\/uploads\/2021\/08\/index-1320x990.jpg 1320w, https:\/\/www.czechcyclingfederation.com\/wp-content\/uploads\/2021\/08\/index.jpg 2016w\" sizes=\"auto, (max-width: 1024px) 100vw, 1024px\" \/><\/figure>\n\n\n\n<p><\/p>\n","protected":false},"excerpt":{"rendered":"<p>\u010cesk\u00fd paracyklista Ivo Koblasa vstoupil do sout\u011b\u017e\u00ed v Tokiu skv\u011bl\u00fdm sedm\u00fdm m\u00edstem ve st\u00edha\u010dce. V druh\u00e9 discipl\u00edn\u011b se um\u00edstil ve slou\u010den\u00e9m z\u00e1vodu na 1 km s pevn\u00fdm startem na 16 m\u00edst\u011b. Koblasa, podobn\u011b jako ve st\u00edha\u010dce, atakoval n\u00e1rodn\u00ed rekord. \u010casem 1:17.287 za n\u00edm nakonec o mnoho nezaostal a po dojet\u00ed v\u0161ech z\u00e1vodn\u00edk\u016f mohl slavit ve [&hellip;]<\/p>\n","protected":false},"author":1,"featured_media":9084,"comment_status":"closed","ping_status":"open","sticky":false,"template":"","format":"standard","meta":{"footnotes":""},"categories":[54,2,99],"tags":[62],"class_list":["post-9082","post","type-post","status-publish","format-standard","has-post-thumbnail","hentry","category-draha","category-novinky","category-paracyklistika","tag-paracyklistika"],"_links":{"self":[{"href":"https:\/\/www.czechcyclingfederation.com\/en\/wp-json\/wp\/v2\/posts\/9082","targetHints":{"allow":["GET"]}}],"collection":[{"href":"https:\/\/www.czechcyclingfederation.com\/en\/wp-json\/wp\/v2\/posts"}],"about":[{"href":"https:\/\/www.czechcyclingfederation.com\/en\/wp-json\/wp\/v2\/types\/post"}],"author":[{"embeddable":true,"href":"https:\/\/www.czechcyclingfederation.com\/en\/wp-json\/wp\/v2\/users\/1"}],"replies":[{"embeddable":true,"href":"https:\/\/www.czechcyclingfederation.com\/en\/wp-json\/wp\/v2\/comments?post=9082"}],"version-history":[{"count":8,"href":"https:\/\/www.czechcyclingfederation.com\/en\/wp-json\/wp\/v2\/posts\/9082\/revisions"}],"predecessor-version":[{"id":9347,"href":"https:\/\/www.czechcyclingfederation.com\/en\/wp-json\/wp\/v2\/posts\/9082\/revisions\/9347"}],"wp:featuredmedia":[{"embeddable":true,"href":"https:\/\/www.czechcyclingfederation.com\/en\/wp-json\/wp\/v2\/media\/9084"}],"wp:attachment":[{"href":"https:\/\/www.czechcyclingfederation.com\/en\/wp-json\/wp\/v2\/media?parent=9082"}],"wp:term":[{"taxonomy":"category","embeddable":true,"href":"https:\/\/www.czechcyclingfederation.com\/en\/wp-json\/wp\/v2\/categories?post=9082"},{"taxonomy":"post_tag","embeddable":true,"href":"https:\/\/www.czechcyclingfederation.com\/en\/wp-json\/wp\/v2\/tags?post=9082"}],"curies":[{"name":"wp","href":"https:\/\/api.w.org\/{rel}","templated":true}]}}