{"id":9062,"date":"2021-08-27T21:50:54","date_gmt":"2021-08-27T19:50:54","guid":{"rendered":"https:\/\/www.czechcyclingfederation.com\/?p=9062"},"modified":"2021-08-27T21:50:56","modified_gmt":"2021-08-27T19:50:56","slug":"sprinter-stastny-treti-na-memorialu-otmara-malecka","status":"publish","type":"post","link":"https:\/\/www.czechcyclingfederation.com\/en\/sprinter-stastny-treti-na-memorialu-otmara-malecka\/","title":{"rendered":"Sprinter \u0160\u0165astn\u00fd t\u0159et\u00ed na Memori\u00e1lu Otmara Male\u010dka"},"content":{"rendered":"\n<p>Jedin\u00e9 p\u00f3diov\u00e9 um\u00edst\u011bn\u00ed v \u00favodn\u00ed den Grand Prix Prost\u011bjov &#8211; Memori\u00e1lu Otmara Male\u010dka vybojoval pro \u010desk\u00e9 barvy sprinter Jakub \u0160\u0165astn\u00fd z Dukly Brno v keirinu. V n\u011bm byl nejlep\u0161\u00ed S\u00e1ndor Szalontay z Ma\u010farska.<\/p>\n\n\n\n<p>&nbsp;V dal\u0161\u00ed olympijsk\u00e9 discipl\u00edn\u011b omniu kraloval d\u00e1nsk\u00fd jezdec Matias Malmberg a zopakoval tak sv\u00e9 prvenstv\u00ed z \u00fatern\u00edho GP Olomouck\u00e9ho kraje, nejlep\u0161\u00edm \u010dek\u00fdm jezdcem byl Denis Rugovac (Dukla Praha), ale obsadil a\u017e jeden\u00e1ct\u00e9 m\u00edsto.<\/p>\n\n\n\n<p>Mezi \u017eenami z\u00e1\u0159ila polsk\u00e1 dr\u00e1ha\u0159ka Nikol Plosajov\u00e1 &#8211; vyhr\u00e1la scaratch, spolu se svoji krajankou Wiktori\u00ed Polakovou i madison a v bodovac\u00edm z\u00e1vodu byla druh\u00e1.<\/p>\n\n\n\n<p>V\u00fdsledky:<\/p>\n\n\n\n<p>Mu\u017ei:<\/p>\n\n\n\n<p>Omnium:<\/p>\n\n\n\n<p>1. Malmberg (D\u00e1n.) 137, 2. Hoppezak (Niz.) 121, 3. Donega (It.) 111, 4. Heijnen (Niz.) 107, 5. Simion (It.) 107, 6. van der Veekens (Niz.) 86, &#8230;11. Rugovac (Dukla Praha) 56.<\/p>\n\n\n\n<p>Keirin:<\/p>\n\n\n\n<p>1. Szalontay&nbsp; (Ma\u010f.), 2. Castle (N. Z\u00e9l.), 3. \u0160\u0165astn\u00fd (Dukla Brno), 4. Lovassy (Ma\u010f.), 5. Topinka, 6. Bohusl\u00e1vek (oba Dukla Brno).<\/p>\n\n\n\n<p>\u017deny:<\/p>\n\n\n\n<p>Madison:<\/p>\n\n\n\n<p>1. Polakov\u00e1, Plosajov\u00e1 (Pol.) 59, 2. Affaticatiov\u00e1, Selvaov\u00e1 (It.) 25, 3. de Zoeteov\u00e1, Eickhofov\u00e1 (Niz.) 22.<\/p>\n\n\n\n<p>Scratch:<\/p>\n\n\n\n<p>1. Plosajov\u00e1, 2. Ba\u010d\u00edkov\u00e1 (SR), 3. Selvaov\u00e1, 4. de Zoeteov\u00e1, 5. Olejniczakov\u00e1 (Pol.), 6. Eberhardtov\u00e1 (Rak.), &#8230;9. Hejhalov\u00e1 (Dukla Praha).<\/p>\n\n\n\n<p>Bodovac\u00ed z\u00e1vod:<\/p>\n\n\n\n<p>1. Eickhofov\u00e1 37, 2. Plosajov\u00e1 23, 3. Kowalsk\u00e1 (Pol.), &#8230;10. Hejhalov\u00e1 1.<\/p>\n\n\n\n<p>FOTO Jan Brychta<\/p>\n\n\n\n<figure class=\"wp-block-image size-large\"><img loading=\"lazy\" decoding=\"async\" width=\"1024\" height=\"681\" src=\"https:\/\/www.czechcyclingfederation.com\/wp-content\/uploads\/2021\/08\/BrychtaJan_MOM_20210827_180953_DSC_3705-1024x681.jpg\" alt=\"\" class=\"wp-image-9064\" srcset=\"https:\/\/www.czechcyclingfederation.com\/wp-content\/uploads\/2021\/08\/BrychtaJan_MOM_20210827_180953_DSC_3705-1024x681.jpg 1024w, https:\/\/www.czechcyclingfederation.com\/wp-content\/uploads\/2021\/08\/BrychtaJan_MOM_20210827_180953_DSC_3705-300x200.jpg 300w, https:\/\/www.czechcyclingfederation.com\/wp-content\/uploads\/2021\/08\/BrychtaJan_MOM_20210827_180953_DSC_3705-768x511.jpg 768w, https:\/\/www.czechcyclingfederation.com\/wp-content\/uploads\/2021\/08\/BrychtaJan_MOM_20210827_180953_DSC_3705-1536x1022.jpg 1536w, https:\/\/www.czechcyclingfederation.com\/wp-content\/uploads\/2021\/08\/BrychtaJan_MOM_20210827_180953_DSC_3705-1320x878.jpg 1320w, https:\/\/www.czechcyclingfederation.com\/wp-content\/uploads\/2021\/08\/BrychtaJan_MOM_20210827_180953_DSC_3705.jpg 2000w\" sizes=\"auto, (max-width: 1024px) 100vw, 1024px\" \/><\/figure>\n\n\n\n<figure class=\"wp-block-image size-large\"><img loading=\"lazy\" decoding=\"async\" width=\"1024\" height=\"681\" src=\"https:\/\/www.czechcyclingfederation.com\/wp-content\/uploads\/2021\/08\/BrychtaJan_MOM_20210827_183133_DSC_3838-1024x681.jpg\" alt=\"\" class=\"wp-image-9065\" srcset=\"https:\/\/www.czechcyclingfederation.com\/wp-content\/uploads\/2021\/08\/BrychtaJan_MOM_20210827_183133_DSC_3838-1024x681.jpg 1024w, https:\/\/www.czechcyclingfederation.com\/wp-content\/uploads\/2021\/08\/BrychtaJan_MOM_20210827_183133_DSC_3838-300x200.jpg 300w, https:\/\/www.czechcyclingfederation.com\/wp-content\/uploads\/2021\/08\/BrychtaJan_MOM_20210827_183133_DSC_3838-768x511.jpg 768w, https:\/\/www.czechcyclingfederation.com\/wp-content\/uploads\/2021\/08\/BrychtaJan_MOM_20210827_183133_DSC_3838-1536x1022.jpg 1536w, https:\/\/www.czechcyclingfederation.com\/wp-content\/uploads\/2021\/08\/BrychtaJan_MOM_20210827_183133_DSC_3838-1320x878.jpg 1320w, https:\/\/www.czechcyclingfederation.com\/wp-content\/uploads\/2021\/08\/BrychtaJan_MOM_20210827_183133_DSC_3838.jpg 2000w\" sizes=\"auto, (max-width: 1024px) 100vw, 1024px\" \/><\/figure>\n","protected":false},"excerpt":{"rendered":"<p>Jedin\u00e9 p\u00f3diov\u00e9 um\u00edst\u011bn\u00ed v \u00favodn\u00ed den Grand Prix Prost\u011bjov &#8211; Memori\u00e1lu Otmara Male\u010dka vybojoval pro \u010desk\u00e9 barvy sprinter Jakub \u0160\u0165astn\u00fd z Dukly Brno v keirinu. V n\u011bm byl nejlep\u0161\u00ed S\u00e1ndor Szalontay z Ma\u010farska. &nbsp;V dal\u0161\u00ed olympijsk\u00e9 discipl\u00edn\u011b omniu kraloval d\u00e1nsk\u00fd jezdec Matias Malmberg a zopakoval tak sv\u00e9 prvenstv\u00ed z \u00fatern\u00edho GP Olomouck\u00e9ho kraje, nejlep\u0161\u00edm \u010dek\u00fdm [&hellip;]<\/p>\n","protected":false},"author":8,"featured_media":9063,"comment_status":"closed","ping_status":"open","sticky":false,"template":"","format":"standard","meta":{"footnotes":""},"categories":[54,2],"tags":[9],"class_list":["post-9062","post","type-post","status-publish","format-standard","has-post-thumbnail","hentry","category-draha","category-novinky","tag-draha"],"_links":{"self":[{"href":"https:\/\/www.czechcyclingfederation.com\/en\/wp-json\/wp\/v2\/posts\/9062","targetHints":{"allow":["GET"]}}],"collection":[{"href":"https:\/\/www.czechcyclingfederation.com\/en\/wp-json\/wp\/v2\/posts"}],"about":[{"href":"https:\/\/www.czechcyclingfederation.com\/en\/wp-json\/wp\/v2\/types\/post"}],"author":[{"embeddable":true,"href":"https:\/\/www.czechcyclingfederation.com\/en\/wp-json\/wp\/v2\/users\/8"}],"replies":[{"embeddable":true,"href":"https:\/\/www.czechcyclingfederation.com\/en\/wp-json\/wp\/v2\/comments?post=9062"}],"version-history":[{"count":1,"href":"https:\/\/www.czechcyclingfederation.com\/en\/wp-json\/wp\/v2\/posts\/9062\/revisions"}],"predecessor-version":[{"id":9066,"href":"https:\/\/www.czechcyclingfederation.com\/en\/wp-json\/wp\/v2\/posts\/9062\/revisions\/9066"}],"wp:featuredmedia":[{"embeddable":true,"href":"https:\/\/www.czechcyclingfederation.com\/en\/wp-json\/wp\/v2\/media\/9063"}],"wp:attachment":[{"href":"https:\/\/www.czechcyclingfederation.com\/en\/wp-json\/wp\/v2\/media?parent=9062"}],"wp:term":[{"taxonomy":"category","embeddable":true,"href":"https:\/\/www.czechcyclingfederation.com\/en\/wp-json\/wp\/v2\/categories?post=9062"},{"taxonomy":"post_tag","embeddable":true,"href":"https:\/\/www.czechcyclingfederation.com\/en\/wp-json\/wp\/v2\/tags?post=9062"}],"curies":[{"name":"wp","href":"https:\/\/api.w.org\/{rel}","templated":true}]}}