{"id":8991,"date":"2021-08-26T11:27:02","date_gmt":"2021-08-26T09:27:02","guid":{"rendered":"https:\/\/www.czechcyclingfederation.com\/?p=8991"},"modified":"2022-02-10T00:00:54","modified_gmt":"2022-02-09T23:00:54","slug":"ivo-koblasa-obsadil-v-paralympijske-stihacce-sedme-misto","status":"publish","type":"post","link":"https:\/\/www.czechcyclingfederation.com\/en\/ivo-koblasa-obsadil-v-paralympijske-stihacce-sedme-misto\/","title":{"rendered":"Ivo Koblasa obsadil v paralympijsk\u00e9 st\u00edha\u010dce  sedm\u00e9 m\u00edsto"},"content":{"rendered":"\n<p>Do Paralympijsk\u00fdch her 2021 v Tokiu, kter\u00e9 odstartovaly ve st\u0159edu 25.8., vstoupili dnes tak\u00e9 \u010de\u0161t\u00ed dr\u00e1hov\u00ed cyklist\u00e9. Jako prvn\u00ed se v akci p\u0159edstavil Ivo Koblasa.<\/p>\n\n\n\n<p>Osmadvacetilet\u00fd cyklista se p\u0159edstavil v individu\u00e1ln\u00edm z\u00e1vod\u011b na 3000 metr\u016f v kategorii \/ sportovn\u00ed t\u0159\u00edd\u011b C2. V jeden\u00e1cti\u010dlenn\u00e9m poli nakonec obsadil 7. m\u00edsto. V\u00edt\u011bzstv\u00ed slavil v nov\u00e9m sv\u011btov\u00e9m rekordu v \u010dase 3:31,817 Francouz Alexandre Leaute. <\/p>\n\n\n\n<p>&#8220;Ivo dnes p\u0159edvedl v\u00fdkon na hranici sv\u00fdch mo\u017enost\u00ed, byla to druha nejrychlej\u0161\u00ed st\u00edha\u010dka v jeho \u017eivot\u011b. Za vlastn\u00edm \u010desk\u00fdm rekordem zaostal jen o 0,4 sekundy. Ivo si velmi dob\u0159e rozvrhl s\u00edly a p\u0159edvedl velmi vyrovnanou j\u00edzdu bez v\u00fdkyv\u016f rychlosti. V\u00edme, \u017ee brzo m\u016f\u017eeme srazit hranici \u010desk\u00e9ho rekordu o n\u011bco n\u00ed\u017ee,&#8221; sd\u011blil p\u0159\u00edmo z Tokia radostn\u011b Iv\u016fv tren\u00e9r Luk\u00e1\u0161 Petr. <\/p>\n\n\n\n<figure class=\"wp-block-image size-large\"><img loading=\"lazy\" decoding=\"async\" width=\"1024\" height=\"768\" src=\"https:\/\/www.czechcyclingfederation.com\/wp-content\/uploads\/2021\/08\/WhatsApp-Image-2021-08-26-at-10.29.37-1024x768.jpeg\" alt=\"\" class=\"wp-image-8993\" srcset=\"https:\/\/www.czechcyclingfederation.com\/wp-content\/uploads\/2021\/08\/WhatsApp-Image-2021-08-26-at-10.29.37-1024x768.jpeg 1024w, https:\/\/www.czechcyclingfederation.com\/wp-content\/uploads\/2021\/08\/WhatsApp-Image-2021-08-26-at-10.29.37-267x200.jpeg 267w, https:\/\/www.czechcyclingfederation.com\/wp-content\/uploads\/2021\/08\/WhatsApp-Image-2021-08-26-at-10.29.37-768x576.jpeg 768w, https:\/\/www.czechcyclingfederation.com\/wp-content\/uploads\/2021\/08\/WhatsApp-Image-2021-08-26-at-10.29.37-1536x1152.jpeg 1536w, https:\/\/www.czechcyclingfederation.com\/wp-content\/uploads\/2021\/08\/WhatsApp-Image-2021-08-26-at-10.29.37-1320x990.jpeg 1320w, https:\/\/www.czechcyclingfederation.com\/wp-content\/uploads\/2021\/08\/WhatsApp-Image-2021-08-26-at-10.29.37.jpeg 2016w\" sizes=\"auto, (max-width: 1024px) 100vw, 1024px\" \/><\/figure>\n\n\n\n<figure class=\"wp-block-image size-large\"><img loading=\"lazy\" decoding=\"async\" width=\"1024\" height=\"768\" src=\"https:\/\/www.czechcyclingfederation.com\/wp-content\/uploads\/2021\/08\/WhatsApp-Image-2021-08-26-at-10.29.40-1024x768.jpeg\" alt=\"\" class=\"wp-image-8994\" srcset=\"https:\/\/www.czechcyclingfederation.com\/wp-content\/uploads\/2021\/08\/WhatsApp-Image-2021-08-26-at-10.29.40-1024x768.jpeg 1024w, https:\/\/www.czechcyclingfederation.com\/wp-content\/uploads\/2021\/08\/WhatsApp-Image-2021-08-26-at-10.29.40-267x200.jpeg 267w, https:\/\/www.czechcyclingfederation.com\/wp-content\/uploads\/2021\/08\/WhatsApp-Image-2021-08-26-at-10.29.40-768x576.jpeg 768w, https:\/\/www.czechcyclingfederation.com\/wp-content\/uploads\/2021\/08\/WhatsApp-Image-2021-08-26-at-10.29.40-1536x1152.jpeg 1536w, https:\/\/www.czechcyclingfederation.com\/wp-content\/uploads\/2021\/08\/WhatsApp-Image-2021-08-26-at-10.29.40-1320x990.jpeg 1320w, https:\/\/www.czechcyclingfederation.com\/wp-content\/uploads\/2021\/08\/WhatsApp-Image-2021-08-26-at-10.29.40.jpeg 2016w\" sizes=\"auto, (max-width: 1024px) 100vw, 1024px\" \/><\/figure>\n","protected":false},"excerpt":{"rendered":"<p>Do Paralympijsk\u00fdch her 2021 v Tokiu, kter\u00e9 odstartovaly ve st\u0159edu 25.8., vstoupili dnes tak\u00e9 \u010de\u0161t\u00ed dr\u00e1hov\u00ed cyklist\u00e9. Jako prvn\u00ed se v akci p\u0159edstavil Ivo Koblasa. Osmadvacetilet\u00fd cyklista se p\u0159edstavil v individu\u00e1ln\u00edm z\u00e1vod\u011b na 3000 metr\u016f v kategorii \/ sportovn\u00ed t\u0159\u00edd\u011b C2. V jeden\u00e1cti\u010dlenn\u00e9m poli nakonec obsadil 7. m\u00edsto. V\u00edt\u011bzstv\u00ed slavil v nov\u00e9m sv\u011btov\u00e9m rekordu v [&hellip;]<\/p>\n","protected":false},"author":1,"featured_media":8992,"comment_status":"closed","ping_status":"open","sticky":false,"template":"","format":"standard","meta":{"footnotes":""},"categories":[2,99,103],"tags":[9],"class_list":["post-8991","post","type-post","status-publish","format-standard","has-post-thumbnail","hentry","category-novinky","category-paracyklistika","category-reprezentace","tag-draha"],"_links":{"self":[{"href":"https:\/\/www.czechcyclingfederation.com\/en\/wp-json\/wp\/v2\/posts\/8991","targetHints":{"allow":["GET"]}}],"collection":[{"href":"https:\/\/www.czechcyclingfederation.com\/en\/wp-json\/wp\/v2\/posts"}],"about":[{"href":"https:\/\/www.czechcyclingfederation.com\/en\/wp-json\/wp\/v2\/types\/post"}],"author":[{"embeddable":true,"href":"https:\/\/www.czechcyclingfederation.com\/en\/wp-json\/wp\/v2\/users\/1"}],"replies":[{"embeddable":true,"href":"https:\/\/www.czechcyclingfederation.com\/en\/wp-json\/wp\/v2\/comments?post=8991"}],"version-history":[{"count":1,"href":"https:\/\/www.czechcyclingfederation.com\/en\/wp-json\/wp\/v2\/posts\/8991\/revisions"}],"predecessor-version":[{"id":8995,"href":"https:\/\/www.czechcyclingfederation.com\/en\/wp-json\/wp\/v2\/posts\/8991\/revisions\/8995"}],"wp:featuredmedia":[{"embeddable":true,"href":"https:\/\/www.czechcyclingfederation.com\/en\/wp-json\/wp\/v2\/media\/8992"}],"wp:attachment":[{"href":"https:\/\/www.czechcyclingfederation.com\/en\/wp-json\/wp\/v2\/media?parent=8991"}],"wp:term":[{"taxonomy":"category","embeddable":true,"href":"https:\/\/www.czechcyclingfederation.com\/en\/wp-json\/wp\/v2\/categories?post=8991"},{"taxonomy":"post_tag","embeddable":true,"href":"https:\/\/www.czechcyclingfederation.com\/en\/wp-json\/wp\/v2\/tags?post=8991"}],"curies":[{"name":"wp","href":"https:\/\/api.w.org\/{rel}","templated":true}]}}