{"id":8965,"date":"2021-08-25T20:55:24","date_gmt":"2021-08-25T18:55:24","guid":{"rendered":"https:\/\/www.czechcyclingfederation.com\/?p=8965"},"modified":"2021-08-25T20:55:26","modified_gmt":"2021-08-25T18:55:26","slug":"babor-druhy-ve-scratchi-pietrula-treti-v-bodovacce","status":"publish","type":"post","link":"https:\/\/www.czechcyclingfederation.com\/en\/babor-druhy-ve-scratchi-pietrula-treti-v-bodovacce\/","title":{"rendered":"Babor druh\u00fd ve scratchi, Pietrula t\u0159et\u00ed v bodova\u010dce"},"content":{"rendered":"\n<p>Dv\u011b um\u00edst\u011bn\u00ed na stupn\u00edch v\u00edt\u011bz\u016f vybojovali v druh\u00e9m dnu z\u00e1vod\u016f UCI GP Olomouck\u00e9ho kraje na prost\u011bjovsk\u00e9m ov\u00e1lu \u010de\u0161t\u00ed dr\u00e1ha\u0159i. Nicolas Pietrula z Dukly Praha byl t\u0159et\u00ed v bodovac\u00edm z\u00e1vodu, kter\u00fd vyhr\u00e1l nizozemsk\u00fd dr\u00e1ha\u0159 Philip Heijnen. Je\u0161t\u011b o jedno m\u00edsto v\u00fd\u0161e skon\u010dil Daniel Babor (Tufo Pardus Prost\u011bjov) ve scratchi, kdy\u017e nad jeho s\u00edly byl pouze dal\u0161\u00ed Nizozemec Vincent Hoppezak.<\/p>\n\n\n\n<p>Ve sprintu mu\u017e\u016f unikla jen t\u011bsn\u011b medaile \u010dtvrt\u00e9mu Robinu Wagnerovi (Dukla Brno), stejn\u011b si vela i dvojice Denis Rugovac a Jan Vone\u0161 z Dukly Praha v madisonu. Omnium \u017een ovl\u00e1dla Al\u017ebeta Ba\u010d\u00edkov\u00e1 ze Slovenska, Jarmila Macha\u010dov\u00e1 z Dukly Praha byla p\u00e1t\u00e1.<\/p>\n\n\n\n<p>V\u00fdsledky:<\/p>\n\n\n\n<p>Mu\u017ei:<\/p>\n\n\n\n<p>Bodovac\u00ed z\u00e1vod:<\/p>\n\n\n\n<p>1. Heijnen (Niz.) 47, 2. Mendez (Arg.) 44, 3. Pietrula (Dukla Praha) 37, 4. Crista (Rum.) 34, 5. Hoppezak (Niz.) 32, 6. Vone\u0161 (Dukla Praha) 27.<\/p>\n\n\n\n<p>Scratch:<\/p>\n\n\n\n<p>1. Hoppezak, 2. Babor (Tufo Pardus Prost\u011bjov), 3. Donega (It.), 4. Mendez, 5. Pavel Kelemen (Dukla Praha), 6. van der Veekens (Niz.), &#8230;8. \u010cekal (TJ Favorit Brno).<\/p>\n\n\n\n<p>Sprint:<\/p>\n\n\n\n<p>1. Bretas (\u0158ec.), 2. Szabo (Rum.), 3. Castle (N. Z\u00e9l.), 4. Wagner (Dula Brno), 5. Kalogeropoulos (\u0158ec.), 6. Topinka (Dukla Brno).<\/p>\n\n\n\n<p>Madison:<\/p>\n\n\n\n<p>1. Heijnen, Hoppezak 37, 2. Malmberg, Hansen (D\u00e1n.) 26, 3. Donega, Simion (It.) 26, 4. Rugovac, Vone\u0161 (Dukla Praha) 14, 5. van der Veekens, Levy (Niz.\/D\u00e1n.) 12, 6. Babor, Pszczolarski (Tufo Pardus Prost\u011bjov\/Pol.) 11, &#8230;8. \u0160irok\u00fd, Sm\u00e9kal (TJ Favorit Brno\/Tufo Pardus Prost\u011bjov) 3, 9. Pietrula, Pavel Kelemen 2, 10. \u010cekal, K\u0159enek (TJ Favorit Brno) 1.<\/p>\n\n\n\n<p>\u017deny:<\/p>\n\n\n\n<p>Omnium:<\/p>\n\n\n\n<p>1. Ba\u010d\u00edkov\u00e1 (SR) 143, 2. de Zoeteov\u00e1 (Niz.) 135, 3. Eberhardtov\u00e1 (Rak.) 131, 4.&nbsp; Eickhofov\u00e1 (Niz.) 100, 5. Macha\u010dov\u00e1 (Dukla Praha) 97, 6. Cauchoisov\u00e1 (Laos) 93.<\/p>\n\n\n\n<p>FOTO Jan Brychta<\/p>\n\n\n\n<figure class=\"wp-block-image size-large\"><img loading=\"lazy\" decoding=\"async\" width=\"1024\" height=\"681\" src=\"https:\/\/www.czechcyclingfederation.com\/wp-content\/uploads\/2021\/08\/BrychtaJan_GP_OlKr_Prostejov_20210825_154737_DSC_2592-1024x681.jpg\" alt=\"\" class=\"wp-image-8967\" srcset=\"https:\/\/www.czechcyclingfederation.com\/wp-content\/uploads\/2021\/08\/BrychtaJan_GP_OlKr_Prostejov_20210825_154737_DSC_2592-1024x681.jpg 1024w, https:\/\/www.czechcyclingfederation.com\/wp-content\/uploads\/2021\/08\/BrychtaJan_GP_OlKr_Prostejov_20210825_154737_DSC_2592-300x200.jpg 300w, https:\/\/www.czechcyclingfederation.com\/wp-content\/uploads\/2021\/08\/BrychtaJan_GP_OlKr_Prostejov_20210825_154737_DSC_2592-768x511.jpg 768w, https:\/\/www.czechcyclingfederation.com\/wp-content\/uploads\/2021\/08\/BrychtaJan_GP_OlKr_Prostejov_20210825_154737_DSC_2592-1536x1022.jpg 1536w, https:\/\/www.czechcyclingfederation.com\/wp-content\/uploads\/2021\/08\/BrychtaJan_GP_OlKr_Prostejov_20210825_154737_DSC_2592-1320x878.jpg 1320w, https:\/\/www.czechcyclingfederation.com\/wp-content\/uploads\/2021\/08\/BrychtaJan_GP_OlKr_Prostejov_20210825_154737_DSC_2592.jpg 2000w\" sizes=\"auto, (max-width: 1024px) 100vw, 1024px\" \/><\/figure>\n\n\n\n<figure class=\"wp-block-image size-large\"><img loading=\"lazy\" decoding=\"async\" width=\"1024\" height=\"684\" src=\"https:\/\/www.czechcyclingfederation.com\/wp-content\/uploads\/2021\/08\/BrychtaJan_GP_OlKr_Prostejov_20210825_154432_DSC_3585-1024x684.jpg\" alt=\"\" class=\"wp-image-8968\" srcset=\"https:\/\/www.czechcyclingfederation.com\/wp-content\/uploads\/2021\/08\/BrychtaJan_GP_OlKr_Prostejov_20210825_154432_DSC_3585-1024x684.jpg 1024w, https:\/\/www.czechcyclingfederation.com\/wp-content\/uploads\/2021\/08\/BrychtaJan_GP_OlKr_Prostejov_20210825_154432_DSC_3585-300x200.jpg 300w, https:\/\/www.czechcyclingfederation.com\/wp-content\/uploads\/2021\/08\/BrychtaJan_GP_OlKr_Prostejov_20210825_154432_DSC_3585-768x513.jpg 768w, https:\/\/www.czechcyclingfederation.com\/wp-content\/uploads\/2021\/08\/BrychtaJan_GP_OlKr_Prostejov_20210825_154432_DSC_3585-1536x1025.jpg 1536w, https:\/\/www.czechcyclingfederation.com\/wp-content\/uploads\/2021\/08\/BrychtaJan_GP_OlKr_Prostejov_20210825_154432_DSC_3585-1320x881.jpg 1320w, https:\/\/www.czechcyclingfederation.com\/wp-content\/uploads\/2021\/08\/BrychtaJan_GP_OlKr_Prostejov_20210825_154432_DSC_3585.jpg 2000w\" sizes=\"auto, (max-width: 1024px) 100vw, 1024px\" \/><\/figure>\n\n\n\n<figure class=\"wp-block-image size-large\"><img loading=\"lazy\" decoding=\"async\" width=\"1024\" height=\"681\" src=\"https:\/\/www.czechcyclingfederation.com\/wp-content\/uploads\/2021\/08\/BrychtaJan_GP_OlKr_Prostejov_20210825_171404_DSC_3022-1024x681.jpg\" alt=\"\" class=\"wp-image-8969\" srcset=\"https:\/\/www.czechcyclingfederation.com\/wp-content\/uploads\/2021\/08\/BrychtaJan_GP_OlKr_Prostejov_20210825_171404_DSC_3022-1024x681.jpg 1024w, https:\/\/www.czechcyclingfederation.com\/wp-content\/uploads\/2021\/08\/BrychtaJan_GP_OlKr_Prostejov_20210825_171404_DSC_3022-300x200.jpg 300w, https:\/\/www.czechcyclingfederation.com\/wp-content\/uploads\/2021\/08\/BrychtaJan_GP_OlKr_Prostejov_20210825_171404_DSC_3022-768x511.jpg 768w, https:\/\/www.czechcyclingfederation.com\/wp-content\/uploads\/2021\/08\/BrychtaJan_GP_OlKr_Prostejov_20210825_171404_DSC_3022-1536x1022.jpg 1536w, https:\/\/www.czechcyclingfederation.com\/wp-content\/uploads\/2021\/08\/BrychtaJan_GP_OlKr_Prostejov_20210825_171404_DSC_3022-1320x878.jpg 1320w, https:\/\/www.czechcyclingfederation.com\/wp-content\/uploads\/2021\/08\/BrychtaJan_GP_OlKr_Prostejov_20210825_171404_DSC_3022.jpg 2000w\" sizes=\"auto, (max-width: 1024px) 100vw, 1024px\" \/><\/figure>\n\n\n\n<figure class=\"wp-block-image size-large\"><img loading=\"lazy\" decoding=\"async\" width=\"1024\" height=\"684\" src=\"https:\/\/www.czechcyclingfederation.com\/wp-content\/uploads\/2021\/08\/BrychtaJan_GP_OlKr_Prostejov_20210825_173902_DSC_3689-1024x684.jpg\" alt=\"\" class=\"wp-image-8970\" srcset=\"https:\/\/www.czechcyclingfederation.com\/wp-content\/uploads\/2021\/08\/BrychtaJan_GP_OlKr_Prostejov_20210825_173902_DSC_3689-1024x684.jpg 1024w, https:\/\/www.czechcyclingfederation.com\/wp-content\/uploads\/2021\/08\/BrychtaJan_GP_OlKr_Prostejov_20210825_173902_DSC_3689-300x200.jpg 300w, https:\/\/www.czechcyclingfederation.com\/wp-content\/uploads\/2021\/08\/BrychtaJan_GP_OlKr_Prostejov_20210825_173902_DSC_3689-768x513.jpg 768w, https:\/\/www.czechcyclingfederation.com\/wp-content\/uploads\/2021\/08\/BrychtaJan_GP_OlKr_Prostejov_20210825_173902_DSC_3689-1536x1025.jpg 1536w, https:\/\/www.czechcyclingfederation.com\/wp-content\/uploads\/2021\/08\/BrychtaJan_GP_OlKr_Prostejov_20210825_173902_DSC_3689-1320x881.jpg 1320w, https:\/\/www.czechcyclingfederation.com\/wp-content\/uploads\/2021\/08\/BrychtaJan_GP_OlKr_Prostejov_20210825_173902_DSC_3689.jpg 2000w\" sizes=\"auto, (max-width: 1024px) 100vw, 1024px\" \/><\/figure>\n\n\n\n<figure class=\"wp-block-image size-large\"><img loading=\"lazy\" decoding=\"async\" width=\"1024\" height=\"681\" src=\"https:\/\/www.czechcyclingfederation.com\/wp-content\/uploads\/2021\/08\/BrychtaJan_GP_OlKr_Prostejov_20210825_184712_DSC_3233-1024x681.jpg\" alt=\"\" class=\"wp-image-8971\" srcset=\"https:\/\/www.czechcyclingfederation.com\/wp-content\/uploads\/2021\/08\/BrychtaJan_GP_OlKr_Prostejov_20210825_184712_DSC_3233-1024x681.jpg 1024w, https:\/\/www.czechcyclingfederation.com\/wp-content\/uploads\/2021\/08\/BrychtaJan_GP_OlKr_Prostejov_20210825_184712_DSC_3233-300x200.jpg 300w, https:\/\/www.czechcyclingfederation.com\/wp-content\/uploads\/2021\/08\/BrychtaJan_GP_OlKr_Prostejov_20210825_184712_DSC_3233-768x511.jpg 768w, https:\/\/www.czechcyclingfederation.com\/wp-content\/uploads\/2021\/08\/BrychtaJan_GP_OlKr_Prostejov_20210825_184712_DSC_3233-1536x1022.jpg 1536w, https:\/\/www.czechcyclingfederation.com\/wp-content\/uploads\/2021\/08\/BrychtaJan_GP_OlKr_Prostejov_20210825_184712_DSC_3233-1320x878.jpg 1320w, https:\/\/www.czechcyclingfederation.com\/wp-content\/uploads\/2021\/08\/BrychtaJan_GP_OlKr_Prostejov_20210825_184712_DSC_3233.jpg 2000w\" sizes=\"auto, (max-width: 1024px) 100vw, 1024px\" \/><\/figure>\n\n\n\n<figure class=\"wp-block-image size-large\"><img loading=\"lazy\" decoding=\"async\" width=\"1024\" height=\"681\" src=\"https:\/\/www.czechcyclingfederation.com\/wp-content\/uploads\/2021\/08\/BrychtaJan_GP_OlKr_Prostejov_20210825_192739_DSC_3545-1024x681.jpg\" alt=\"\" class=\"wp-image-8972\" srcset=\"https:\/\/www.czechcyclingfederation.com\/wp-content\/uploads\/2021\/08\/BrychtaJan_GP_OlKr_Prostejov_20210825_192739_DSC_3545-1024x681.jpg 1024w, https:\/\/www.czechcyclingfederation.com\/wp-content\/uploads\/2021\/08\/BrychtaJan_GP_OlKr_Prostejov_20210825_192739_DSC_3545-300x200.jpg 300w, https:\/\/www.czechcyclingfederation.com\/wp-content\/uploads\/2021\/08\/BrychtaJan_GP_OlKr_Prostejov_20210825_192739_DSC_3545-768x511.jpg 768w, https:\/\/www.czechcyclingfederation.com\/wp-content\/uploads\/2021\/08\/BrychtaJan_GP_OlKr_Prostejov_20210825_192739_DSC_3545-1536x1022.jpg 1536w, https:\/\/www.czechcyclingfederation.com\/wp-content\/uploads\/2021\/08\/BrychtaJan_GP_OlKr_Prostejov_20210825_192739_DSC_3545-1320x878.jpg 1320w, https:\/\/www.czechcyclingfederation.com\/wp-content\/uploads\/2021\/08\/BrychtaJan_GP_OlKr_Prostejov_20210825_192739_DSC_3545.jpg 2000w\" sizes=\"auto, (max-width: 1024px) 100vw, 1024px\" \/><\/figure>\n","protected":false},"excerpt":{"rendered":"<p>Dv\u011b um\u00edst\u011bn\u00ed na stupn\u00edch v\u00edt\u011bz\u016f vybojovali v druh\u00e9m dnu z\u00e1vod\u016f UCI GP Olomouck\u00e9ho kraje na prost\u011bjovsk\u00e9m ov\u00e1lu \u010de\u0161t\u00ed dr\u00e1ha\u0159i. Nicolas Pietrula z Dukly Praha byl t\u0159et\u00ed v bodovac\u00edm z\u00e1vodu, kter\u00fd vyhr\u00e1l nizozemsk\u00fd dr\u00e1ha\u0159 Philip Heijnen. Je\u0161t\u011b o jedno m\u00edsto v\u00fd\u0161e skon\u010dil Daniel Babor (Tufo Pardus Prost\u011bjov) ve scratchi, kdy\u017e nad jeho s\u00edly byl pouze dal\u0161\u00ed [&hellip;]<\/p>\n","protected":false},"author":8,"featured_media":8966,"comment_status":"closed","ping_status":"open","sticky":false,"template":"","format":"standard","meta":{"footnotes":""},"categories":[54,2],"tags":[9],"class_list":["post-8965","post","type-post","status-publish","format-standard","has-post-thumbnail","hentry","category-draha","category-novinky","tag-draha"],"_links":{"self":[{"href":"https:\/\/www.czechcyclingfederation.com\/en\/wp-json\/wp\/v2\/posts\/8965","targetHints":{"allow":["GET"]}}],"collection":[{"href":"https:\/\/www.czechcyclingfederation.com\/en\/wp-json\/wp\/v2\/posts"}],"about":[{"href":"https:\/\/www.czechcyclingfederation.com\/en\/wp-json\/wp\/v2\/types\/post"}],"author":[{"embeddable":true,"href":"https:\/\/www.czechcyclingfederation.com\/en\/wp-json\/wp\/v2\/users\/8"}],"replies":[{"embeddable":true,"href":"https:\/\/www.czechcyclingfederation.com\/en\/wp-json\/wp\/v2\/comments?post=8965"}],"version-history":[{"count":1,"href":"https:\/\/www.czechcyclingfederation.com\/en\/wp-json\/wp\/v2\/posts\/8965\/revisions"}],"predecessor-version":[{"id":8973,"href":"https:\/\/www.czechcyclingfederation.com\/en\/wp-json\/wp\/v2\/posts\/8965\/revisions\/8973"}],"wp:featuredmedia":[{"embeddable":true,"href":"https:\/\/www.czechcyclingfederation.com\/en\/wp-json\/wp\/v2\/media\/8966"}],"wp:attachment":[{"href":"https:\/\/www.czechcyclingfederation.com\/en\/wp-json\/wp\/v2\/media?parent=8965"}],"wp:term":[{"taxonomy":"category","embeddable":true,"href":"https:\/\/www.czechcyclingfederation.com\/en\/wp-json\/wp\/v2\/categories?post=8965"},{"taxonomy":"post_tag","embeddable":true,"href":"https:\/\/www.czechcyclingfederation.com\/en\/wp-json\/wp\/v2\/tags?post=8965"}],"curies":[{"name":"wp","href":"https:\/\/api.w.org\/{rel}","templated":true}]}}