{"id":8960,"date":"2021-08-25T19:11:48","date_gmt":"2021-08-25T17:11:48","guid":{"rendered":"https:\/\/www.czechcyclingfederation.com\/?p=8960"},"modified":"2021-08-25T19:13:02","modified_gmt":"2021-08-25T17:13:02","slug":"cyklisticky-vikend-v-ostrave","status":"publish","type":"post","link":"https:\/\/www.czechcyclingfederation.com\/en\/cyklisticky-vikend-v-ostrave\/","title":{"rendered":"Cyklistick\u00fd v\u00edkend v Ostrav\u011b"},"content":{"rendered":"\n<p>Ostrava a okol\u00ed, konkr\u00e9tn\u011b Hrabyn\u011b a Ostrva-Poruba, se o nast\u00e1vaj\u00edc\u00edm v\u00edkendu stanou centrem \u010desk\u00e9 silni\u010dn\u00ed cyklistiky. Na programu jsou z\u00e1vody v\u0161ech t\u0159\u00ed sout\u011b\u017e\u00ed &#8211; \u0160KODA Cup, Techniserv Cup a Carla Kriterijn\u00ed liga. Po\u0159adatel v\u0161ech t\u0159\u00ed z\u00e1vod\u016f je Sdru\u017een\u00ed sportovn\u00edch klub\u016f V\u00edtkovice.<\/p>\n\n\n\n<p>Nejprve v sobotu 28. srpna budou mlad\u00ed cyklist\u00e9 a \u017eeny usilovat o body v Carla Kriterijn\u00ed lize, v 18. ro\u010dn\u00edku Memori\u00e1lu Jana Vesel\u00e9ho. V p\u00e1t\u00e9m d\u00edlu tohoto seri\u00e1lu je start prvn\u00edho z\u00e1vodu napl\u00e1nov\u00e1n na 10:00 se startem i c\u00edlem na Hlavn\u00ed t\u0159\u00edd\u011b. D\u00e9lka okruhu je p\u0159ibli\u017en\u011b 1000 metr\u016f a okruh bude po celou dobu kon\u00e1n\u00ed z\u00e1vodu uzav\u0159en.<\/p>\n\n\n\n<p>O den pozd\u011bji, v ned\u011bli 29. Srpna, se bude z\u00e1vodit v Hrabyni. Nejprve p\u0159ijdou na \u0159adu ml\u00e1de\u017enick\u00e9 kategorie a \u017eeny na Techniserv Cupu a vyvrcholen\u00edm bude \u0161est\u00fd a p\u0159edposledn\u00ed z\u00e1vod \u0160KODA Cup, z\u00e1rove\u0148 5. ro\u010dn\u00edk FARM Tour.<\/p>\n\n\n\n<p>Oproti lo\u0148sk\u00e9mu roku se okruh z\u00e1vodu zkr\u00e1til. Nam\u00edsto 21 kilometr\u016f absolvuj\u00ed jezdci z\u00e1vod na okruhu dlouh\u00e9m 13,3 kilometr\u016f z Hrabyn\u011b p\u0159es H\u00e1j ve Slezku, Smolkov, Lhotu, Mokr\u00e9 Lazce a zp\u011bt do Hrabyn\u011b. Mu\u017ei elite a U23 odstartuj\u00ed ve 14:00 hodin, absolvuj\u00ed 12 okruh\u016f, celkem tedy 159,6 kilometr\u016f.<\/p>\n\n\n\n<p>Po p\u011bti z\u00e1vodech je ve veden\u00ed \u0160KODA Cupu Daniel Turek z t\u00fdmu Felbermayr Simplon Wels, p\u0159ed mistrem republiky Michaelem Kukrlem (Elkov Kasper) vede o 20 bod\u016f, t\u0159et\u00ed je Karel Camrda (Topforex &#8211; Att Investments Pro Cycling Team), kter\u00fd je prvn\u00ed v kategoii U23. Dal\u0161\u00ed t\u0159i m\u00edsta pat\u0159\u00ed jezdc\u016fm Elkov Kasper Adamu \u0164oupal\u00edkovi, Mat\u011bji Zah\u00e1lkovi a Jakubu Otrubovi. Pr\u00e1v\u011b jezdci Elkov Kasperm, kte\u0159\u00ed nastoup\u00ed v kompletn\u00edm slo\u017een\u00ed, budou nejv\u011bt\u0161\u00edmi favority z\u00e1vodu a netaj\u00ed se touhou sesadit ze zelen\u00e9ho trikotu l\u00eddra seri\u00e1lu Turka.&nbsp;<\/p>\n\n\n\n<p>Po\u0159ad\u00ed \u0160KODA Cupu:<\/p>\n\n\n\n<p>1. Turek (Felbermayr Simplon Wels) 135, 2. Kukrle (Elkov Kasper) 115, 3. Camrda (Topforex &#8211; Att Investments Pro Cycling Team) 100, 4. A. \u0164oupal\u00edk 88, 5. Zah\u00e1lka 83, 6. Otruba (v\u0161ichni Elkov Kasper) 73.<\/p>\n\n\n\n<p>FOTO Jan Brychta<\/p>\n\n\n\n<figure class=\"wp-block-image size-large\"><img loading=\"lazy\" decoding=\"async\" width=\"1024\" height=\"680\" src=\"https:\/\/www.czechcyclingfederation.com\/wp-content\/uploads\/2021\/08\/DSC_3325-1024x680.jpg\" alt=\"\" class=\"wp-image-8962\" srcset=\"https:\/\/www.czechcyclingfederation.com\/wp-content\/uploads\/2021\/08\/DSC_3325-1024x680.jpg 1024w, https:\/\/www.czechcyclingfederation.com\/wp-content\/uploads\/2021\/08\/DSC_3325-300x200.jpg 300w, https:\/\/www.czechcyclingfederation.com\/wp-content\/uploads\/2021\/08\/DSC_3325-768x510.jpg 768w, https:\/\/www.czechcyclingfederation.com\/wp-content\/uploads\/2021\/08\/DSC_3325-1536x1020.jpg 1536w, https:\/\/www.czechcyclingfederation.com\/wp-content\/uploads\/2021\/08\/DSC_3325-1320x877.jpg 1320w, https:\/\/www.czechcyclingfederation.com\/wp-content\/uploads\/2021\/08\/DSC_3325.jpg 1600w\" sizes=\"auto, (max-width: 1024px) 100vw, 1024px\" \/><\/figure>\n\n\n\n<figure class=\"wp-block-image size-large\"><img loading=\"lazy\" decoding=\"async\" width=\"1024\" height=\"681\" src=\"https:\/\/www.czechcyclingfederation.com\/wp-content\/uploads\/2021\/08\/BrychtaJan_CP_Ostrava_20200830_150035_DSC_3392-1024x681.jpg\" alt=\"\" class=\"wp-image-8963\" srcset=\"https:\/\/www.czechcyclingfederation.com\/wp-content\/uploads\/2021\/08\/BrychtaJan_CP_Ostrava_20200830_150035_DSC_3392-1024x681.jpg 1024w, https:\/\/www.czechcyclingfederation.com\/wp-content\/uploads\/2021\/08\/BrychtaJan_CP_Ostrava_20200830_150035_DSC_3392-300x200.jpg 300w, https:\/\/www.czechcyclingfederation.com\/wp-content\/uploads\/2021\/08\/BrychtaJan_CP_Ostrava_20200830_150035_DSC_3392-768x511.jpg 768w, https:\/\/www.czechcyclingfederation.com\/wp-content\/uploads\/2021\/08\/BrychtaJan_CP_Ostrava_20200830_150035_DSC_3392-1536x1022.jpg 1536w, https:\/\/www.czechcyclingfederation.com\/wp-content\/uploads\/2021\/08\/BrychtaJan_CP_Ostrava_20200830_150035_DSC_3392-1320x878.jpg 1320w, https:\/\/www.czechcyclingfederation.com\/wp-content\/uploads\/2021\/08\/BrychtaJan_CP_Ostrava_20200830_150035_DSC_3392.jpg 2000w\" sizes=\"auto, (max-width: 1024px) 100vw, 1024px\" \/><\/figure>\n","protected":false},"excerpt":{"rendered":"<p>Ostrava a okol\u00ed, konkr\u00e9tn\u011b Hrabyn\u011b a Ostrva-Poruba, se o nast\u00e1vaj\u00edc\u00edm v\u00edkendu stanou centrem \u010desk\u00e9 silni\u010dn\u00ed cyklistiky. Na programu jsou z\u00e1vody v\u0161ech t\u0159\u00ed sout\u011b\u017e\u00ed &#8211; \u0160KODA Cup, Techniserv Cup a Carla Kriterijn\u00ed liga. Po\u0159adatel v\u0161ech t\u0159\u00ed z\u00e1vod\u016f je Sdru\u017een\u00ed sportovn\u00edch klub\u016f V\u00edtkovice. Nejprve v sobotu 28. srpna budou mlad\u00ed cyklist\u00e9 a \u017eeny usilovat o body v [&hellip;]<\/p>\n","protected":false},"author":8,"featured_media":8961,"comment_status":"closed","ping_status":"open","sticky":false,"template":"","format":"standard","meta":{"footnotes":""},"categories":[2,18],"tags":[11],"class_list":["post-8960","post","type-post","status-publish","format-standard","has-post-thumbnail","hentry","category-novinky","category-silnice","tag-silnice"],"_links":{"self":[{"href":"https:\/\/www.czechcyclingfederation.com\/en\/wp-json\/wp\/v2\/posts\/8960","targetHints":{"allow":["GET"]}}],"collection":[{"href":"https:\/\/www.czechcyclingfederation.com\/en\/wp-json\/wp\/v2\/posts"}],"about":[{"href":"https:\/\/www.czechcyclingfederation.com\/en\/wp-json\/wp\/v2\/types\/post"}],"author":[{"embeddable":true,"href":"https:\/\/www.czechcyclingfederation.com\/en\/wp-json\/wp\/v2\/users\/8"}],"replies":[{"embeddable":true,"href":"https:\/\/www.czechcyclingfederation.com\/en\/wp-json\/wp\/v2\/comments?post=8960"}],"version-history":[{"count":1,"href":"https:\/\/www.czechcyclingfederation.com\/en\/wp-json\/wp\/v2\/posts\/8960\/revisions"}],"predecessor-version":[{"id":8964,"href":"https:\/\/www.czechcyclingfederation.com\/en\/wp-json\/wp\/v2\/posts\/8960\/revisions\/8964"}],"wp:featuredmedia":[{"embeddable":true,"href":"https:\/\/www.czechcyclingfederation.com\/en\/wp-json\/wp\/v2\/media\/8961"}],"wp:attachment":[{"href":"https:\/\/www.czechcyclingfederation.com\/en\/wp-json\/wp\/v2\/media?parent=8960"}],"wp:term":[{"taxonomy":"category","embeddable":true,"href":"https:\/\/www.czechcyclingfederation.com\/en\/wp-json\/wp\/v2\/categories?post=8960"},{"taxonomy":"post_tag","embeddable":true,"href":"https:\/\/www.czechcyclingfederation.com\/en\/wp-json\/wp\/v2\/tags?post=8960"}],"curies":[{"name":"wp","href":"https:\/\/api.w.org\/{rel}","templated":true}]}}