{"id":8936,"date":"2021-08-25T08:46:22","date_gmt":"2021-08-25T06:46:22","guid":{"rendered":"https:\/\/www.czechcyclingfederation.com\/?p=8936"},"modified":"2021-08-28T20:48:16","modified_gmt":"2021-08-28T18:48:16","slug":"milan-kadlec-junior-tata-je-muj-vzor-a-nejlepsi-radce","status":"publish","type":"post","link":"https:\/\/www.czechcyclingfederation.com\/en\/milan-kadlec-junior-tata-je-muj-vzor-a-nejlepsi-radce\/","title":{"rendered":"Milan Kadlec junior: T\u00e1ta je m\u016fj vzor a nejlep\u0161\u00ed r\u00e1dce"},"content":{"rendered":"\n<p>Jm\u00e9no Milan Kadlec je v&nbsp;cyklistick\u00fdch kruz\u00edch znovu v&nbsp;kurzu. Syn Milana Kadlece, b\u00fdval\u00e9ho \u00fasp\u011b\u0161n\u00e9ho z\u00e1vodn\u00edka na silnici i na dr\u00e1ze, kter\u00fd je nyn\u00ed tren\u00e9rem Dukly Praha, jde v&nbsp;t\u00e1tov\u00fdch \u0161l\u00e9p\u011bj\u00edch. O minul\u00e9m v\u00edkendu se stal v&nbsp;nizozemsk\u00e9m Apeldoornu juniorsk\u00fdm mistrem Evropy. \u201eJe to zat\u00edm nejv\u011bt\u0161\u00ed \u00fasp\u011bch moj\u00ed kari\u00e9ry,\u201c \u0159\u00edk\u00e1 Milan Kadlec junior, cyklista pra\u017esk\u00e9 Dukly, jen\u017e k&nbsp;titulu v&nbsp;bodova\u010dce p\u0159idal je\u0161t\u011b bronz v&nbsp;madisonu s&nbsp;Maty\u00e1\u0161em Kobl\u00ed\u017ekem.<\/p>\n\n\n\n<p><strong>Milane, jak moc si v\u00e1\u017e\u00edte v\u00fdsledk\u016f ze \u0161ampion\u00e1tu?<\/strong><\/p>\n\n\n\n<p>Je to pro m\u011b dost v\u00fdznamn\u00e9. V&nbsp;\u00fanoru jsem p\u0159i tr\u00e9ninku na Mallorce spadl a zlomil si nohu. Musel jsem tam na operaci a dodnes m\u00e1m v&nbsp;noze t\u0159i \u0161rouby. Dva m\u011bs\u00edce jsem nic nemohl d\u011blat, na kole jezd\u00edm teprve t\u0159i m\u011bs\u00edce. O to je cenn\u011bj\u0161\u00ed, \u017ee se mi povedl z\u00edskat ten titul.<\/p>\n\n\n\n<p><strong>\u010cekal jste, \u017ee to po tak dlouh\u00e9 pauze p\u016fjde?<\/strong><\/p>\n\n\n\n<p>P\u0159i\u0161lo mi, \u017ee mi odpo\u010dinek pomohl. Hned se mi za\u010dalo jezdit dob\u0159e. Po m\u011bs\u00edci tr\u00e9ninku jsem to m\u011bl dob\u0159e rozjet\u00e9 na mistrovstv\u00ed republiky na silnici, byli jsme odjet\u00ed ve dvou, ale zase jsem spadl. Tak snad jsem si tu sm\u016flu vybral a te\u010f kone\u010dn\u011b p\u0159i\u0161lo \u0161t\u011bst\u00ed.<\/p>\n\n\n\n<p><strong>S&nbsp;jak\u00fdmi ambicemi jste odj\u00ed\u017ed\u011bl na dr\u00e1hov\u00fd evropsk\u00fd \u0161ampion\u00e1t?<\/strong><\/p>\n\n\n\n<p>V&nbsp;\u010cesku m\u00e1m ambice velk\u00e9, ale tady jsem moc netu\u0161il, na co budu m\u00edt. Za\u010dal jsem omniem, kde jsem byl \u0161est\u00fd a moc dob\u0159e se mi nejelo. Ne\u010dekal jsem, \u017ee bych dal\u0161\u00ed den mohl vyhr\u00e1t bodova\u010dku, ale povedlo se to. C\u00edtil jsem se \u00fapln\u011b jinak.<\/p>\n\n\n\n<p><strong>Je t\u011b\u017ek\u00e9 z\u00e1vodit se jm\u00e9nem Milan Kadlec? P\u0159edhazuj\u00ed v\u00e1m \u010dasto t\u00e1tu?<\/strong><\/p>\n\n\n\n<p>Docela jo, ale zvl\u00e1dnout se to d\u00e1 v&nbsp;pohod\u011b \ud83d\ude0a Jsem sp\u00ed\u0161 r\u00e1d, \u017ee jsem po t\u00e1tovi snad n\u011bco pod\u011bdil a jsou tam p\u0159edpoklady, abych \u0161el v&nbsp;jeho \u0161l\u00e9p\u011bj\u00edch.<\/p>\n\n\n\n<p><strong>Je t\u00e1ta va\u0161\u00edm nejv\u011bt\u0161\u00edm r\u00e1dcem?<\/strong><\/p>\n\n\n\n<p>Ur\u010dit\u011b ano. Jak na silnici, tak na dr\u00e1ze. Hlavn\u011b co se t\u00fd\u010de strategie, jak si rozlo\u017eit v\u00fdkon na z\u00e1vod a kdy ho rozhodnout. Jeho rady jsou moc u\u017eite\u010dn\u00e9 a beru si je k&nbsp;srdci. A mysl\u00edm, \u017ee v&nbsp;tom m\u00e1m velkou v\u00fdhodu oproti soupe\u0159\u016fm.<\/p>\n\n\n\n<p><strong>Um\u00ed t\u00e1ta pochv\u00e1lit nebo je na v\u00e1s p\u0159\u00edsn\u011bj\u0161\u00ed ne\u017e na ostatn\u00ed?<\/strong><\/p>\n\n\n\n<p>To ur\u010dit\u011b um\u00ed, ale kdy\u017e se t\u0159eba z\u00e1vod nepovede, dok\u00e1\u017ee mi hned \u0159\u00edct, kde byla chyba a co jsem ud\u011blal \u0161patn\u011b.<\/p>\n\n\n\n<p><strong>\u0158e\u0161\u00edte spolu doma cyklistiku hodn\u011b?<\/strong><\/p>\n\n\n\n<p>Docela dost. A kdy\u017e je v&nbsp;televizi t\u0159eba Tour nebo klasiky, tak se spolu kouk\u00e1me.<\/p>\n\n\n\n<p><strong>T\u00e1ta \u0159\u00edkal, \u017ee m\u00e1te p\u0159edpoklady, abyste to jednou dot\u00e1hl d\u00e1l ne\u017e on. V\u011b\u0159\u00edte tomu?<\/strong><\/p>\n\n\n\n<p>Je hezk\u00e9, kdy\u017e to \u0159\u00edk\u00e1. Povedlo se mi ud\u011blat brzy ten titul, ale v\u00edm, \u017ee nikdy nedostanu nic zadarmo. M\u00e1m velkou motivaci a mus\u00edm na sob\u011b d\u00e1l tvrd\u011b makat. Jsem teprve na za\u010d\u00e1tku a \u010dek\u00e1 m\u011b spousta d\u0159iny.<\/p>\n\n\n\n<p><strong>Jak\u00e9 m\u00e1te cyklistick\u00e9 sny?<\/strong><\/p>\n\n\n\n<p>Cht\u011bl bych d\u00e1l kombinovat silnici s&nbsp;dr\u00e1hou, zvl\u00e1dnout se to ur\u010dit\u011b d\u00e1. A jednou bych se r\u00e1d dostal do n\u011bjak\u00e9ho WorldTour t\u00fdmu a na Tour de France.<\/p>\n\n\n\n<p><strong>Kdo je va\u0161\u00edm cyklistick\u00fd vzorem?<\/strong><\/p>\n\n\n\n<p>V&nbsp;prvn\u00ed \u0159ad\u011b ur\u010dit\u011b t\u00e1ta, jeho z\u00e1vodnickou minulost dob\u0159e zn\u00e1m. Z&nbsp;t\u011bch aktivn\u00edch z\u00e1vodn\u00edk\u016f se mi l\u00edb\u00ed Poga\u010dar a pak t\u0159eba Ganna nebo Viviani, kte\u0159\u00ed jezd\u00ed krom\u011b silnice i na dr\u00e1ze.<\/p>\n\n\n\n<p><strong>Jako vrcha\u0159 m\u00e1te p\u0159edpoklady, abyste se jednou na velk\u00fdch z\u00e1vodech prosazoval.<\/strong><\/p>\n\n\n\n<p>To asi ano, kopce jsou asi moj\u00ed nejsiln\u011bj\u0161\u00ed str\u00e1nkou. Je\u0161t\u011b pot\u0159ebuju zapracovat na \u010dasovce. I kdy\u017e oproti minul\u00e9mu troku jsem se v&nbsp;n\u00ed hodn\u011b zlep\u0161il.<\/p>\n\n\n\n<p><strong>Co v\u00e1s za d\u016fle\u017eit\u00e9 starty \u010dek\u00e1 ve zbytku sez\u00f3ny?<\/strong><\/p>\n\n\n\n<p>Od \u010dtvrtka jedeme s&nbsp;n\u00e1ro\u010f\u00e1kem Z\u00e1vod m\u00edru junior\u016f, kde bych se r\u00e1d porval o dres nejlep\u0161\u00edho vrcha\u0159e a co nejlep\u0161\u00ed v\u00fdsledek v&nbsp;celkov\u00e9m po\u0159ad\u00ed. Pak m\u00e1me mistrovstv\u00ed Evropy na silnici v&nbsp;It\u00e1lii a douf\u00e1m, \u017ee se dostanu i do nominace na mistrovstv\u00ed sv\u011bta. Netrouf\u00e1m odhadovat, na co tam m\u00e1m, ale budu bojovat.<\/p>\n\n\n\n<figure class=\"wp-block-image size-large\"><img decoding=\"async\" src=\"https:\/\/www.czechcyclingfederation.com\/wp-content\/uploads\/2021\/08\/PHOTO-2021-08-21-19-15-222-1024x766.jpg\" alt=\"\" class=\"wp-image-8938\"\/><\/figure>\n\n\n\n<figure class=\"wp-block-image size-large\"><img decoding=\"async\" src=\"https:\/\/www.czechcyclingfederation.com\/wp-content\/uploads\/2021\/08\/PHOTO-2021-08-21-19-15-234-766x1024.jpg\" alt=\"\" class=\"wp-image-8939\"\/><\/figure>\n\n\n\n<p>Foto: \u010cSC<\/p>\n","protected":false},"excerpt":{"rendered":"<p>Jm\u00e9no Milan Kadlec je v&nbsp;cyklistick\u00fdch kruz\u00edch znovu v&nbsp;kurzu. Syn Milana Kadlece, b\u00fdval\u00e9ho \u00fasp\u011b\u0161n\u00e9ho z\u00e1vodn\u00edka na silnici i na dr\u00e1ze, kter\u00fd je nyn\u00ed tren\u00e9rem Dukly Praha, jde v&nbsp;t\u00e1tov\u00fdch \u0161l\u00e9p\u011bj\u00edch. O minul\u00e9m v\u00edkendu se stal v&nbsp;nizozemsk\u00e9m Apeldoornu juniorsk\u00fdm mistrem Evropy. \u201eJe to zat\u00edm nejv\u011bt\u0161\u00ed \u00fasp\u011bch moj\u00ed kari\u00e9ry,\u201c \u0159\u00edk\u00e1 Milan Kadlec junior, cyklista pra\u017esk\u00e9 Dukly, jen\u017e k&nbsp;titulu v&nbsp;bodova\u010dce [&hellip;]<\/p>\n","protected":false},"author":15,"featured_media":0,"comment_status":"closed","ping_status":"open","sticky":false,"template":"","format":"standard","meta":{"footnotes":""},"categories":[17,54,2],"tags":[9],"class_list":["post-8936","post","type-post","status-publish","format-standard","hentry","category-discipliny","category-draha","category-novinky","tag-draha"],"_links":{"self":[{"href":"https:\/\/www.czechcyclingfederation.com\/en\/wp-json\/wp\/v2\/posts\/8936","targetHints":{"allow":["GET"]}}],"collection":[{"href":"https:\/\/www.czechcyclingfederation.com\/en\/wp-json\/wp\/v2\/posts"}],"about":[{"href":"https:\/\/www.czechcyclingfederation.com\/en\/wp-json\/wp\/v2\/types\/post"}],"author":[{"embeddable":true,"href":"https:\/\/www.czechcyclingfederation.com\/en\/wp-json\/wp\/v2\/users\/15"}],"replies":[{"embeddable":true,"href":"https:\/\/www.czechcyclingfederation.com\/en\/wp-json\/wp\/v2\/comments?post=8936"}],"version-history":[{"count":0,"href":"https:\/\/www.czechcyclingfederation.com\/en\/wp-json\/wp\/v2\/posts\/8936\/revisions"}],"wp:attachment":[{"href":"https:\/\/www.czechcyclingfederation.com\/en\/wp-json\/wp\/v2\/media?parent=8936"}],"wp:term":[{"taxonomy":"category","embeddable":true,"href":"https:\/\/www.czechcyclingfederation.com\/en\/wp-json\/wp\/v2\/categories?post=8936"},{"taxonomy":"post_tag","embeddable":true,"href":"https:\/\/www.czechcyclingfederation.com\/en\/wp-json\/wp\/v2\/tags?post=8936"}],"curies":[{"name":"wp","href":"https:\/\/api.w.org\/{rel}","templated":true}]}}