{"id":8926,"date":"2021-08-24T21:50:10","date_gmt":"2021-08-24T19:50:10","guid":{"rendered":"https:\/\/www.czechcyclingfederation.com\/?p=8926"},"modified":"2021-08-24T21:50:12","modified_gmt":"2021-08-24T19:50:12","slug":"machacova-uspela-na-gp-olomouckeho-kraje","status":"publish","type":"post","link":"https:\/\/www.czechcyclingfederation.com\/en\/machacova-uspela-na-gp-olomouckeho-kraje\/","title":{"rendered":"Macha\u010dov\u00e1 usp\u011bla na GP Olomouck\u00e9ho kraje"},"content":{"rendered":"\n<p>Nejlep\u0161\u00ed \u010desk\u00e9 v\u00fdsledky v \u00favodn\u00ed den dr\u00e1hov\u00fdch z\u00e1vod\u016f GP Olomouck\u00e9ho kraje na ov\u00e1lu v Prost\u011bjov\u011b vybojovala zku\u0161en\u00e1 \u010desk\u00e1 reprezentantka Jarmila Macha\u010dov\u00e1 z Dukly Praha. Spolu se Slovenkou Al\u017ebetou Ba\u010d\u00edkovou vyhr\u00e1la madison, ve scratchi skon\u010dila druh\u00e1 a v bodovac\u00edm z\u00e1vodu byla \u010dtvrt\u00e1, kdy\u017e do posledn\u00ed chv\u00edle bojovala o druhou p\u0159\u00ed\u010dku.<\/p>\n\n\n\n<p>Mezi mu\u017ei se na stupn\u011b v\u00edt\u011bz\u016f dostal Robin Wagner (Dukla Brno), kdy\u017e byl t\u0159et\u00ed v keirinu. V dal\u0161\u00ed olympijsk\u00e9 discipl\u00edn\u011b omniu dom\u00e1c\u00ed neusp\u011bli, nejlep\u0161\u00ed byl Jan Vone\u0161 (Dukla Praha), ale a\u017e jeden\u00e1ct\u00fd. Zv\u00edt\u011bzil D\u00e1n Matias Malmberg p\u0159ed sv\u00fdm krajanem Tobiasem Hansenem, t\u0159et\u00ed skon\u010dil&nbsp; Vincent Hoppezak z Nizozem\u00ed.<\/p>\n\n\n\n<p>V\u00fdsledky:<\/p>\n\n\n\n<p>Mu\u017ei:<\/p>\n\n\n\n<p>Keirin:<\/p>\n\n\n\n<p>1. Bretas (\u0158ec.), 2. Castle (N. Z\u00e9l.), 3. Wagner, 4. Topinka (oba Dukla Brno), 5. Min\u010dev (Bul.), 6. Kalogeropoulos (\u0158ec.).<\/p>\n\n\n\n<p>Omnium:<\/p>\n\n\n\n<p>1. Malmberg 128, 2. Hansen (oba S\u00e1n.) 116, 3. Hoppezak (Niz.) 109, 4. Mendez (Arg.) 106, 5.&nbsp; Heijnen 98, 6. van der Veekens (oba Niz.) 96, &#8230;11. Jan Vone\u0161 (Dukla Praha) 60.<\/p>\n\n\n\n<p>\u017deny:<\/p>\n\n\n\n<p>Bodovac\u00ed z\u00e1vod:<\/p>\n\n\n\n<p>1. de Zoeteov\u00e1 (Niz.) 37, 2. Eberhardtov\u00e1 (Rak.) 18, 3. Selvaov\u00e1 (It.) 18, 4. Macha\u010dov\u00e1 (Dukla Praha) 17.<\/p>\n\n\n\n<p>Scratch:<\/p>\n\n\n\n<p>1. Eickhofov\u00e1 (Niz.), 2. Macha\u010dov\u00e1, 3. de Zoeteov\u00e1.<\/p>\n\n\n\n<p>Madison:<\/p>\n\n\n\n<p>1. Macha\u010dov\u00e1, Al\u017ebeta Ba\u010d\u00edkov\u00e1 (Dukla Praha\/SR) 36, 2. Eickhofov\u00e1, de Zoeteov\u00e1 (Niz.) 33, 3. Affaticatiov\u00e1, Selvaov\u00e1 (It.) 19, 4. Hejhalov\u00e1, S. D\u017eerengov\u00e1 (Dukla Praha) 6.<\/p>\n\n\n\n<p>FOTO Jan Brychta<\/p>\n\n\n\n<figure class=\"wp-block-image size-large\"><img loading=\"lazy\" decoding=\"async\" width=\"1024\" height=\"681\" src=\"https:\/\/www.czechcyclingfederation.com\/wp-content\/uploads\/2021\/08\/BrychtaJan_GPCSC_Prostejov_20210824_180416_DSC_2427-1024x681.jpg\" alt=\"\" class=\"wp-image-8928\" srcset=\"https:\/\/www.czechcyclingfederation.com\/wp-content\/uploads\/2021\/08\/BrychtaJan_GPCSC_Prostejov_20210824_180416_DSC_2427-1024x681.jpg 1024w, https:\/\/www.czechcyclingfederation.com\/wp-content\/uploads\/2021\/08\/BrychtaJan_GPCSC_Prostejov_20210824_180416_DSC_2427-300x200.jpg 300w, https:\/\/www.czechcyclingfederation.com\/wp-content\/uploads\/2021\/08\/BrychtaJan_GPCSC_Prostejov_20210824_180416_DSC_2427-768x511.jpg 768w, https:\/\/www.czechcyclingfederation.com\/wp-content\/uploads\/2021\/08\/BrychtaJan_GPCSC_Prostejov_20210824_180416_DSC_2427-1536x1022.jpg 1536w, https:\/\/www.czechcyclingfederation.com\/wp-content\/uploads\/2021\/08\/BrychtaJan_GPCSC_Prostejov_20210824_180416_DSC_2427-1320x878.jpg 1320w, https:\/\/www.czechcyclingfederation.com\/wp-content\/uploads\/2021\/08\/BrychtaJan_GPCSC_Prostejov_20210824_180416_DSC_2427.jpg 2000w\" sizes=\"auto, (max-width: 1024px) 100vw, 1024px\" \/><\/figure>\n\n\n\n<figure class=\"wp-block-image size-large\"><img loading=\"lazy\" decoding=\"async\" width=\"1024\" height=\"681\" src=\"https:\/\/www.czechcyclingfederation.com\/wp-content\/uploads\/2021\/08\/BrychtaJan_GPCSC_Prostejov_20210824_190424_DSC_2467-1024x681.jpg\" alt=\"\" class=\"wp-image-8929\" srcset=\"https:\/\/www.czechcyclingfederation.com\/wp-content\/uploads\/2021\/08\/BrychtaJan_GPCSC_Prostejov_20210824_190424_DSC_2467-1024x681.jpg 1024w, https:\/\/www.czechcyclingfederation.com\/wp-content\/uploads\/2021\/08\/BrychtaJan_GPCSC_Prostejov_20210824_190424_DSC_2467-300x200.jpg 300w, https:\/\/www.czechcyclingfederation.com\/wp-content\/uploads\/2021\/08\/BrychtaJan_GPCSC_Prostejov_20210824_190424_DSC_2467-768x511.jpg 768w, https:\/\/www.czechcyclingfederation.com\/wp-content\/uploads\/2021\/08\/BrychtaJan_GPCSC_Prostejov_20210824_190424_DSC_2467-1536x1022.jpg 1536w, https:\/\/www.czechcyclingfederation.com\/wp-content\/uploads\/2021\/08\/BrychtaJan_GPCSC_Prostejov_20210824_190424_DSC_2467-1320x878.jpg 1320w, https:\/\/www.czechcyclingfederation.com\/wp-content\/uploads\/2021\/08\/BrychtaJan_GPCSC_Prostejov_20210824_190424_DSC_2467.jpg 2000w\" sizes=\"auto, (max-width: 1024px) 100vw, 1024px\" \/><\/figure>\n\n\n\n<figure class=\"wp-block-image size-large\"><img loading=\"lazy\" decoding=\"async\" width=\"1024\" height=\"681\" src=\"https:\/\/www.czechcyclingfederation.com\/wp-content\/uploads\/2021\/08\/BrychtaJan_GPCSC_Prostejov_20210824_145057_DSC_1907-1024x681.jpg\" alt=\"\" class=\"wp-image-8930\" srcset=\"https:\/\/www.czechcyclingfederation.com\/wp-content\/uploads\/2021\/08\/BrychtaJan_GPCSC_Prostejov_20210824_145057_DSC_1907-1024x681.jpg 1024w, https:\/\/www.czechcyclingfederation.com\/wp-content\/uploads\/2021\/08\/BrychtaJan_GPCSC_Prostejov_20210824_145057_DSC_1907-300x200.jpg 300w, https:\/\/www.czechcyclingfederation.com\/wp-content\/uploads\/2021\/08\/BrychtaJan_GPCSC_Prostejov_20210824_145057_DSC_1907-768x511.jpg 768w, https:\/\/www.czechcyclingfederation.com\/wp-content\/uploads\/2021\/08\/BrychtaJan_GPCSC_Prostejov_20210824_145057_DSC_1907-1536x1022.jpg 1536w, https:\/\/www.czechcyclingfederation.com\/wp-content\/uploads\/2021\/08\/BrychtaJan_GPCSC_Prostejov_20210824_145057_DSC_1907-1320x878.jpg 1320w, https:\/\/www.czechcyclingfederation.com\/wp-content\/uploads\/2021\/08\/BrychtaJan_GPCSC_Prostejov_20210824_145057_DSC_1907.jpg 2000w\" sizes=\"auto, (max-width: 1024px) 100vw, 1024px\" \/><\/figure>\n\n\n\n<figure class=\"wp-block-image size-large\"><img loading=\"lazy\" decoding=\"async\" width=\"1024\" height=\"681\" src=\"https:\/\/www.czechcyclingfederation.com\/wp-content\/uploads\/2021\/08\/BrychtaJan_GPCSC_Prostejov_20210824_160056_DSC_2093-1024x681.jpg\" alt=\"\" class=\"wp-image-8931\" srcset=\"https:\/\/www.czechcyclingfederation.com\/wp-content\/uploads\/2021\/08\/BrychtaJan_GPCSC_Prostejov_20210824_160056_DSC_2093-1024x681.jpg 1024w, https:\/\/www.czechcyclingfederation.com\/wp-content\/uploads\/2021\/08\/BrychtaJan_GPCSC_Prostejov_20210824_160056_DSC_2093-300x200.jpg 300w, https:\/\/www.czechcyclingfederation.com\/wp-content\/uploads\/2021\/08\/BrychtaJan_GPCSC_Prostejov_20210824_160056_DSC_2093-768x511.jpg 768w, https:\/\/www.czechcyclingfederation.com\/wp-content\/uploads\/2021\/08\/BrychtaJan_GPCSC_Prostejov_20210824_160056_DSC_2093-1536x1022.jpg 1536w, https:\/\/www.czechcyclingfederation.com\/wp-content\/uploads\/2021\/08\/BrychtaJan_GPCSC_Prostejov_20210824_160056_DSC_2093-1320x878.jpg 1320w, https:\/\/www.czechcyclingfederation.com\/wp-content\/uploads\/2021\/08\/BrychtaJan_GPCSC_Prostejov_20210824_160056_DSC_2093.jpg 2000w\" sizes=\"auto, (max-width: 1024px) 100vw, 1024px\" \/><\/figure>\n\n\n\n<figure class=\"wp-block-image size-large\"><img loading=\"lazy\" decoding=\"async\" width=\"1024\" height=\"681\" src=\"https:\/\/www.czechcyclingfederation.com\/wp-content\/uploads\/2021\/08\/BrychtaJan_GPCSC_Prostejov_20210824_175847_DSC_2413-1024x681.jpg\" alt=\"\" class=\"wp-image-8932\" srcset=\"https:\/\/www.czechcyclingfederation.com\/wp-content\/uploads\/2021\/08\/BrychtaJan_GPCSC_Prostejov_20210824_175847_DSC_2413-1024x681.jpg 1024w, https:\/\/www.czechcyclingfederation.com\/wp-content\/uploads\/2021\/08\/BrychtaJan_GPCSC_Prostejov_20210824_175847_DSC_2413-300x200.jpg 300w, https:\/\/www.czechcyclingfederation.com\/wp-content\/uploads\/2021\/08\/BrychtaJan_GPCSC_Prostejov_20210824_175847_DSC_2413-768x511.jpg 768w, https:\/\/www.czechcyclingfederation.com\/wp-content\/uploads\/2021\/08\/BrychtaJan_GPCSC_Prostejov_20210824_175847_DSC_2413-1536x1022.jpg 1536w, https:\/\/www.czechcyclingfederation.com\/wp-content\/uploads\/2021\/08\/BrychtaJan_GPCSC_Prostejov_20210824_175847_DSC_2413-1320x878.jpg 1320w, https:\/\/www.czechcyclingfederation.com\/wp-content\/uploads\/2021\/08\/BrychtaJan_GPCSC_Prostejov_20210824_175847_DSC_2413.jpg 2000w\" sizes=\"auto, (max-width: 1024px) 100vw, 1024px\" \/><\/figure>\n\n\n\n<figure class=\"wp-block-image size-large\"><img loading=\"lazy\" decoding=\"async\" width=\"1024\" height=\"681\" src=\"https:\/\/www.czechcyclingfederation.com\/wp-content\/uploads\/2021\/08\/BrychtaJan_GPCSC_Prostejov_20210824_175944_DSC_2422-1024x681.jpg\" alt=\"\" class=\"wp-image-8933\" srcset=\"https:\/\/www.czechcyclingfederation.com\/wp-content\/uploads\/2021\/08\/BrychtaJan_GPCSC_Prostejov_20210824_175944_DSC_2422-1024x681.jpg 1024w, https:\/\/www.czechcyclingfederation.com\/wp-content\/uploads\/2021\/08\/BrychtaJan_GPCSC_Prostejov_20210824_175944_DSC_2422-300x200.jpg 300w, https:\/\/www.czechcyclingfederation.com\/wp-content\/uploads\/2021\/08\/BrychtaJan_GPCSC_Prostejov_20210824_175944_DSC_2422-768x511.jpg 768w, https:\/\/www.czechcyclingfederation.com\/wp-content\/uploads\/2021\/08\/BrychtaJan_GPCSC_Prostejov_20210824_175944_DSC_2422-1536x1022.jpg 1536w, https:\/\/www.czechcyclingfederation.com\/wp-content\/uploads\/2021\/08\/BrychtaJan_GPCSC_Prostejov_20210824_175944_DSC_2422-1320x878.jpg 1320w, https:\/\/www.czechcyclingfederation.com\/wp-content\/uploads\/2021\/08\/BrychtaJan_GPCSC_Prostejov_20210824_175944_DSC_2422.jpg 2000w\" sizes=\"auto, (max-width: 1024px) 100vw, 1024px\" \/><\/figure>\n","protected":false},"excerpt":{"rendered":"<p>Nejlep\u0161\u00ed \u010desk\u00e9 v\u00fdsledky v \u00favodn\u00ed den dr\u00e1hov\u00fdch z\u00e1vod\u016f GP Olomouck\u00e9ho kraje na ov\u00e1lu v Prost\u011bjov\u011b vybojovala zku\u0161en\u00e1 \u010desk\u00e1 reprezentantka Jarmila Macha\u010dov\u00e1 z Dukly Praha. Spolu se Slovenkou Al\u017ebetou Ba\u010d\u00edkovou vyhr\u00e1la madison, ve scratchi skon\u010dila druh\u00e1 a v bodovac\u00edm z\u00e1vodu byla \u010dtvrt\u00e1, kdy\u017e do posledn\u00ed chv\u00edle bojovala o druhou p\u0159\u00ed\u010dku. Mezi mu\u017ei se na stupn\u011b v\u00edt\u011bz\u016f [&hellip;]<\/p>\n","protected":false},"author":8,"featured_media":8927,"comment_status":"closed","ping_status":"open","sticky":false,"template":"","format":"standard","meta":{"footnotes":""},"categories":[54,2],"tags":[9],"class_list":["post-8926","post","type-post","status-publish","format-standard","has-post-thumbnail","hentry","category-draha","category-novinky","tag-draha"],"_links":{"self":[{"href":"https:\/\/www.czechcyclingfederation.com\/en\/wp-json\/wp\/v2\/posts\/8926","targetHints":{"allow":["GET"]}}],"collection":[{"href":"https:\/\/www.czechcyclingfederation.com\/en\/wp-json\/wp\/v2\/posts"}],"about":[{"href":"https:\/\/www.czechcyclingfederation.com\/en\/wp-json\/wp\/v2\/types\/post"}],"author":[{"embeddable":true,"href":"https:\/\/www.czechcyclingfederation.com\/en\/wp-json\/wp\/v2\/users\/8"}],"replies":[{"embeddable":true,"href":"https:\/\/www.czechcyclingfederation.com\/en\/wp-json\/wp\/v2\/comments?post=8926"}],"version-history":[{"count":1,"href":"https:\/\/www.czechcyclingfederation.com\/en\/wp-json\/wp\/v2\/posts\/8926\/revisions"}],"predecessor-version":[{"id":8934,"href":"https:\/\/www.czechcyclingfederation.com\/en\/wp-json\/wp\/v2\/posts\/8926\/revisions\/8934"}],"wp:featuredmedia":[{"embeddable":true,"href":"https:\/\/www.czechcyclingfederation.com\/en\/wp-json\/wp\/v2\/media\/8927"}],"wp:attachment":[{"href":"https:\/\/www.czechcyclingfederation.com\/en\/wp-json\/wp\/v2\/media?parent=8926"}],"wp:term":[{"taxonomy":"category","embeddable":true,"href":"https:\/\/www.czechcyclingfederation.com\/en\/wp-json\/wp\/v2\/categories?post=8926"},{"taxonomy":"post_tag","embeddable":true,"href":"https:\/\/www.czechcyclingfederation.com\/en\/wp-json\/wp\/v2\/tags?post=8926"}],"curies":[{"name":"wp","href":"https:\/\/api.w.org\/{rel}","templated":true}]}}