{"id":8875,"date":"2021-08-22T17:56:35","date_gmt":"2021-08-22T15:56:35","guid":{"rendered":"https:\/\/www.czechcyclingfederation.com\/?p=8875"},"modified":"2021-08-22T17:56:37","modified_gmt":"2021-08-22T15:56:37","slug":"kadlec-s-koblizkem-pridali-na-me-bronz","status":"publish","type":"post","link":"https:\/\/www.czechcyclingfederation.com\/en\/kadlec-s-koblizkem-pridali-na-me-bronz\/","title":{"rendered":"Kadlec s Kobl\u00ed\u017ekem p\u0159idali na ME bronz"},"content":{"rendered":"\n<p>\u00dasp\u011b\u0161n\u00e9 vystoupen\u00ed mlad\u00fdch \u010desk\u00fdch dr\u00e1ha\u0159\u016f na evropsk\u00e9m \u0161ampion\u00e1tu v\u00a0nizozemsk\u00e9m Apeldoornu zavr\u0161ila dvojice junior\u016f Maty\u00e1\u0161 Kobl\u00ed\u017eek a Milan Kadlec ziskem bronzov\u00e9 medaile v\u00a0madisonu. Dva mist\u0159i Evropy z\u00a0p\u0159edchoz\u00edch dn\u016f nasb\u00edrali 40 bod\u016f, ale je\u0161t\u011b p\u0159ed z\u00e1v\u011bre\u010dn\u00fdm dvojn\u00e1sobn\u00fdm bodov\u00e1n\u00edm m\u011bli nad\u011bji i na zisk zlata.<\/p>\n\n\n\n<p>To d\u00edky desetibodov\u00e9mu zisku uh\u00e1jili Britov\u00e9&nbsp; Charlton s&nbsp;Giddingsem, st\u0159\u00edbro si zajistili druh\u00fdm m\u00edstem v&nbsp;posledn\u00ed bodov\u00e1n\u00ed n\u011bme\u010dt\u00ed mlad\u00edci Masckte a Zippan. Ve stejn\u00e9 discipl\u00edn\u011b \u017een kategorie U23 skon\u010dila dvojice Kristr\u00fdna Burlov\u00e1 a Petra \u0160ev\u010d\u00edkov\u00e1 p\u00e1t\u00e1.<\/p>\n\n\n\n<p>V\u00fdsledky:<\/p>\n\n\n\n<p>Juniorky:<\/p>\n\n\n\n<p>Madison:<\/p>\n\n\n\n<p>1. Couzensov\u00e1, Backstedtov\u00e1 (Brit.) 68, 2. Simonov\u00e1, Eberleov\u00e1 (N\u011bm.) 27, 3. Veenhovenov\u00e1, van der Molenov\u00e1 (Niz.) 19, &#8230;7. N\u011bmcov\u00e1, B\u00e1rtov\u00e1 (\u010cR) 0.<\/p>\n\n\n\n<p>Junio\u0159i:<\/p>\n\n\n\n<p>Madison:<\/p>\n\n\n\n<p>1. Charlton, Giddings (Brit.) 52, 2.&nbsp; Masckte, Zippan (N\u011bm.) 44, 3. M.\u0161 Kobl\u00ed\u017eek, Kadlec (\u010cR) 40.<\/p>\n\n\n\n<p>Mu\u017ei U23:<\/p>\n\n\n\n<p>Keirin:<\/p>\n\n\n\n<p>1. Jakovlev (Rus.), 2. Rochna (Pol.), 3. Derache (Fr.), &#8230;9. \u0160\u0165astn\u00fd (\u010cR)&#8230;<\/p>\n\n\n\n<p>\u017deny U23:<\/p>\n\n\n\n<p>Keirin:<\/p>\n\n\n\n<p>1. Andrejevov\u00e1, 2. Ty\u0161\u010denkov\u00e1 (ob\u011b Rus.), 3. Propsterov\u00e1 (N\u011bm.), &#8230;8. V. Jaborn\u00edkov\u00e1 (\u010cR).<\/p>\n\n\n\n<p>Madison:<\/p>\n\n\n\n<p>1. Consonniov\u00e1, Fidanzaov\u00e1 (It.) 46, 2. van der Duinov\u00e1, Raaijmakrsov\u00e1 (Niz.) 28, 3. Malkov\u00e1, Rostovcevov\u00e1 (Rus.) 22, &#8230;5. Burlov\u00e1, \u0160ev\u010d\u00edkov\u00e1 (\u010cR) 2.<\/p>\n\n\n\n<p>FOTO Milan Kadlec<\/p>\n\n\n\n<figure class=\"wp-block-image size-large\"><img loading=\"lazy\" decoding=\"async\" width=\"768\" height=\"1024\" src=\"https:\/\/www.czechcyclingfederation.com\/wp-content\/uploads\/2021\/08\/IMG-20210822-WA0002-768x1024.jpg\" alt=\"\" class=\"wp-image-8877\" srcset=\"https:\/\/www.czechcyclingfederation.com\/wp-content\/uploads\/2021\/08\/IMG-20210822-WA0002-768x1024.jpg 768w, https:\/\/www.czechcyclingfederation.com\/wp-content\/uploads\/2021\/08\/IMG-20210822-WA0002-150x200.jpg 150w, https:\/\/www.czechcyclingfederation.com\/wp-content\/uploads\/2021\/08\/IMG-20210822-WA0002-1152x1536.jpg 1152w, https:\/\/www.czechcyclingfederation.com\/wp-content\/uploads\/2021\/08\/IMG-20210822-WA0002-1320x1760.jpg 1320w, https:\/\/www.czechcyclingfederation.com\/wp-content\/uploads\/2021\/08\/IMG-20210822-WA0002.jpg 1536w\" sizes=\"auto, (max-width: 768px) 100vw, 768px\" \/><\/figure>\n\n\n\n<figure class=\"wp-block-image size-large\"><img loading=\"lazy\" decoding=\"async\" width=\"1024\" height=\"766\" src=\"https:\/\/www.czechcyclingfederation.com\/wp-content\/uploads\/2021\/08\/IMG-20210822-WA0004-1024x766.jpg\" alt=\"\" class=\"wp-image-8878\" srcset=\"https:\/\/www.czechcyclingfederation.com\/wp-content\/uploads\/2021\/08\/IMG-20210822-WA0004-1024x766.jpg 1024w, https:\/\/www.czechcyclingfederation.com\/wp-content\/uploads\/2021\/08\/IMG-20210822-WA0004-267x200.jpg 267w, https:\/\/www.czechcyclingfederation.com\/wp-content\/uploads\/2021\/08\/IMG-20210822-WA0004-768x575.jpg 768w, https:\/\/www.czechcyclingfederation.com\/wp-content\/uploads\/2021\/08\/IMG-20210822-WA0004-1536x1149.jpg 1536w, https:\/\/www.czechcyclingfederation.com\/wp-content\/uploads\/2021\/08\/IMG-20210822-WA0004-1320x987.jpg 1320w, https:\/\/www.czechcyclingfederation.com\/wp-content\/uploads\/2021\/08\/IMG-20210822-WA0004.jpg 2048w\" sizes=\"auto, (max-width: 1024px) 100vw, 1024px\" \/><\/figure>\n","protected":false},"excerpt":{"rendered":"<p>\u00dasp\u011b\u0161n\u00e9 vystoupen\u00ed mlad\u00fdch \u010desk\u00fdch dr\u00e1ha\u0159\u016f na evropsk\u00e9m \u0161ampion\u00e1tu v\u00a0nizozemsk\u00e9m Apeldoornu zavr\u0161ila dvojice junior\u016f Maty\u00e1\u0161 Kobl\u00ed\u017eek a Milan Kadlec ziskem bronzov\u00e9 medaile v\u00a0madisonu. Dva mist\u0159i Evropy z\u00a0p\u0159edchoz\u00edch dn\u016f nasb\u00edrali 40 bod\u016f, ale je\u0161t\u011b p\u0159ed z\u00e1v\u011bre\u010dn\u00fdm dvojn\u00e1sobn\u00fdm bodov\u00e1n\u00edm m\u011bli nad\u011bji i na zisk zlata. To d\u00edky desetibodov\u00e9mu zisku uh\u00e1jili Britov\u00e9&nbsp; Charlton s&nbsp;Giddingsem, st\u0159\u00edbro si zajistili druh\u00fdm m\u00edstem [&hellip;]<\/p>\n","protected":false},"author":8,"featured_media":8876,"comment_status":"closed","ping_status":"open","sticky":false,"template":"","format":"standard","meta":{"footnotes":""},"categories":[54,2,103],"tags":[9],"class_list":["post-8875","post","type-post","status-publish","format-standard","has-post-thumbnail","hentry","category-draha","category-novinky","category-reprezentace","tag-draha"],"_links":{"self":[{"href":"https:\/\/www.czechcyclingfederation.com\/en\/wp-json\/wp\/v2\/posts\/8875","targetHints":{"allow":["GET"]}}],"collection":[{"href":"https:\/\/www.czechcyclingfederation.com\/en\/wp-json\/wp\/v2\/posts"}],"about":[{"href":"https:\/\/www.czechcyclingfederation.com\/en\/wp-json\/wp\/v2\/types\/post"}],"author":[{"embeddable":true,"href":"https:\/\/www.czechcyclingfederation.com\/en\/wp-json\/wp\/v2\/users\/8"}],"replies":[{"embeddable":true,"href":"https:\/\/www.czechcyclingfederation.com\/en\/wp-json\/wp\/v2\/comments?post=8875"}],"version-history":[{"count":1,"href":"https:\/\/www.czechcyclingfederation.com\/en\/wp-json\/wp\/v2\/posts\/8875\/revisions"}],"predecessor-version":[{"id":8879,"href":"https:\/\/www.czechcyclingfederation.com\/en\/wp-json\/wp\/v2\/posts\/8875\/revisions\/8879"}],"wp:featuredmedia":[{"embeddable":true,"href":"https:\/\/www.czechcyclingfederation.com\/en\/wp-json\/wp\/v2\/media\/8876"}],"wp:attachment":[{"href":"https:\/\/www.czechcyclingfederation.com\/en\/wp-json\/wp\/v2\/media?parent=8875"}],"wp:term":[{"taxonomy":"category","embeddable":true,"href":"https:\/\/www.czechcyclingfederation.com\/en\/wp-json\/wp\/v2\/categories?post=8875"},{"taxonomy":"post_tag","embeddable":true,"href":"https:\/\/www.czechcyclingfederation.com\/en\/wp-json\/wp\/v2\/tags?post=8875"}],"curies":[{"name":"wp","href":"https:\/\/api.w.org\/{rel}","templated":true}]}}