{"id":8853,"date":"2021-08-21T19:36:36","date_gmt":"2021-08-21T17:36:36","guid":{"rendered":"https:\/\/www.czechcyclingfederation.com\/?p=8853"},"modified":"2021-08-21T22:12:18","modified_gmt":"2021-08-21T20:12:18","slug":"junior-kadlec-je-evropskym-sampionem-v-bodovacce","status":"publish","type":"post","link":"https:\/\/www.czechcyclingfederation.com\/en\/junior-kadlec-je-evropskym-sampionem-v-bodovacce\/","title":{"rendered":"Junior Kadlec je evropsk\u00fdm \u0161ampionem v bodova\u010dce, Babor m\u00e1 bronz"},"content":{"rendered":"\n<p>T\u0159et\u00ed a \u010dtvrtou medaili, z toho druhou zlatou a bronzovou, ji\u017e maj\u00ed na sv\u00e9m kont\u011b \u010de\u0161t\u00ed reprezentanti na evropsk\u00e9m \u0161ampion\u00e1tu juniorsk\u00fdch kategori\u00ed a jezdc\u016f U23 v nizozemsk\u00e9m Apeldoornu. Dnes na nejvy\u0161\u0161\u00ed stupe\u0148 vystoupil Milan Kadlec, syn reprezenta\u010dn\u00edho tren\u00e9ra a b\u00fdval\u00e9ho skv\u011bl\u00e9ho dr\u00e1ha\u0159e i silni\u010d\u00e1\u0159e stejn\u00e9ho jm\u00e9na, v bodovac\u00edm z\u00e1vodu. Sv\u016fj druh\u00fd bronz vybojoval Daniel Babor (U23) v madisonu.<\/p>\n\n\n\n<p>Kadlec by po cel\u00fd z\u00e1vod velice aktivn\u00ed a \u00fasp\u011b\u0161n\u00fd v z\u00edsk\u00e1v\u00e1n\u00ed kol n\u00e1skoku. Cel\u00fd z\u00e1vod byl pln\u00fd \u00fasp\u011b\u0161n\u00fdch \u00fanik\u016f. Celkem 13 jezdc\u016f z dvaadvaceti\u010dlenn\u00e9ho startovn\u00edho pole z\u00edskalo minim\u00e1ln\u011b jeden okruh k dobru. Kadlec to dok\u00e1zal t\u0159ikr\u00e1t a stejn\u011b \u00fasp\u011b\u0161n\u00ed byli i dal\u0161\u00ed dva medailist\u00e9 &#8211; st\u0159\u00edbrn\u00fd Gregory Pouvreault z Francie a rusk\u00fd mlad\u00edk Michail Postarnak.<\/p>\n\n\n\n<p>\u010cesk\u00fd jezdec ale nav\u00edc dok\u00e1zal vyhr\u00e1t dva bodovan\u00e9 spurty a nav\u00edc jednou byl druh\u00fd a jednou t\u0159et\u00ed. Jasn\u011b nejl\u00e9pe boduj\u00edc\u00edm jezdcem byl Jan Christen ze \u0160v\u00fdcarska, kter\u00fd nab\u00edral 22 bod\u016f, ale dok\u00e1zal vybojoval pouze dva okruhy k dobru co\u017e mu sta\u010dilo jen na \u010dtvrtou pozici.<\/p>\n\n\n\n<p>&#8220;Jsem hodn\u011b r\u00e1d, \u0161\u0165astn\u00fd. Da\u0159ilo se mi nastupovat do dobr\u00fdch \u00fanik\u016f a z\u00edsk\u00e1vat kola n\u00e1skoku, byla to i moje p\u0159edem stanoven\u00e1 taktika. Do posledn\u00edho kola ale nebylo nic rozhodnuto. P\u011bt okruh\u016f p\u0159ed c\u00edlem jsme dali spolu s Francouzem rundu a pak jsem ji\u017e jen doufal, \u017ee to dopadne,&#8221; \u0159ekl \u010derstv\u00fd evropsk\u00fd \u0161ampion.<br>V Apeldoornu ji\u017e byl \u0161est\u00fd v omniu a je\u0161t\u011b v ned\u011bli jej \u010dek\u00e1 start v madisomu. Ten pojede spolu s Maty\u00e1\u0161ek Kobl\u00ed\u017ekem. &#8220;I on m\u00e1 ji\u017e zlato a mysl\u00edm, \u017ee mi zbylo dost sil a docela si v\u011b\u0159\u00edme,&#8221; dodal Milan Kadlec.<\/p>\n\n\n\n<p>Daniel Babor vstupoval do bodova\u010dky omnia a\u017e z osm\u00e9 pozice, ale z\u00e1v\u011bre\u010dn\u00e1 discipl\u00edna mu vy\u0161la skv\u011ble. Bl jedn\u00edm z p\u011bti jezdc\u016f, kter\u00fdm se poda\u0159ilo z\u00edskat kolo n\u00e1skoku a d\u00edky deseibodov\u00e9mu zisku ze z\u00e1v\u011bre\u010dn\u00e9ho spurtu se vyhoup\u00fal a\u017e na stupn\u011b v\u00edt\u011bz\u016f.<br>Jen t\u011bsn\u011b pod stupni v\u00edt\u011bzek skon\u010dila na \u010dtvrt\u00e9m m\u00edst\u011b Anna Jaborn\u00edkov\u00e1 v keirinu \u017een kategorie U23<\/p>\n\n\n\n<p><strong>V\u00fdsledky:<\/strong><\/p>\n\n\n\n<p>Junio\u0159i:<\/p>\n\n\n\n<p>Bodovac\u00ed z\u00e1vod:<\/p>\n\n\n\n<p>1. Kadlec (\u010cR) 74, 2. Pouvreault (Fr.) 68, 3. Postarnak (Rus.) 67.<\/p>\n\n\n\n<p>Keirin:<\/p>\n\n\n\n<ol class=\"wp-block-list\"><li>Kala\u010dnik, 2. \u0160ekela\u0161vili (oba Rus.), 3. Gross (N\u011bm.), \u2026 10. Mal\u00e1\u0161ek (\u010cR).<\/li><li>Mu\u017ei U23:<br>Sprint:<\/li><li>Jakovlev (Rus.), 2. Derache (Fr.), 3. Hohne (N\u011bm.), \u20269. \u0160\u0165astn\u00fd (\u010cR).<br>Omnium:<\/li><li>Malmberg (D\u00e1n.) 123, 2. van den Bossche (Belg.) 119, 3. Babor (\u010cR) 115.<br>\u017deny U23:<br>500 s pevn\u00fdm startem:<\/li><li>Ty\u0161\u010denkov\u00e1 (Rus.) 34,271, 2. van der Peetov\u00e1 (Niz.) 34,580, 3. Propsterov\u00e1 (N\u011bm.) 34,580, \u202610. V. Jaborn\u00edkov\u00e1 (\u010cR) 35,488.<br>Omnium:<\/li><li>Martinsov\u00e1 (Port.) 126, 2. van der Duinov\u00e1 (Niz.) 122, 3. Teutenbergov\u00e1 (N\u011bm.) 121, \u202615. \u0160ev\u010d\u00edkov\u00e1 (\u010cR) 51.<br>Juniorky:<br>Bodovac\u00ed z\u00e1vod:<\/li><li>Ivan\u010denkov\u00e1 (Rus.) 76, 2. Leechov\u00e1 (Brit.) 34, 3. Jahrigov\u00e1 (N\u011bm.) 33, \u202618. Runtov\u00e1 (\u010cR) -40.<br>Keirin:<\/li><li>Lysenkov\u00e1 (Rus.), 2. Bileck\u00e1 (Ukr.), 3. Edmundsov\u00e1 (Brit.), 4. A. Jaborn\u00edkov\u00e1, \u202611. Poulov\u00e1 (ob\u011b \u010cR).<\/li><\/ol>\n\n\n\n<p>FOTO Martin Cetkovsk\u00fd<\/p>\n\n\n\n<figure class=\"wp-block-image size-large\"><img loading=\"lazy\" decoding=\"async\" width=\"1024\" height=\"766\" src=\"https:\/\/www.czechcyclingfederation.com\/wp-content\/uploads\/2021\/08\/IMG-20210821-WA0001-1024x766.jpg\" alt=\"\" class=\"wp-image-8855\" srcset=\"https:\/\/www.czechcyclingfederation.com\/wp-content\/uploads\/2021\/08\/IMG-20210821-WA0001-1024x766.jpg 1024w, https:\/\/www.czechcyclingfederation.com\/wp-content\/uploads\/2021\/08\/IMG-20210821-WA0001-267x200.jpg 267w, https:\/\/www.czechcyclingfederation.com\/wp-content\/uploads\/2021\/08\/IMG-20210821-WA0001-768x575.jpg 768w, https:\/\/www.czechcyclingfederation.com\/wp-content\/uploads\/2021\/08\/IMG-20210821-WA0001-1536x1149.jpg 1536w, https:\/\/www.czechcyclingfederation.com\/wp-content\/uploads\/2021\/08\/IMG-20210821-WA0001-1320x987.jpg 1320w, https:\/\/www.czechcyclingfederation.com\/wp-content\/uploads\/2021\/08\/IMG-20210821-WA0001.jpg 2048w\" sizes=\"auto, (max-width: 1024px) 100vw, 1024px\" \/><\/figure>\n\n\n\n<figure class=\"wp-block-image size-large\"><img loading=\"lazy\" decoding=\"async\" width=\"768\" height=\"1024\" src=\"https:\/\/www.czechcyclingfederation.com\/wp-content\/uploads\/2021\/08\/IMG-20210821-WA0012-768x1024.jpg\" alt=\"\" class=\"wp-image-8856\" srcset=\"https:\/\/www.czechcyclingfederation.com\/wp-content\/uploads\/2021\/08\/IMG-20210821-WA0012-768x1024.jpg 768w, https:\/\/www.czechcyclingfederation.com\/wp-content\/uploads\/2021\/08\/IMG-20210821-WA0012-150x200.jpg 150w, https:\/\/www.czechcyclingfederation.com\/wp-content\/uploads\/2021\/08\/IMG-20210821-WA0012-1152x1536.jpg 1152w, https:\/\/www.czechcyclingfederation.com\/wp-content\/uploads\/2021\/08\/IMG-20210821-WA0012-1320x1760.jpg 1320w, https:\/\/www.czechcyclingfederation.com\/wp-content\/uploads\/2021\/08\/IMG-20210821-WA0012.jpg 1536w\" sizes=\"auto, (max-width: 768px) 100vw, 768px\" \/><\/figure>\n\n\n\n<figure class=\"wp-block-image size-large\"><img loading=\"lazy\" decoding=\"async\" width=\"766\" height=\"1024\" src=\"https:\/\/www.czechcyclingfederation.com\/wp-content\/uploads\/2021\/08\/IMG-20210821-WA0005-766x1024.jpg\" alt=\"\" class=\"wp-image-8857\" srcset=\"https:\/\/www.czechcyclingfederation.com\/wp-content\/uploads\/2021\/08\/IMG-20210821-WA0005-766x1024.jpg 766w, https:\/\/www.czechcyclingfederation.com\/wp-content\/uploads\/2021\/08\/IMG-20210821-WA0005-150x200.jpg 150w, https:\/\/www.czechcyclingfederation.com\/wp-content\/uploads\/2021\/08\/IMG-20210821-WA0005-768x1027.jpg 768w, https:\/\/www.czechcyclingfederation.com\/wp-content\/uploads\/2021\/08\/IMG-20210821-WA0005-1149x1536.jpg 1149w, https:\/\/www.czechcyclingfederation.com\/wp-content\/uploads\/2021\/08\/IMG-20210821-WA0005-1320x1765.jpg 1320w, https:\/\/www.czechcyclingfederation.com\/wp-content\/uploads\/2021\/08\/IMG-20210821-WA0005.jpg 1532w\" sizes=\"auto, (max-width: 766px) 100vw, 766px\" \/><\/figure>\n\n\n\n<figure class=\"wp-block-image size-large\"><img loading=\"lazy\" decoding=\"async\" width=\"1024\" height=\"768\" src=\"https:\/\/www.czechcyclingfederation.com\/wp-content\/uploads\/2021\/08\/Babor-IMG-20210818-WA0012-1024x768.jpg\" alt=\"\" class=\"wp-image-8865\" srcset=\"https:\/\/www.czechcyclingfederation.com\/wp-content\/uploads\/2021\/08\/Babor-IMG-20210818-WA0012-1024x768.jpg 1024w, https:\/\/www.czechcyclingfederation.com\/wp-content\/uploads\/2021\/08\/Babor-IMG-20210818-WA0012-267x200.jpg 267w, https:\/\/www.czechcyclingfederation.com\/wp-content\/uploads\/2021\/08\/Babor-IMG-20210818-WA0012-768x576.jpg 768w, https:\/\/www.czechcyclingfederation.com\/wp-content\/uploads\/2021\/08\/Babor-IMG-20210818-WA0012-1536x1152.jpg 1536w, https:\/\/www.czechcyclingfederation.com\/wp-content\/uploads\/2021\/08\/Babor-IMG-20210818-WA0012-1320x990.jpg 1320w, https:\/\/www.czechcyclingfederation.com\/wp-content\/uploads\/2021\/08\/Babor-IMG-20210818-WA0012.jpg 2048w\" sizes=\"auto, (max-width: 1024px) 100vw, 1024px\" \/><\/figure>\n","protected":false},"excerpt":{"rendered":"<p>T\u0159et\u00ed a \u010dtvrtou medaili, z toho druhou zlatou a bronzovou, ji\u017e maj\u00ed na sv\u00e9m kont\u011b \u010de\u0161t\u00ed reprezentanti na evropsk\u00e9m \u0161ampion\u00e1tu juniorsk\u00fdch kategori\u00ed a jezdc\u016f U23 v nizozemsk\u00e9m Apeldoornu. Dnes na nejvy\u0161\u0161\u00ed stupe\u0148 vystoupil Milan Kadlec, syn reprezenta\u010dn\u00edho tren\u00e9ra a b\u00fdval\u00e9ho skv\u011bl\u00e9ho dr\u00e1ha\u0159e i silni\u010d\u00e1\u0159e stejn\u00e9ho jm\u00e9na, v bodovac\u00edm z\u00e1vodu. Sv\u016fj druh\u00fd bronz vybojoval Daniel Babor [&hellip;]<\/p>\n","protected":false},"author":8,"featured_media":8854,"comment_status":"closed","ping_status":"open","sticky":false,"template":"","format":"standard","meta":{"footnotes":""},"categories":[54,2,103],"tags":[9],"class_list":["post-8853","post","type-post","status-publish","format-standard","has-post-thumbnail","hentry","category-draha","category-novinky","category-reprezentace","tag-draha"],"_links":{"self":[{"href":"https:\/\/www.czechcyclingfederation.com\/en\/wp-json\/wp\/v2\/posts\/8853","targetHints":{"allow":["GET"]}}],"collection":[{"href":"https:\/\/www.czechcyclingfederation.com\/en\/wp-json\/wp\/v2\/posts"}],"about":[{"href":"https:\/\/www.czechcyclingfederation.com\/en\/wp-json\/wp\/v2\/types\/post"}],"author":[{"embeddable":true,"href":"https:\/\/www.czechcyclingfederation.com\/en\/wp-json\/wp\/v2\/users\/8"}],"replies":[{"embeddable":true,"href":"https:\/\/www.czechcyclingfederation.com\/en\/wp-json\/wp\/v2\/comments?post=8853"}],"version-history":[{"count":3,"href":"https:\/\/www.czechcyclingfederation.com\/en\/wp-json\/wp\/v2\/posts\/8853\/revisions"}],"predecessor-version":[{"id":8866,"href":"https:\/\/www.czechcyclingfederation.com\/en\/wp-json\/wp\/v2\/posts\/8853\/revisions\/8866"}],"wp:featuredmedia":[{"embeddable":true,"href":"https:\/\/www.czechcyclingfederation.com\/en\/wp-json\/wp\/v2\/media\/8854"}],"wp:attachment":[{"href":"https:\/\/www.czechcyclingfederation.com\/en\/wp-json\/wp\/v2\/media?parent=8853"}],"wp:term":[{"taxonomy":"category","embeddable":true,"href":"https:\/\/www.czechcyclingfederation.com\/en\/wp-json\/wp\/v2\/categories?post=8853"},{"taxonomy":"post_tag","embeddable":true,"href":"https:\/\/www.czechcyclingfederation.com\/en\/wp-json\/wp\/v2\/tags?post=8853"}],"curies":[{"name":"wp","href":"https:\/\/api.w.org\/{rel}","templated":true}]}}