{"id":8762,"date":"2021-08-19T20:24:14","date_gmt":"2021-08-19T18:24:14","guid":{"rendered":"https:\/\/www.czechcyclingfederation.com\/?p=8762"},"modified":"2021-08-19T20:24:15","modified_gmt":"2021-08-19T18:24:15","slug":"zaverecny-zavod-ctyr-drah","status":"publish","type":"post","link":"https:\/\/www.czechcyclingfederation.com\/en\/zaverecny-zavod-ctyr-drah\/","title":{"rendered":"Z\u00e1v\u011bre\u010dn\u00fd z\u00e1vod \u010cty\u0159 drah"},"content":{"rendered":"\n<p>Na brn\u011bnsk\u00e9m ov\u00e1lu pokra\u010doval \u010cesk\u00fd poh\u00e1r ml\u00e1de\u017ee a \u017een dal\u0161\u00edm podnikem, z\u00e1rove\u0148 z\u00e1v\u011bre\u010dn\u00fdm \u010dtvrt\u00fdm d\u00edlem seri\u00e1lu \u010cty\u0159 drah. Na startu tentokr\u00e1t byli i mu\u017ei a nejl\u00e9pe si vedla dvojice Favoritu Brno Josef \u010cekal a Adam K\u0159enek. Spole\u010dn\u011b vyhr\u00e1li madison, K\u0159enek p\u0159idal v\u00edt\u011bzstv\u00ed i v\u00a0omniu a \u010cekal v\u00a0n\u011bm byl druh\u00fd.<\/p>\n\n\n\n<p>Omnium \u017een, juniorek a kadetek ovl\u00e1dla Dagmar Hejhalov\u00e1 z Dukla Praha p\u0159ed svoji odd\u00edlovou kolegyn\u00ed Vendulou Strakatou a Ad\u00e9lou Hermanovou z&nbsp;celku Sportcomplex B\u0159eclav.&nbsp;<\/p>\n\n\n\n<p>V\u00fdsledky:<\/p>\n\n\n\n<p>Madison:<\/p>\n\n\n\n<p>Mu\u017ei a junio\u0159i:<\/p>\n\n\n\n<p>1. \u010cekal, K\u0159enek (TJ Favorit Brno) 78, 2. P. V\u00e1vra, \u010cerv\u00ed\u010dek (Dukla Praha) 33, 3. R. Vl\u010dek, Kova\u0159\u010d\u00edk (TUFO Pardus Prost\u011bjov) 19.<\/p>\n\n\n\n<p>Kadeti:<\/p>\n\n\n\n<p>1. K. Kr\u00e1l, Poda\u0159il (Dukla Praha) 19, 2. Kar\u00e1sek, V. Kobl\u00ed\u017eek (TUFO Pardus Prost\u011bjov) 15, 3. D. \u0160ilhav\u00fd, O. \u0160ilhav\u00fd (KOVO Praha) 15.<\/p>\n\n\n\n<p>Mlad\u0161\u00ed a star\u0161\u00ed \u017e\u00e1ci:<\/p>\n\n\n\n<p>1. Richter, Mokr\u00fd (TJ Favorit Brno) 21, 2. F. Nov\u00e1k, Pit\u00e1k (TUFO Pardus Prost\u011bjov\/Mapei Meida Ka\u0148kovsk\u00fd) 19, 3. Icha, Frajbi\u0161 (Cykloteam Ostrov)\/Dukla Praha) -11.<\/p>\n\n\n\n<p>\u017d\u00e1kyn\u011b, kadetky a juniorky:<\/p>\n\n\n\n<p>1. V. Jadrn\u00e1, A. Hermanov\u00e1 (Sportcomplex B\u0159eclav) 19, 2. Markov\u00e1, Strakat\u00e1 (Dukla Praha) 18, 3. M\u00fcllerov\u00e1, B. Hermanov\u00e1 (TUFO Pardus Prost\u011bjov\/Sportcomplex B\u0159eclav) 10.<\/p>\n\n\n\n<p>Omnium:<\/p>\n\n\n\n<p>Mu\u017ei a junio\u0159i:<\/p>\n\n\n\n<p>1. K\u0159enek 80, 2. \u010cekal 74, 3. \u010cerv\u00ed\u010dek 74, 4. V\u00e1vra 64, 5. R. Vl\u010dek 64, 6. Kova\u0159\u010d\u00edk 50.<\/p>\n\n\n\n<p>Kadeti:<\/p>\n\n\n\n<p>1. Rich. Kobr (Roman Kreuziger Cycling Academy) 68, 2. Poda\u0159il 68, 3. Peterka (SK Pet\u0159\u00edn Plze\u0148) 64.<\/p>\n\n\n\n<p>Star\u0161\u00ed \u017e\u00e1ci:<\/p>\n\n\n\n<p>1. F. Nov\u00e1k 80, 2. Pit\u00e1k 74, 3. Richter 70.<\/p>\n\n\n\n<p>Mlad\u0161\u00ed \u017e\u00e1ci a mlad\u0161\u00ed \u017e\u00e1kyn\u011b:<\/p>\n\n\n\n<p>1. M. Kr\u00e1l 80, 2. Kani\u0161\u010dev (TUFO Pardus Prost\u011bjov) 76, 3. Bene\u0161ov\u00e1 (Sportcomplex B\u0159eclav) 72, 4. Brad\u00e1\u010d 66, 5. Jaro\u0161ov\u00e1 (Cyklomira Racing) 66.<\/p>\n\n\n\n<p>Kadetky, juniorky a \u017eeny:<\/p>\n\n\n\n<p>1. Hejhalov\u00e1 (Dukla Praha) 80, 2. Strakat\u00e1 66, 3. A. Hermanov\u00e1 66, 4. B. Hermanov\u00e1 62, 5. M\u00fcllerov\u00e1 58, 6. Filipov\u00e1 (KOVO Praha) 58.<\/p>\n","protected":false},"excerpt":{"rendered":"<p>Na brn\u011bnsk\u00e9m ov\u00e1lu pokra\u010doval \u010cesk\u00fd poh\u00e1r ml\u00e1de\u017ee a \u017een dal\u0161\u00edm podnikem, z\u00e1rove\u0148 z\u00e1v\u011bre\u010dn\u00fdm \u010dtvrt\u00fdm d\u00edlem seri\u00e1lu \u010cty\u0159 drah. Na startu tentokr\u00e1t byli i mu\u017ei a nejl\u00e9pe si vedla dvojice Favoritu Brno Josef \u010cekal a Adam K\u0159enek. Spole\u010dn\u011b vyhr\u00e1li madison, K\u0159enek p\u0159idal v\u00edt\u011bzstv\u00ed i v\u00a0omniu a \u010cekal v\u00a0n\u011bm byl druh\u00fd. Omnium \u017een, juniorek a kadetek ovl\u00e1dla [&hellip;]<\/p>\n","protected":false},"author":8,"featured_media":8763,"comment_status":"closed","ping_status":"open","sticky":false,"template":"","format":"standard","meta":{"footnotes":""},"categories":[54,2],"tags":[9],"class_list":["post-8762","post","type-post","status-publish","format-standard","has-post-thumbnail","hentry","category-draha","category-novinky","tag-draha"],"_links":{"self":[{"href":"https:\/\/www.czechcyclingfederation.com\/en\/wp-json\/wp\/v2\/posts\/8762","targetHints":{"allow":["GET"]}}],"collection":[{"href":"https:\/\/www.czechcyclingfederation.com\/en\/wp-json\/wp\/v2\/posts"}],"about":[{"href":"https:\/\/www.czechcyclingfederation.com\/en\/wp-json\/wp\/v2\/types\/post"}],"author":[{"embeddable":true,"href":"https:\/\/www.czechcyclingfederation.com\/en\/wp-json\/wp\/v2\/users\/8"}],"replies":[{"embeddable":true,"href":"https:\/\/www.czechcyclingfederation.com\/en\/wp-json\/wp\/v2\/comments?post=8762"}],"version-history":[{"count":1,"href":"https:\/\/www.czechcyclingfederation.com\/en\/wp-json\/wp\/v2\/posts\/8762\/revisions"}],"predecessor-version":[{"id":8764,"href":"https:\/\/www.czechcyclingfederation.com\/en\/wp-json\/wp\/v2\/posts\/8762\/revisions\/8764"}],"wp:featuredmedia":[{"embeddable":true,"href":"https:\/\/www.czechcyclingfederation.com\/en\/wp-json\/wp\/v2\/media\/8763"}],"wp:attachment":[{"href":"https:\/\/www.czechcyclingfederation.com\/en\/wp-json\/wp\/v2\/media?parent=8762"}],"wp:term":[{"taxonomy":"category","embeddable":true,"href":"https:\/\/www.czechcyclingfederation.com\/en\/wp-json\/wp\/v2\/categories?post=8762"},{"taxonomy":"post_tag","embeddable":true,"href":"https:\/\/www.czechcyclingfederation.com\/en\/wp-json\/wp\/v2\/tags?post=8762"}],"curies":[{"name":"wp","href":"https:\/\/api.w.org\/{rel}","templated":true}]}}