{"id":8737,"date":"2021-08-18T21:26:42","date_gmt":"2021-08-18T19:26:42","guid":{"rendered":"https:\/\/www.czechcyclingfederation.com\/?p=8737"},"modified":"2021-08-18T21:26:44","modified_gmt":"2021-08-18T19:26:44","slug":"babor-ma-bronz-a-junior-koblizek-zlato-z-me","status":"publish","type":"post","link":"https:\/\/www.czechcyclingfederation.com\/en\/babor-ma-bronz-a-junior-koblizek-zlato-z-me\/","title":{"rendered":"Babor m\u00e1 bronz a junior Kobl\u00ed\u017eek zlato z ME"},"content":{"rendered":"\n<p>Dvojn\u00e1sobnou medailovou radost za\u017eila dnes v nizozemsk\u00e9m Apeldoornu \u010desk\u00e1 v\u00fdprava na evropsk\u00e9m dr\u00e1hov\u00e9m \u0161ampion\u00e1tu juniorsk\u00fdch kategori\u00ed a kategori\u00ed U23. Nejprve Daniel Babor vybojoval bronz ve scratchi jezdc\u016f U23 a v z\u00e1p\u011bt\u00ed Maty\u00e1\u0161 Kobl\u00ed\u017eek z\u00edskal dokonce zlato ve vylu\u010dovac\u00edm z\u00e1vodu, kdy\u017e ji\u017e p\u0159edt\u00edm byl \u010dtvrt\u00fd v scratchi.<\/p>\n\n\n\n<p>Ve scartchi Babor potvrdil svoji rychlost, kdy\u017e neta\u010dil pouze na Belgi\u010dana Tuura Dense, zlato z\u00edskal Rodrigo Caixas z Portugalska, kdy\u017e jako jedin\u00fd dok\u00e1zal z\u00edskat kolo n\u00e1skoku.<\/p>\n\n\n\n<p>Kvarteto st\u00edha\u010d\u016f junior\u016f ve slo\u017een\u00ed Maty\u00e1\u0161 Kobl\u00ed\u017eek, Radovan \u0160tec, Pavel Nov\u00e1k a Milan Kadlec skon\u010dilo v kvalifikaci na dev\u00e1t\u00e9m, tedy prvn\u00edm nepostupov\u00e9m m\u00edst\u011b \u010dasem 4:15,667. Mat\u011bj Hytych obsadil sedm\u00e9 m\u00edsto mezi juniory v z\u00e1vodu na 1 km s pevn\u00fdm startem, juniorka Gabriela B\u00e1rtov\u00e1 dojela osm\u00e1 ve scratchi a o p\u0159\u00ed\u010dku v\u00fd\u0161e byla ve vylu\u010dovac\u00edm z\u00e1vodu, Jan Vone\u0161 v kategorii U23 skon\u010dil \u0161est\u00fd ve vylu\u010dovac\u00edm z\u00e1vodu.<\/p>\n\n\n\n<p>V\u00fdsledky:<\/p>\n\n\n\n<p>Junio\u0159i:<\/p>\n\n\n\n<p>1 km s pevn\u00fdm startem:<\/p>\n\n\n\n<p>1. Weinrich (N\u011bm.) 1:02,825, 2. Ledingham 1:03,528, 3. Sharples (oba Brit.) 1:03,794, &#8230;7. Hytych 1:04,628, 15. Vajbar (oba \u010cR) 1:08,065.<\/p>\n\n\n\n<p>St\u00edhac\u00ed z\u00e1vod dru\u017estev:<\/p>\n\n\n\n<p>Fin\u00e1le: Brit\u00e1nie (Charlton, Birrell, Tarling, Giddings) 3:59,392 &#8211; Francie 4:04,400, 3. Rsko 4:01,815, &#8230;9. \u010cR (M. Kobl\u00ed\u017eek, \u0160tec, Nov\u00e1k, Kadlec) 4:15,667.<\/p>\n\n\n\n<p>T\u00fdmov\u00fd sprint:<\/p>\n\n\n\n<p>Fin\u00e1le: Brit\u00e1nie (Lowe, Huiley, Ledingham) 44,737 &#8211; N\u011bmecko 45,382, 3. Polsko 45,497.<\/p>\n\n\n\n<p>Scratch:<\/p>\n\n\n\n<p>1. Mathiesen (D\u00e1n.), 2. Ursella (It.), 3. Lewandowski (Pol.), 4. M. Kobl\u00ed\u017eek (\u010cR).<\/p>\n\n\n\n<p>Vylu\u010dovac\u00ed z\u00e1vod:<\/p>\n\n\n\n<p>1. M. Kobl\u00ed\u017eek (\u010cR), 2. Dol\u017eikov (Rus.), 3. Ratajczyk (Pol.).<\/p>\n\n\n\n<p>Juniorky:<\/p>\n\n\n\n<p>Scratch:<\/p>\n\n\n\n<p>1. Bailicov\u00e1 (It.), 2. Vanhoveov\u00e1 (Belg.), 3. Trackaov\u00e1 (Pol.), &#8230;8. B\u00e1rtov\u00e1 (\u010cR).<\/p>\n\n\n\n<p>T\u00fdmov\u00fd sprint:<\/p>\n\n\n\n<p>Fin\u00e1le: Rusko (Bogomolov\u00e1, Kre\u010dkinov\u00e1, Lysenkov\u00e1) 49,517 &#8211; Brit\u00e1nie 49,708, 3. N\u011bmecko 51,235.<\/p>\n\n\n\n<p>St\u00edhac\u00ed z\u00e1vod dru\u017estev:<\/p>\n\n\n\n<p>Fin\u00e1le: Brit\u00e1nie (Listerov\u00e1, Leechov\u00e1, Couzensov\u00e1, Bakstedtov\u00e1) 4:21,417 &#8211; Rusko 4:25,192, 3. N\u011bmecko 4:30,666.<\/p>\n\n\n\n<p>Vylu\u010dovac\u00ed z\u00e1vod:<\/p>\n\n\n\n<p>1. Mojsejevov\u00e1 (Rus.), 2. Fiorinov\u00e1 (It.), 3. Eberleov\u00e1 (N\u011bm.), &#8230;7. B\u00e1rtov\u00e1.<\/p>\n\n\n\n<p>Mu\u017ei U23:<\/p>\n\n\n\n<p>Vylu\u010dovac\u00ed z\u00e1vod:<\/p>\n\n\n\n<p>1. Zijlaard (Niz.), 2. Teutenberg (N\u011bm.), 3. Tidball (Brit.), &#8230;6. Jan Vone\u0161 (\u010cR).<\/p>\n\n\n\n<p>St\u00edhac\u00ed z\u00e1vod:<\/p>\n\n\n\n<p>Fin\u00e1le: Buck Grancko 4:19,318 &#8211; Heinrich (oba N\u011bm.) 4:27,078, 3. Moro (It.)&nbsp; 4:18,945.<\/p>\n\n\n\n<p>Scratch:<\/p>\n\n\n\n<p>1. Caixas (Ort.), 2. Dens (Belg.), 3. Babor (\u010cR).<\/p>\n\n\n\n<p>T\u00fdmov\u00fd sprint:<\/p>\n\n\n\n<p>Fin\u00e1le: (Brit\u00e1nie (Fielding, Turnbull, Norris) 43,962 &#8211; N\u011bmecko 44,522, 3, Rusko 44,256.<\/p>\n\n\n\n<p>\u017deny U23:<\/p>\n\n\n\n<p>Vylu\u010dovac\u00ed z\u00e1vod:<\/p>\n\n\n\n<p>1. Consoniov\u00e1 (It.),&nbsp; 2. Martinsov\u00e1 (Port.), 3. van der Duinov\u00e1 (NIz.), &#8230;16. Burlov\u00e1 (\u010cR).<\/p>\n\n\n\n<p>St\u00edhac\u00ed z\u00e1vod:<\/p>\n\n\n\n<p>Fin\u00e1le: Zanardiov\u00e1 (It.) 3:33,359 &#8211; Gillespieov\u00e1 (Ir.) 3:36,804, 3. Smithov\u00e1 (Brit.) 3:37,490.<\/p>\n\n\n\n<p>T\u00fdmov\u00fd sprint:<\/p>\n\n\n\n<p>Fin\u00e1le: Rusko (Andrejevov\u00e1, Gri\u0161inov\u00e1, Ty\u0161\u010denkov\u00e1) 48,313 &#8211; Brit\u00e1nie 48,590, 3. Polsko 49,251.<\/p>\n\n\n\n<p>FOTO Luk\u00e1\u0161 Thun<\/p>\n\n\n\n<figure class=\"wp-block-image size-large\"><img loading=\"lazy\" decoding=\"async\" width=\"1024\" height=\"768\" src=\"https:\/\/www.czechcyclingfederation.com\/wp-content\/uploads\/2021\/08\/Koblizek-M.-IMG-20210818-WA0009.jpg\" alt=\"\" class=\"wp-image-8739\" srcset=\"https:\/\/www.czechcyclingfederation.com\/wp-content\/uploads\/2021\/08\/Koblizek-M.-IMG-20210818-WA0009.jpg 1024w, https:\/\/www.czechcyclingfederation.com\/wp-content\/uploads\/2021\/08\/Koblizek-M.-IMG-20210818-WA0009-267x200.jpg 267w, https:\/\/www.czechcyclingfederation.com\/wp-content\/uploads\/2021\/08\/Koblizek-M.-IMG-20210818-WA0009-768x576.jpg 768w\" sizes=\"auto, (max-width: 1024px) 100vw, 1024px\" \/><\/figure>\n\n\n\n<figure class=\"wp-block-image size-large\"><img loading=\"lazy\" decoding=\"async\" width=\"766\" height=\"1024\" src=\"https:\/\/www.czechcyclingfederation.com\/wp-content\/uploads\/2021\/08\/Koblizek-M.-IMG-20210818-WA0015.jpg\" alt=\"\" class=\"wp-image-8740\" srcset=\"https:\/\/www.czechcyclingfederation.com\/wp-content\/uploads\/2021\/08\/Koblizek-M.-IMG-20210818-WA0015.jpg 766w, https:\/\/www.czechcyclingfederation.com\/wp-content\/uploads\/2021\/08\/Koblizek-M.-IMG-20210818-WA0015-150x200.jpg 150w\" sizes=\"auto, (max-width: 766px) 100vw, 766px\" \/><\/figure>\n\n\n\n<figure class=\"wp-block-image size-large\"><img loading=\"lazy\" decoding=\"async\" width=\"975\" height=\"520\" src=\"https:\/\/www.czechcyclingfederation.com\/wp-content\/uploads\/2021\/08\/IMG-20210818-WA0003.jpg\" alt=\"\" class=\"wp-image-8741\" srcset=\"https:\/\/www.czechcyclingfederation.com\/wp-content\/uploads\/2021\/08\/IMG-20210818-WA0003.jpg 975w, https:\/\/www.czechcyclingfederation.com\/wp-content\/uploads\/2021\/08\/IMG-20210818-WA0003-300x160.jpg 300w, https:\/\/www.czechcyclingfederation.com\/wp-content\/uploads\/2021\/08\/IMG-20210818-WA0003-768x410.jpg 768w\" sizes=\"auto, (max-width: 975px) 100vw, 975px\" \/><\/figure>\n\n\n\n<figure class=\"wp-block-image size-large\"><img loading=\"lazy\" decoding=\"async\" width=\"1024\" height=\"766\" src=\"https:\/\/www.czechcyclingfederation.com\/wp-content\/uploads\/2021\/08\/Babor-IMG-20210818-WA0006-1024x766.jpg\" alt=\"\" class=\"wp-image-8742\" srcset=\"https:\/\/www.czechcyclingfederation.com\/wp-content\/uploads\/2021\/08\/Babor-IMG-20210818-WA0006-1024x766.jpg 1024w, https:\/\/www.czechcyclingfederation.com\/wp-content\/uploads\/2021\/08\/Babor-IMG-20210818-WA0006-267x200.jpg 267w, https:\/\/www.czechcyclingfederation.com\/wp-content\/uploads\/2021\/08\/Babor-IMG-20210818-WA0006-768x575.jpg 768w, https:\/\/www.czechcyclingfederation.com\/wp-content\/uploads\/2021\/08\/Babor-IMG-20210818-WA0006-1536x1149.jpg 1536w, https:\/\/www.czechcyclingfederation.com\/wp-content\/uploads\/2021\/08\/Babor-IMG-20210818-WA0006-1320x987.jpg 1320w, https:\/\/www.czechcyclingfederation.com\/wp-content\/uploads\/2021\/08\/Babor-IMG-20210818-WA0006.jpg 2048w\" sizes=\"auto, (max-width: 1024px) 100vw, 1024px\" \/><\/figure>\n\n\n\n<figure class=\"wp-block-image size-large is-resized\"><img loading=\"lazy\" decoding=\"async\" src=\"https:\/\/www.czechcyclingfederation.com\/wp-content\/uploads\/2021\/08\/IMG-20210818-WA0003-1.jpg\" alt=\"\" class=\"wp-image-8743\" width=\"854\" height=\"455\" srcset=\"https:\/\/www.czechcyclingfederation.com\/wp-content\/uploads\/2021\/08\/IMG-20210818-WA0003-1.jpg 975w, https:\/\/www.czechcyclingfederation.com\/wp-content\/uploads\/2021\/08\/IMG-20210818-WA0003-1-300x160.jpg 300w, https:\/\/www.czechcyclingfederation.com\/wp-content\/uploads\/2021\/08\/IMG-20210818-WA0003-1-768x410.jpg 768w\" sizes=\"auto, (max-width: 854px) 100vw, 854px\" \/><\/figure>\n\n\n\n<figure class=\"wp-block-image size-large\"><img loading=\"lazy\" decoding=\"async\" width=\"768\" height=\"1024\" src=\"https:\/\/www.czechcyclingfederation.com\/wp-content\/uploads\/2021\/08\/Burlova-IMG-20210818-WA0001.jpg\" alt=\"\" class=\"wp-image-8744\" srcset=\"https:\/\/www.czechcyclingfederation.com\/wp-content\/uploads\/2021\/08\/Burlova-IMG-20210818-WA0001.jpg 768w, https:\/\/www.czechcyclingfederation.com\/wp-content\/uploads\/2021\/08\/Burlova-IMG-20210818-WA0001-150x200.jpg 150w\" sizes=\"auto, (max-width: 768px) 100vw, 768px\" \/><\/figure>\n","protected":false},"excerpt":{"rendered":"<p>Dvojn\u00e1sobnou medailovou radost za\u017eila dnes v nizozemsk\u00e9m Apeldoornu \u010desk\u00e1 v\u00fdprava na evropsk\u00e9m dr\u00e1hov\u00e9m \u0161ampion\u00e1tu juniorsk\u00fdch kategori\u00ed a kategori\u00ed U23. Nejprve Daniel Babor vybojoval bronz ve scratchi jezdc\u016f U23 a v z\u00e1p\u011bt\u00ed Maty\u00e1\u0161 Kobl\u00ed\u017eek z\u00edskal dokonce zlato ve vylu\u010dovac\u00edm z\u00e1vodu, kdy\u017e ji\u017e p\u0159edt\u00edm byl \u010dtvrt\u00fd v scratchi. Ve scartchi Babor potvrdil svoji rychlost, kdy\u017e neta\u010dil pouze [&hellip;]<\/p>\n","protected":false},"author":8,"featured_media":8738,"comment_status":"closed","ping_status":"open","sticky":false,"template":"","format":"standard","meta":{"footnotes":""},"categories":[54,2,103],"tags":[9],"class_list":["post-8737","post","type-post","status-publish","format-standard","has-post-thumbnail","hentry","category-draha","category-novinky","category-reprezentace","tag-draha"],"_links":{"self":[{"href":"https:\/\/www.czechcyclingfederation.com\/en\/wp-json\/wp\/v2\/posts\/8737","targetHints":{"allow":["GET"]}}],"collection":[{"href":"https:\/\/www.czechcyclingfederation.com\/en\/wp-json\/wp\/v2\/posts"}],"about":[{"href":"https:\/\/www.czechcyclingfederation.com\/en\/wp-json\/wp\/v2\/types\/post"}],"author":[{"embeddable":true,"href":"https:\/\/www.czechcyclingfederation.com\/en\/wp-json\/wp\/v2\/users\/8"}],"replies":[{"embeddable":true,"href":"https:\/\/www.czechcyclingfederation.com\/en\/wp-json\/wp\/v2\/comments?post=8737"}],"version-history":[{"count":1,"href":"https:\/\/www.czechcyclingfederation.com\/en\/wp-json\/wp\/v2\/posts\/8737\/revisions"}],"predecessor-version":[{"id":8745,"href":"https:\/\/www.czechcyclingfederation.com\/en\/wp-json\/wp\/v2\/posts\/8737\/revisions\/8745"}],"wp:featuredmedia":[{"embeddable":true,"href":"https:\/\/www.czechcyclingfederation.com\/en\/wp-json\/wp\/v2\/media\/8738"}],"wp:attachment":[{"href":"https:\/\/www.czechcyclingfederation.com\/en\/wp-json\/wp\/v2\/media?parent=8737"}],"wp:term":[{"taxonomy":"category","embeddable":true,"href":"https:\/\/www.czechcyclingfederation.com\/en\/wp-json\/wp\/v2\/categories?post=8737"},{"taxonomy":"post_tag","embeddable":true,"href":"https:\/\/www.czechcyclingfederation.com\/en\/wp-json\/wp\/v2\/tags?post=8737"}],"curies":[{"name":"wp","href":"https:\/\/api.w.org\/{rel}","templated":true}]}}