{"id":8733,"date":"2021-08-18T20:59:16","date_gmt":"2021-08-18T18:59:16","guid":{"rendered":"https:\/\/www.czechcyclingfederation.com\/?p=8733"},"modified":"2021-08-18T20:59:18","modified_gmt":"2021-08-18T18:59:18","slug":"turne-ctyr-drah-v-prostejove","status":"publish","type":"post","link":"https:\/\/www.czechcyclingfederation.com\/en\/turne-ctyr-drah-v-prostejove\/","title":{"rendered":"Turn\u00e9 \u010dty\u0159 drah v Prost\u011bjov\u011b"},"content":{"rendered":"\n<p>\u010cesk\u00fd poh\u00e1r ml\u00e1de\u017ee a \u017een v\u00a0dr\u00e1hov\u00e9 cyklistice pokra\u010doval dnes omniem t\u0159et\u00edm z\u00e1vodem seri\u00e1lu Turn\u00e9 \u010dty\u0159 drah. Mezi juniory kralovali jezdci TJ Favorit Brno. Zv\u00edt\u011bzil \u0160t\u011bp\u00e1n \u0160irok\u00fd se 157 p\u0159ed Radkem Vl\u010dkem (TUFO Pardus Prost\u011bjov) 147 a t\u0159et\u00ed byl dal\u0161\u00ed brn\u011bnsk\u00fd z\u00e1vodn\u00edk Martin \u010cepek se 136 body.<\/p>\n\n\n\n<p>Ve spole\u010dn\u00e9m z\u00e1vod\u011b \u017een, juniorek a kadetek byla nejlep\u0161\u00ed juniorky Dagmar Hejhalov\u00e1 se 138 body p\u0159ed kadetkou Ad\u00e9lou Markovou (ob\u011b Dukla Praha) a t\u0159et\u00ed byla dal\u0161\u00ed kadetka Veronika Jadrn\u00e1 (Sportcomplex B\u0159eclav).<\/p>\n\n\n\n<p>&nbsp;V\u00fdsledky:<\/p>\n\n\n\n<p>Omnium:<\/p>\n\n\n\n<p>Mlad\u0161\u00ed \u017e\u00e1ci:<\/p>\n\n\n\n<p>1. M. Kr\u00e1l (Dukla Praha) 135, 2. Kani\u0161\u010dev (TUFO Pardus Prost\u011bjov) 122, 3. Brad\u00e1\u010d (Dukla Praha) 115.<\/p>\n\n\n\n<p>Mlad\u0161\u00ed \u017e\u00e1kyn\u011b:<\/p>\n\n\n\n<p>1. Bene\u0161ov\u00e1 (Sportcomplex B\u0159eclav) 112, 2. Jaro\u0161ov\u00e1 (Cyklomira Racing) 101.<\/p>\n\n\n\n<p>Star\u0161\u00ed \u017e\u00e1ci:<\/p>\n\n\n\n<p>1. Pit\u00e1k (Mapei Merida Ka\u0148kovsk\u00fd) 133, 2.Frajbi\u0161 (Dukla Praha) 120, 3. Nov\u00e1k (TUFO Pardus Prost\u011bjov) 119.<\/p>\n\n\n\n<p>Kadetky, juniorky a \u017eeny:<\/p>\n\n\n\n<p>1. Hejhalov\u00e1 138, 2. Markov\u00e1 (ob\u011b Dukla Praha) 127, 3. V. Jadrn\u00e1 (Sportcomplex B\u0159eclav) 111.<\/p>\n\n\n\n<p>Kadeti:<\/p>\n\n\n\n<p>1. Bittman (KOVO Prha) 126, 2. Rich. Kobr 120, 3. Rob. KOBR (oba Roman Kreuziger Cycling Academy) 112.<\/p>\n\n\n\n<p>Junio\u0159i:<\/p>\n\n\n\n<p>1. \u0160irok\u00fd (TJ Favorit Brno) 157, 2. Vl\u010dek (TUFO Pardus Prost\u011bjov) 147, 3. \u010cepek 136, 4. Vyso\u010dan 121, 5. \u010cekal (v\u0161ichni TJ Favorit Brno) 119, 6. V\u00e1vra (Dukla Praha) 112.<\/p>\n\n\n\n<p>FOTO Michal Mr\u00e1\u010dek<\/p>\n\n\n\n<figure class=\"wp-block-image size-large\"><img loading=\"lazy\" decoding=\"async\" width=\"768\" height=\"1024\" src=\"https:\/\/www.czechcyclingfederation.com\/wp-content\/uploads\/2021\/08\/IMG-20210818-WA0007.jpg\" alt=\"\" class=\"wp-image-8735\" srcset=\"https:\/\/www.czechcyclingfederation.com\/wp-content\/uploads\/2021\/08\/IMG-20210818-WA0007.jpg 768w, https:\/\/www.czechcyclingfederation.com\/wp-content\/uploads\/2021\/08\/IMG-20210818-WA0007-150x200.jpg 150w\" sizes=\"auto, (max-width: 768px) 100vw, 768px\" \/><\/figure>\n","protected":false},"excerpt":{"rendered":"<p>\u010cesk\u00fd poh\u00e1r ml\u00e1de\u017ee a \u017een v\u00a0dr\u00e1hov\u00e9 cyklistice pokra\u010doval dnes omniem t\u0159et\u00edm z\u00e1vodem seri\u00e1lu Turn\u00e9 \u010dty\u0159 drah. Mezi juniory kralovali jezdci TJ Favorit Brno. Zv\u00edt\u011bzil \u0160t\u011bp\u00e1n \u0160irok\u00fd se 157 p\u0159ed Radkem Vl\u010dkem (TUFO Pardus Prost\u011bjov) 147 a t\u0159et\u00ed byl dal\u0161\u00ed brn\u011bnsk\u00fd z\u00e1vodn\u00edk Martin \u010cepek se 136 body. Ve spole\u010dn\u00e9m z\u00e1vod\u011b \u017een, juniorek a kadetek byla nejlep\u0161\u00ed [&hellip;]<\/p>\n","protected":false},"author":8,"featured_media":8734,"comment_status":"closed","ping_status":"open","sticky":false,"template":"","format":"standard","meta":{"footnotes":""},"categories":[54,2],"tags":[9],"class_list":["post-8733","post","type-post","status-publish","format-standard","has-post-thumbnail","hentry","category-draha","category-novinky","tag-draha"],"_links":{"self":[{"href":"https:\/\/www.czechcyclingfederation.com\/en\/wp-json\/wp\/v2\/posts\/8733","targetHints":{"allow":["GET"]}}],"collection":[{"href":"https:\/\/www.czechcyclingfederation.com\/en\/wp-json\/wp\/v2\/posts"}],"about":[{"href":"https:\/\/www.czechcyclingfederation.com\/en\/wp-json\/wp\/v2\/types\/post"}],"author":[{"embeddable":true,"href":"https:\/\/www.czechcyclingfederation.com\/en\/wp-json\/wp\/v2\/users\/8"}],"replies":[{"embeddable":true,"href":"https:\/\/www.czechcyclingfederation.com\/en\/wp-json\/wp\/v2\/comments?post=8733"}],"version-history":[{"count":1,"href":"https:\/\/www.czechcyclingfederation.com\/en\/wp-json\/wp\/v2\/posts\/8733\/revisions"}],"predecessor-version":[{"id":8736,"href":"https:\/\/www.czechcyclingfederation.com\/en\/wp-json\/wp\/v2\/posts\/8733\/revisions\/8736"}],"wp:featuredmedia":[{"embeddable":true,"href":"https:\/\/www.czechcyclingfederation.com\/en\/wp-json\/wp\/v2\/media\/8734"}],"wp:attachment":[{"href":"https:\/\/www.czechcyclingfederation.com\/en\/wp-json\/wp\/v2\/media?parent=8733"}],"wp:term":[{"taxonomy":"category","embeddable":true,"href":"https:\/\/www.czechcyclingfederation.com\/en\/wp-json\/wp\/v2\/categories?post=8733"},{"taxonomy":"post_tag","embeddable":true,"href":"https:\/\/www.czechcyclingfederation.com\/en\/wp-json\/wp\/v2\/tags?post=8733"}],"curies":[{"name":"wp","href":"https:\/\/api.w.org\/{rel}","templated":true}]}}