{"id":8704,"date":"2021-08-17T10:20:52","date_gmt":"2021-08-17T08:20:52","guid":{"rendered":"https:\/\/www.czechcyclingfederation.com\/?p=8704"},"modified":"2021-08-17T10:20:54","modified_gmt":"2021-08-17T08:20:54","slug":"ctyri-dny-mezinarodnich-drahovych-zavodu-v-prostejove","status":"publish","type":"post","link":"https:\/\/www.czechcyclingfederation.com\/en\/ctyri-dny-mezinarodnich-drahovych-zavodu-v-prostejove\/","title":{"rendered":"\u010cty\u0159i dny mezin\u00e1rodn\u00edch dr\u00e1hov\u00fdch z\u00e1vod\u016f v Prost\u011bjov\u011b"},"content":{"rendered":"\n<p>\u010cty\u0159i dny souboj\u016f z\u00e1vodn\u00edk\u016f ze 13 zem\u00ed sv\u011bta v Prost\u011bjov\u011b se bl\u00ed\u017e\u00ed. U\u017e v \u00fater\u00fd 24. srpna odstartuje dvoudenn\u00ed mezin\u00e1rodn\u00ed dr\u00e1hov\u00fd m\u00edtink GP Olomouck\u00e9ho kraje, na kter\u00fd pak od p\u00e1tku nav\u00e1\u017ee 22. ro\u010dn\u00edkem tradi\u010dn\u00ed GP Prost\u011bjov \u2013 Memori\u00e1l Otmara Male\u010dka.<\/p>\n\n\n\n<p>Prost\u011bjovsk\u00fd velodrom, bude op\u011bt po roce hostit tradi\u010dn\u00ed mezin\u00e1rodn\u00ed z\u00e1vody v dr\u00e1hov\u00e9 cyklistice. Oba m\u00edtinky jsou zapsan\u00e9 v mezin\u00e1rodn\u00edm kalend\u00e1\u0159i UCI a z\u00e1vodn\u00edci si tak budou moci p\u0159ipsat body do sv\u011btov\u00e9ho \u017eeb\u0159\u00ed\u010dku, kter\u00fd je ur\u010duj\u00edc\u00ed pro mo\u017enost startu ve Sv\u011btov\u00fdch poh\u00e1rech a tak\u00e9 na mistrovstv\u00ed sv\u011bta.<\/p>\n\n\n\n<p>Prvn\u00edm z\u00e1vodem bude GP Olomouck\u00e9ho kraje a v programu jsou jak sprintersk\u00e9, tak vytrvalostn\u00ed discipl\u00edny. Program GP Olomouck\u00e9ho kraje bude zah\u00e1jen v \u00fater\u00fd ve 12:00 o den pozd\u011bji program vyvrchol\u00ed madisonem elitn\u00ed kategorie mu\u017e\u016f.<\/p>\n\n\n\n<p>GP Prost\u011bjov \u2013 Memori\u00e1l Otmara Male\u010dka odstartuje v p\u00e1tek v poledne a tradi\u010dn\u011b ho uzav\u0159e madison, kter\u00fd je vzpom\u00ednkou na Otmara Male\u010dka. Pr\u00e1v\u011b z\u00e1vod dvojic byl jeho nejmilovan\u011bj\u0161\u00ed discipl\u00ednou a ka\u017edoro\u010dn\u011b takto prost\u011bjovsk\u00fd velodrom skl\u00e1d\u00e1 poctu tomuto skv\u011bl\u00e9mu m\u00edstn\u00edmu sportovci.<\/p>\n\n\n\n<p>Zejm\u00e9na startovn\u00ed listina vytrvalostn\u00edch discipl\u00edn je slu\u0161n\u011b na\u0161lapan\u00e1. Mimo dom\u00e1c\u00edch matador\u016f polsk\u00e9ho jezdce Wojciecha Pszczolarsk\u00e9ho a Daniela Babora, p\u0159ijedou sv\u00e1 v\u00edt\u011bzstv\u00ed z lo\u0148sk\u00e9ho roku obhajovat Nizozemci Philip Heijnen a Vincent Hoppezak. Do boj\u016f o nevy\u0161\u0161\u00ed p\u0159\u00ed\u010dky bude cht\u00edt ur\u010dit\u011b tak\u00e9 promluvit \u010dtve\u0159ice mlad\u00edk\u016f z reprezentace D\u00e1nska. Zaj\u00edmavou postavou je nepochybn\u011b tak\u00e9 rumunsk\u00fd z\u00e1vodn\u00edk Daniel Crista, kter\u00fd na posledn\u00edm mistrovstv\u00ed Evropy vybojoval fantastick\u00fdm v\u00fdkonem bronzovou medaili v bodovac\u00edm z\u00e1vod\u011b.<\/p>\n\n\n\n<p>Tradic\u00ed je tak\u00e9 skute\u010dnost, \u017ee d\u00edky spolupr\u00e1ci s Kate\u0159inou Male\u010dkovou, dcerou Otmara Male\u010dka, bude v\u00fdt\u011b\u017eek z dobrovoln\u00e9ho vstupn\u00e9ho a tomboly v\u011bnov\u00e1n Onkologick\u00e9mu odd\u011blen\u00ed FN Olomouc.<\/p>\n\n\n\n<p>\u201eV leto\u0161n\u00edm roce poznamenan\u00e9m covidovou pandemi\u00ed, kdy se velk\u00e1 \u010d\u00e1st nejen dr\u00e1hov\u00fdch, ale tak\u00e9 silni\u010dn\u00edch z\u00e1vod\u016f st\u011bhovala term\u00ednov\u011b do druh\u00e9 poloviny roku, se startovn\u00ed listina skl\u00e1d\u00e1 p\u0159eci jen h\u016f\u0159e. Samoz\u0159ejm\u011b, velkou roli hraje tak\u00e9 ned\u00e1vno skon\u010den\u00e1 olympi\u00e1da. Spousta z\u00e1vodn\u00edk\u016f a t\u00fdm\u016f si po olympijsk\u00fdch hr\u00e1ch bere zaslou\u017een\u00e9 volno a od z\u00e1vod\u016f si d\u00e1vaj\u00ed oddech. P\u0159esto v\u011b\u0159\u00edm, \u017ee se bude na co d\u00edvat a tak si ze v\u0161eho nejv\u00edce p\u0159eji hezk\u00e9 po\u010das\u00ed bez de\u0161t\u011b,\u201c \u0159ekl \u0159editel z\u00e1vod\u016f Michal Mr\u00e1\u010dek.<\/p>\n\n\n\n<figure class=\"wp-block-image size-large\"><img loading=\"lazy\" decoding=\"async\" width=\"723\" height=\"1024\" src=\"https:\/\/www.czechcyclingfederation.com\/wp-content\/uploads\/2021\/08\/poster-1-723x1024.jpg\" alt=\"\" class=\"wp-image-8706\" srcset=\"https:\/\/www.czechcyclingfederation.com\/wp-content\/uploads\/2021\/08\/poster-1-723x1024.jpg 723w, https:\/\/www.czechcyclingfederation.com\/wp-content\/uploads\/2021\/08\/poster-1-141x200.jpg 141w, https:\/\/www.czechcyclingfederation.com\/wp-content\/uploads\/2021\/08\/poster-1-768x1087.jpg 768w, https:\/\/www.czechcyclingfederation.com\/wp-content\/uploads\/2021\/08\/poster-1-1085x1536.jpg 1085w, https:\/\/www.czechcyclingfederation.com\/wp-content\/uploads\/2021\/08\/poster-1-1447x2048.jpg 1447w, https:\/\/www.czechcyclingfederation.com\/wp-content\/uploads\/2021\/08\/poster-1-1320x1869.jpg 1320w, https:\/\/www.czechcyclingfederation.com\/wp-content\/uploads\/2021\/08\/poster-1.jpg 1684w\" sizes=\"auto, (max-width: 723px) 100vw, 723px\" \/><\/figure>\n\n\n\n<p><\/p>\n","protected":false},"excerpt":{"rendered":"<p>\u010cty\u0159i dny souboj\u016f z\u00e1vodn\u00edk\u016f ze 13 zem\u00ed sv\u011bta v Prost\u011bjov\u011b se bl\u00ed\u017e\u00ed. U\u017e v \u00fater\u00fd 24. srpna odstartuje dvoudenn\u00ed mezin\u00e1rodn\u00ed dr\u00e1hov\u00fd m\u00edtink GP Olomouck\u00e9ho kraje, na kter\u00fd pak od p\u00e1tku nav\u00e1\u017ee 22. ro\u010dn\u00edkem tradi\u010dn\u00ed GP Prost\u011bjov \u2013 Memori\u00e1l Otmara Male\u010dka. Prost\u011bjovsk\u00fd velodrom, bude op\u011bt po roce hostit tradi\u010dn\u00ed mezin\u00e1rodn\u00ed z\u00e1vody v dr\u00e1hov\u00e9 cyklistice. Oba m\u00edtinky [&hellip;]<\/p>\n","protected":false},"author":8,"featured_media":8705,"comment_status":"closed","ping_status":"open","sticky":false,"template":"","format":"standard","meta":{"footnotes":""},"categories":[54,2],"tags":[9],"class_list":["post-8704","post","type-post","status-publish","format-standard","has-post-thumbnail","hentry","category-draha","category-novinky","tag-draha"],"_links":{"self":[{"href":"https:\/\/www.czechcyclingfederation.com\/en\/wp-json\/wp\/v2\/posts\/8704","targetHints":{"allow":["GET"]}}],"collection":[{"href":"https:\/\/www.czechcyclingfederation.com\/en\/wp-json\/wp\/v2\/posts"}],"about":[{"href":"https:\/\/www.czechcyclingfederation.com\/en\/wp-json\/wp\/v2\/types\/post"}],"author":[{"embeddable":true,"href":"https:\/\/www.czechcyclingfederation.com\/en\/wp-json\/wp\/v2\/users\/8"}],"replies":[{"embeddable":true,"href":"https:\/\/www.czechcyclingfederation.com\/en\/wp-json\/wp\/v2\/comments?post=8704"}],"version-history":[{"count":1,"href":"https:\/\/www.czechcyclingfederation.com\/en\/wp-json\/wp\/v2\/posts\/8704\/revisions"}],"predecessor-version":[{"id":8707,"href":"https:\/\/www.czechcyclingfederation.com\/en\/wp-json\/wp\/v2\/posts\/8704\/revisions\/8707"}],"wp:featuredmedia":[{"embeddable":true,"href":"https:\/\/www.czechcyclingfederation.com\/en\/wp-json\/wp\/v2\/media\/8705"}],"wp:attachment":[{"href":"https:\/\/www.czechcyclingfederation.com\/en\/wp-json\/wp\/v2\/media?parent=8704"}],"wp:term":[{"taxonomy":"category","embeddable":true,"href":"https:\/\/www.czechcyclingfederation.com\/en\/wp-json\/wp\/v2\/categories?post=8704"},{"taxonomy":"post_tag","embeddable":true,"href":"https:\/\/www.czechcyclingfederation.com\/en\/wp-json\/wp\/v2\/tags?post=8704"}],"curies":[{"name":"wp","href":"https:\/\/api.w.org\/{rel}","templated":true}]}}